{"id":44024,"date":"2021-10-28T07:52:31","date_gmt":"2021-10-28T12:52:31","guid":{"rendered":"https:\/\/elreporterohgo.com\/noticias\/?p=44024"},"modified":"2021-10-28T07:52:32","modified_gmt":"2021-10-28T12:52:32","slug":"vacio-de-poder-e-ingobernabilidad-en-el-municipio","status":"publish","type":"post","link":"https:\/\/elreporterohgo.com\/noticias\/2021\/10\/28\/vacio-de-poder-e-ingobernabilidad-en-el-municipio\/","title":{"rendered":"Vac\u00edo de poder e ingobernabilidad en el municipio"},"content":{"rendered":"\n<figure class=\"wp-block-image\"><img fetchpriority=\"high\" decoding=\"async\" width=\"1024\" height=\"643\" src=\"https::\/\/elreporterohgo.com\/noticias\/wp-content\/uploads\/2021\/10\/00calles-apan-1-2-1024x643.jpg\" alt=\"\" class=\"wp-image-44025\" srcset=\"https:\/\/elreporterohgo.com\/noticias\/wp-content\/uploads\/2021\/10\/00calles-apan-1-2-1024x643.jpg 1024w, https:\/\/elreporterohgo.com\/noticias\/wp-content\/uploads\/2021\/10\/00calles-apan-1-2-300x188.jpg 300w, https:\/\/elreporterohgo.com\/noticias\/wp-content\/uploads\/2021\/10\/00calles-apan-1-2-768x482.jpg 768w, https:\/\/elreporterohgo.com\/noticias\/wp-content\/uploads\/2021\/10\/00calles-apan-1-2.jpg 1635w\" sizes=\"(max-width: 1024px) 100vw, 1024px\" \/><\/figure>\n\n\n\n<p>Impune cierre\nde calle en Apan<\/p>\n\n\n\n<p>Por Juan\nSabino Cruz<\/p>\n\n\n\n<p>APAN, Hgo.- Calles\ny carreteras en p\u00e9simas condiciones, inseguridad, falta de fuentes de empleo,\nimpune cierre de arterias de acceso al pante\u00f3n municipal son algunas de las\ntantas deficiencias e irregularidades que se viven en este municipio del altiplano\nhidalguense.<\/p>\n\n\n\n<p>Vecinos\ninconformes explicaron a EL REPORTERO que desde hace muchos a\u00f1os existe una\ncalle, sin nombre, debidamente pavimentada entre la avenida Ju\u00e1rez y conjunto\nhabitacional El ciervo, casi junto a las v\u00edas del ferrocarril.<\/p>\n\n\n\n<p>Explican que\nesta calle que entronca con Ocampo y Mimiahuapan conduce al pante\u00f3n municipal, hist\u00f3ricamente\nes muy utilizada por personas que cruzaban en coche para llegar al camposanto\nde Reforma.<\/p>\n\n\n\n<p>Refieren que\npor la ineficiente seguridad fueron robadas las rejillas met\u00e1licas de lo que\nparece ser un desag\u00fce de aguas pluviales.<\/p>\n\n\n\n<p>Fue as\u00ed como\npersonas desconocidas bloquearon la arteria con dos grandes barreras de pesado\nconcreto de las que se utilizan para dividir carriles en las carreteras\nfederales. Sin saber de d\u00f3nde sacaron esas vallas.<\/p>\n\n\n\n<p>Ante la incompetencia\nde las autoridades municipales de Apan, fue cerrada la referida v\u00eda de\ncomunicaci\u00f3n.<\/p>\n\n\n\n<p>Los inconformes ya avisaron a los regidores, sin embargo, nada hicieron, como tampoco ha actuado la alcaldesa Guadalupe Mu\u00f1oz y su deficiente equipo de colaboradores.<\/p>\n\n\n\n<figure class=\"wp-block-image\"><img decoding=\"async\" width=\"527\" height=\"353\" src=\"https::\/\/elreporterohgo.com\/noticias\/wp-content\/uploads\/2021\/10\/11053101_869564413105074_6339374449022686982_n-2.jpg\" alt=\"\" class=\"wp-image-44027\" srcset=\"https:\/\/elreporterohgo.com\/noticias\/wp-content\/uploads\/2021\/10\/11053101_869564413105074_6339374449022686982_n-2.jpg 527w, https:\/\/elreporterohgo.com\/noticias\/wp-content\/uploads\/2021\/10\/11053101_869564413105074_6339374449022686982_n-2-300x201.jpg 300w\" sizes=\"(max-width: 527px) 100vw, 527px\" \/><\/figure>\n\n\n\n<p>LAS\nCARRETERAS<\/p>\n\n\n\n<p>Filiberto\nMellado y otros vecinos de Apan tambi\u00e9n se comunic\u00f3 a la redacci\u00f3n de EL\nREPORTERO para informar que es un aut\u00e9ntico martirio transitar por las\ncarreteras estatales Apan-Calpulalpan, Apan-La uni\u00f3n y Apan-L\u00e1zaro C\u00e1rdenas,\nest\u00e1n destruidas, sin que la autoridad municipal tenga la capacidad de reparar\no por lo menos gestionar un bacheo.<\/p>\n\n\n\n<p>Los\ninconformes aumentan a cada d\u00eda por los p\u00e9simos estado de varias avenidas y\ncalles de la cabecera municipal que aparte de los baches, carecen de\nbalizamiento, por lo menos de topes que pasan desapercibidos y da\u00f1an los autom\u00f3viles.<\/p>\n\n\n\n<p>TIERRA<\/p>\n\n\n\n<p>Un ex delegado de la localidad de Mala Hierba dijo a EL REPORTERO que en el camino a su comunidad\u00a0 dejaron montones de tierra que ya causan graves problemas, todo tolerado por la hasta ahora ineficiente administraci\u00f3n municipal.<\/p>\n\n\n\n<figure class=\"wp-block-image\"><img decoding=\"async\" width=\"636\" height=\"914\" src=\"https::\/\/elreporterohgo.com\/noticias\/wp-content\/uploads\/2021\/10\/apanv.jpg\" alt=\"\" class=\"wp-image-44026\" srcset=\"https:\/\/elreporterohgo.com\/noticias\/wp-content\/uploads\/2021\/10\/apanv.jpg 636w, https:\/\/elreporterohgo.com\/noticias\/wp-content\/uploads\/2021\/10\/apanv-209x300.jpg 209w\" sizes=\"(max-width: 636px) 100vw, 636px\" \/><\/figure>\n\n\n\n<p>DROGAS y\nROBOS<\/p>\n\n\n\n<p>Hay quienes\nse\u00f1alan el ineficiente trabajo de prevenci\u00f3n del delito origino que &nbsp;hace aproximadamente un mes, una jovencita,\nmenor de veinte a\u00f1os, presuntamente enviciada por su pareja sentimental, muriera\nv\u00edctima de una sobredosis, pero en Apan, no pasa nada.<\/p>\n\n\n\n<p>En redes\nsociales casi a diario se informa sobre hechos violentos como son detonaciones\nde armas de fuego por diferentes lugares, as\u00ed como abundantes robos que engrosan\nlas listas de la impunidad.<\/p>\n\n\n\n<p>El desempleo es un tema recurrente que todo indica as\u00ed seguir\u00e1 en virtud que no hay capacidad para atender las prioridades. As\u00ed el vac\u00edo de poder e ingobernabilidad ser\u00e1n la constante en el municipio cebadero de Apan.<\/p>\n\n\n\n<figure class=\"wp-block-image\"><img loading=\"lazy\" decoding=\"async\" width=\"1024\" height=\"773\" src=\"https::\/\/elreporterohgo.com\/noticias\/wp-content\/uploads\/2021\/10\/calles-sin-2-1024x773.jpg\" alt=\"\" class=\"wp-image-44028\" srcset=\"https:\/\/elreporterohgo.com\/noticias\/wp-content\/uploads\/2021\/10\/calles-sin-2-1024x773.jpg 1024w, https:\/\/elreporterohgo.com\/noticias\/wp-content\/uploads\/2021\/10\/calles-sin-2-300x227.jpg 300w, https:\/\/elreporterohgo.com\/noticias\/wp-content\/uploads\/2021\/10\/calles-sin-2-768x580.jpg 768w, https:\/\/elreporterohgo.com\/noticias\/wp-content\/uploads\/2021\/10\/calles-sin-2.jpg 1643w\" sizes=\"(max-width: 1024px) 100vw, 1024px\" \/><\/figure>\n\n\n\n<figure class=\"wp-block-image\"><img loading=\"lazy\" decoding=\"async\" width=\"1024\" height=\"745\" src=\"https::\/\/elreporterohgo.com\/noticias\/wp-content\/uploads\/2021\/10\/00calle-2-1024x745.jpg\" alt=\"\" class=\"wp-image-44029\" srcset=\"https:\/\/elreporterohgo.com\/noticias\/wp-content\/uploads\/2021\/10\/00calle-2-1024x745.jpg 1024w, https:\/\/elreporterohgo.com\/noticias\/wp-content\/uploads\/2021\/10\/00calle-2-300x218.jpg 300w, https:\/\/elreporterohgo.com\/noticias\/wp-content\/uploads\/2021\/10\/00calle-2-768x559.jpg 768w, https:\/\/elreporterohgo.com\/noticias\/wp-content\/uploads\/2021\/10\/00calle-2.jpg 1420w\" sizes=\"(max-width: 1024px) 100vw, 1024px\" \/><\/figure>\n","protected":false},"excerpt":{"rendered":"<p>Impune cierre de calle en Apan Por Juan Sabino Cruz APAN, Hgo.- Calles y carreteras en p\u00e9simas condiciones, inseguridad, falta de fuentes de empleo, impune cierre de arterias de acceso al pante\u00f3n municipal son algunas de las tantas deficiencias e irregularidades que se viven en este municipio del altiplano hidalguense. Vecinos inconformes explicaron a EL<\/p>\n","protected":false},"author":2,"featured_media":44025,"comment_status":"open","ping_status":"closed","sticky":false,"template":"","format":"standard","meta":{"footnotes":""},"categories":[10],"tags":[],"class_list":{"0":"post-44024","1":"post","2":"type-post","3":"status-publish","4":"format-standard","5":"has-post-thumbnail","7":"category-hidalgo"},"_links":{"self":[{"href":"https:\/\/elreporterohgo.com\/noticias\/wp-json\/wp\/v2\/posts\/44024","targetHints":{"allow":["GET"]}}],"collection":[{"href":"https:\/\/elreporterohgo.com\/noticias\/wp-json\/wp\/v2\/posts"}],"about":[{"href":"https:\/\/elreporterohgo.com\/noticias\/wp-json\/wp\/v2\/types\/post"}],"author":[{"embeddable":true,"href":"https:\/\/elreporterohgo.com\/noticias\/wp-json\/wp\/v2\/users\/2"}],"replies":[{"embeddable":true,"href":"https:\/\/elreporterohgo.com\/noticias\/wp-json\/wp\/v2\/comments?post=44024"}],"version-history":[{"count":1,"href":"https:\/\/elreporterohgo.com\/noticias\/wp-json\/wp\/v2\/posts\/44024\/revisions"}],"predecessor-version":[{"id":44030,"href":"https:\/\/elreporterohgo.com\/noticias\/wp-json\/wp\/v2\/posts\/44024\/revisions\/44030"}],"wp:featuredmedia":[{"embeddable":true,"href":"https:\/\/elreporterohgo.com\/noticias\/wp-json\/wp\/v2\/media\/44025"}],"wp:attachment":[{"href":"https:\/\/elreporterohgo.com\/noticias\/wp-json\/wp\/v2\/media?parent=44024"}],"wp:term":[{"taxonomy":"category","embeddable":true,"href":"https:\/\/elreporterohgo.com\/noticias\/wp-json\/wp\/v2\/categories?post=44024"},{"taxonomy":"post_tag","embeddable":true,"href":"https:\/\/elreporterohgo.com\/noticias\/wp-json\/wp\/v2\/tags?post=44024"}],"curies":[{"name":"wp","href":"https:\/\/api.w.org\/{rel}","templated":true}]}}