{"id":44011,"date":"2021-10-27T16:30:46","date_gmt":"2021-10-27T21:30:46","guid":{"rendered":"https:\/\/elreporterohgo.com\/noticias\/?p=44011"},"modified":"2021-10-27T16:30:47","modified_gmt":"2021-10-27T21:30:47","slug":"omar-fayad-entrego-59-escrituras-a-28-beneficiarios","status":"publish","type":"post","link":"https:\/\/elreporterohgo.com\/noticias\/2021\/10\/27\/omar-fayad-entrego-59-escrituras-a-28-beneficiarios\/","title":{"rendered":"Omar Fayad entreg\u00f3 59 escrituras a 28 beneficiarios"},"content":{"rendered":"\n<figure class=\"wp-block-image\"><img fetchpriority=\"high\" decoding=\"async\" width=\"1024\" height=\"683\" src=\"https::\/\/elreporterohgo.com\/noticias\/wp-content\/uploads\/2021\/10\/unnamed-2021-10-27T162849.296-1024x683.jpg\" alt=\"\" class=\"wp-image-44012\" srcset=\"https:\/\/elreporterohgo.com\/noticias\/wp-content\/uploads\/2021\/10\/unnamed-2021-10-27T162849.296-1024x683.jpg 1024w, https:\/\/elreporterohgo.com\/noticias\/wp-content\/uploads\/2021\/10\/unnamed-2021-10-27T162849.296-300x200.jpg 300w, https:\/\/elreporterohgo.com\/noticias\/wp-content\/uploads\/2021\/10\/unnamed-2021-10-27T162849.296-768x512.jpg 768w\" sizes=\"(max-width: 1024px) 100vw, 1024px\" \/><\/figure>\n\n\n\n<p>Ixmiquilpan,\nHgo.- &nbsp;S\u00f3lo el trabajo conjunto, el\ndi\u00e1logo, la concertaci\u00f3n y el cauce legal podr\u00e1 transformar a Hidalgo de la\nforma en que hemos so\u00f1ado, declar\u00f3 el gobernador Omar Fayad durante una gira de\ntrabajo por el municipio de Ixmiquilpan, donde entreg\u00f3 59 escrituras a 28\nbeneficiarios. <\/p>\n\n\n\n<p>\u201cEste es\nel desenlace de un asunto que desde el 2013 causaba inestabilidad social aqu\u00ed\nen la regi\u00f3n y en el municipio de Ixmiquilpan; sin embargo, en esta\nadministraci\u00f3n estatal, el gobierno del estado mostr\u00f3 su posibilidad de llevar\na cabo con todo oficio pol\u00edtico y madurez, capacidad de di\u00e1logo y negociaci\u00f3n,\nas\u00ed como con coordinaci\u00f3n interinstitucional y con los \u00f3rdenes de gobierno para\npoder resolver este conflicto de tierras\u201d.<\/p>\n\n\n\n<p>Para las\n28 personas que recibieron las 59 escrituras el tr\u00e1mite fue gratuito, cada una\nahorr\u00f3 m\u00e1s de 40 mil pesos, lo que representa un monto total superior a los 2\nmillones 377 mil pesos en gastos por constancias municipales, certificados de\ninscripci\u00f3n, juicio, gastos de traslado y escrituras, demostrando as\u00ed el\ncompromiso que la administraci\u00f3n mantiene por priorizar la seguridad jur\u00eddica\nde las familias hidalguenses.<\/p>\n\n\n\n<p>\u201cMi\ngobierno est\u00e1 llevando a cabo todas las acciones posibles para mantener el\norden social y la gobernabilidad en Hidalgo, como la regularizaci\u00f3n de tierras\nque hoy nos re\u00fanen; estas acciones nos permiten estabilidad social y que el\nestado se mantenga entre las entidades federativas m\u00e1s pac\u00edficas de M\u00e9xico\u201d,\npuntualiz\u00f3 el jefe del Ejecutivo estatal.<\/p>\n\n\n\n<p>Al\nrespecto, Juan Luis Lomel\u00ed Plasencia, subsecretario de Gobierno expuso que por\ninstrucci\u00f3n del gobernador Omar Fayad desde el 2019 se establecieron mesas de\ntrabajo para dar soluci\u00f3n a un conflicto de muchos a\u00f1os en la regi\u00f3n; de tal\nforma que, tras la primera etapa correspondiente al levantamiento topogr\u00e1fico\nde una superficie de 5 mil 119 hect\u00e1reas perteneciente a 10 comunidades,&nbsp; finalmente se entregaron escrituras a trav\u00e9s\ndel programa de regularizaci\u00f3n de la tenencia de la tierra a quienes legalizaron\nsus predios; por ello, el funcionario reconoci\u00f3&nbsp;\nla alianza de los pueblos en defensa de la peque\u00f1a propiedad, asumiendo\nas\u00ed el compromiso de integrar sus expedientes, en la que prevaleci\u00f3 el trabajo\ncoordinado de los tres \u00f3rdenes de gobierno.<\/p>\n\n\n\n<p>La\nalcaldesa de Ixmiquilpan, Araceli Beltr\u00e1n Contreras, afirm\u00f3 que este tipo de\nacciones proporciona la estabilidad patrimonial que tanto anhelaban las\nfamilias, en tal sentido el gobierno municipal habl\u00f3 de su compromiso para\ncontinuar apoyando a los que menos tienen. <\/p>\n\n\n\n<p>En\nnombre de la poblaci\u00f3n beneficiaria, Julissa Yeso Flores, originaria de la\ncolonia La Palma, agradeci\u00f3 el respaldo de las autoridades por otorgar la certeza\njur\u00eddica que las familias de esta regi\u00f3n necesitan, sobre su patrimonio.<\/p>\n","protected":false},"excerpt":{"rendered":"<p>Ixmiquilpan, Hgo.- &nbsp;S\u00f3lo el trabajo conjunto, el di\u00e1logo, la concertaci\u00f3n y el cauce legal podr\u00e1 transformar a Hidalgo de la forma en que hemos so\u00f1ado, declar\u00f3 el gobernador Omar Fayad durante una gira de trabajo por el municipio de Ixmiquilpan, donde entreg\u00f3 59 escrituras a 28 beneficiarios. \u201cEste es el desenlace de un asunto que<\/p>\n","protected":false},"author":2,"featured_media":44012,"comment_status":"open","ping_status":"closed","sticky":false,"template":"","format":"standard","meta":{"footnotes":""},"categories":[10],"tags":[],"class_list":{"0":"post-44011","1":"post","2":"type-post","3":"status-publish","4":"format-standard","5":"has-post-thumbnail","7":"category-hidalgo"},"_links":{"self":[{"href":"https:\/\/elreporterohgo.com\/noticias\/wp-json\/wp\/v2\/posts\/44011","targetHints":{"allow":["GET"]}}],"collection":[{"href":"https:\/\/elreporterohgo.com\/noticias\/wp-json\/wp\/v2\/posts"}],"about":[{"href":"https:\/\/elreporterohgo.com\/noticias\/wp-json\/wp\/v2\/types\/post"}],"author":[{"embeddable":true,"href":"https:\/\/elreporterohgo.com\/noticias\/wp-json\/wp\/v2\/users\/2"}],"replies":[{"embeddable":true,"href":"https:\/\/elreporterohgo.com\/noticias\/wp-json\/wp\/v2\/comments?post=44011"}],"version-history":[{"count":1,"href":"https:\/\/elreporterohgo.com\/noticias\/wp-json\/wp\/v2\/posts\/44011\/revisions"}],"predecessor-version":[{"id":44013,"href":"https:\/\/elreporterohgo.com\/noticias\/wp-json\/wp\/v2\/posts\/44011\/revisions\/44013"}],"wp:featuredmedia":[{"embeddable":true,"href":"https:\/\/elreporterohgo.com\/noticias\/wp-json\/wp\/v2\/media\/44012"}],"wp:attachment":[{"href":"https:\/\/elreporterohgo.com\/noticias\/wp-json\/wp\/v2\/media?parent=44011"}],"wp:term":[{"taxonomy":"category","embeddable":true,"href":"https:\/\/elreporterohgo.com\/noticias\/wp-json\/wp\/v2\/categories?post=44011"},{"taxonomy":"post_tag","embeddable":true,"href":"https:\/\/elreporterohgo.com\/noticias\/wp-json\/wp\/v2\/tags?post=44011"}],"curies":[{"name":"wp","href":"https:\/\/api.w.org\/{rel}","templated":true}]}}