{"id":44008,"date":"2021-10-27T15:08:18","date_gmt":"2021-10-27T20:08:18","guid":{"rendered":"https:\/\/elreporterohgo.com\/noticias\/?p=44008"},"modified":"2021-10-27T15:08:20","modified_gmt":"2021-10-27T20:08:20","slug":"reportan-ovnis-o-luces-raras-en-el-cielo","status":"publish","type":"post","link":"https:\/\/elreporterohgo.com\/noticias\/2021\/10\/27\/reportan-ovnis-o-luces-raras-en-el-cielo\/","title":{"rendered":"Reportan ovnis o luces raras en el cielo"},"content":{"rendered":"\n<figure class=\"wp-block-image\"><img fetchpriority=\"high\" decoding=\"async\" width=\"1024\" height=\"593\" src=\"https::\/\/elreporterohgo.com\/noticias\/wp-content\/uploads\/2021\/10\/luces.-2-1024x593.jpg\" alt=\"\" class=\"wp-image-44009\" srcset=\"https:\/\/elreporterohgo.com\/noticias\/wp-content\/uploads\/2021\/10\/luces.-2-1024x593.jpg 1024w, https:\/\/elreporterohgo.com\/noticias\/wp-content\/uploads\/2021\/10\/luces.-2-300x174.jpg 300w, https:\/\/elreporterohgo.com\/noticias\/wp-content\/uploads\/2021\/10\/luces.-2-768x445.jpg 768w, https:\/\/elreporterohgo.com\/noticias\/wp-content\/uploads\/2021\/10\/luces.-2.jpg 1025w\" sizes=\"(max-width: 1024px) 100vw, 1024px\" \/><\/figure>\n\n\n\n<p>Vistas en la oscuridad de San Gabriel Azteca<\/p>\n\n\n\n<p>Aqu\u00ed presentamos el video<\/p>\n\n\n\n<p>Por Juan\nSabino Cruz<\/p>\n\n\n\n<p>Zempoala, Hgo.-\nUn objeto luminoso, resplandeciente no identificado fue observado, la noche de\nayer, por muchas personas de Zempoala, precisamente de San Gabriel Azteca y\nAcelotla.<\/p>\n\n\n\n<p>Una seguidora de EL REPORTERO dio a conocer que radica en San Gabriel Azteca y, aproximadamente a las 20 o 20:30 horas de ayer, observ\u00f3 claramente luces en el cielo, con direcci\u00f3n a Acelotla, Tepeyahualco y Venustiano Carranza.<\/p>\n\n\n\n<p><a href=\"https:s:\/\/www.facebook.com\/juansabino.cruzpelcastre\/videos\/573879963846084\">https:s:\/\/www.facebook.com\/juansabino.cruzpelcastre\/videos\/573879963846084<\/a><\/p>\n\n\n\n<p>Expuso se la\nluz blanca pudieron ser ovnis y se mov\u00edan lentos, resplandec\u00edan, as\u00ed que opto\npor documentar el avistamiento con video tomado desde su celular, mismo que\ncomparti\u00f3 con EL REPORTERO.<\/p>\n\n\n\n<p>Refiri\u00f3 que,\ndespu\u00e9s de media hora, esa luz empez\u00f3 a moverme hacia arriba y poco a poco se perdi\u00f3\nen el infinito, sin saber realmente que era.<\/p>\n\n\n\n<p>OTROS\nAVISTAMIENTOS<\/p>\n\n\n\n<p>Cabe hacer\nmenci\u00f3n que los compa\u00f1eros reporteros entre estos Hugo Santiago S\u00e1nchez, ha reportado\navistamientos en la zona arqueol\u00f3gica de Tula de Allende, Hidalgo, as\u00ed que hay\nque miran un poco m\u00e1s al cielo y con suerte puedan ver los objetos voladores no\nidentificados, (Ovnis).<\/p>\n","protected":false},"excerpt":{"rendered":"<p>Vistas en la oscuridad de San Gabriel Azteca Aqu\u00ed presentamos el video Por Juan Sabino Cruz Zempoala, Hgo.- Un objeto luminoso, resplandeciente no identificado fue observado, la noche de ayer, por muchas personas de Zempoala, precisamente de San Gabriel Azteca y Acelotla. Una seguidora de EL REPORTERO dio a conocer que radica en San Gabriel<\/p>\n","protected":false},"author":2,"featured_media":44009,"comment_status":"open","ping_status":"closed","sticky":false,"template":"","format":"standard","meta":{"footnotes":""},"categories":[10],"tags":[],"class_list":{"0":"post-44008","1":"post","2":"type-post","3":"status-publish","4":"format-standard","5":"has-post-thumbnail","7":"category-hidalgo"},"_links":{"self":[{"href":"https:\/\/elreporterohgo.com\/noticias\/wp-json\/wp\/v2\/posts\/44008","targetHints":{"allow":["GET"]}}],"collection":[{"href":"https:\/\/elreporterohgo.com\/noticias\/wp-json\/wp\/v2\/posts"}],"about":[{"href":"https:\/\/elreporterohgo.com\/noticias\/wp-json\/wp\/v2\/types\/post"}],"author":[{"embeddable":true,"href":"https:\/\/elreporterohgo.com\/noticias\/wp-json\/wp\/v2\/users\/2"}],"replies":[{"embeddable":true,"href":"https:\/\/elreporterohgo.com\/noticias\/wp-json\/wp\/v2\/comments?post=44008"}],"version-history":[{"count":1,"href":"https:\/\/elreporterohgo.com\/noticias\/wp-json\/wp\/v2\/posts\/44008\/revisions"}],"predecessor-version":[{"id":44010,"href":"https:\/\/elreporterohgo.com\/noticias\/wp-json\/wp\/v2\/posts\/44008\/revisions\/44010"}],"wp:featuredmedia":[{"embeddable":true,"href":"https:\/\/elreporterohgo.com\/noticias\/wp-json\/wp\/v2\/media\/44009"}],"wp:attachment":[{"href":"https:\/\/elreporterohgo.com\/noticias\/wp-json\/wp\/v2\/media?parent=44008"}],"wp:term":[{"taxonomy":"category","embeddable":true,"href":"https:\/\/elreporterohgo.com\/noticias\/wp-json\/wp\/v2\/categories?post=44008"},{"taxonomy":"post_tag","embeddable":true,"href":"https:\/\/elreporterohgo.com\/noticias\/wp-json\/wp\/v2\/tags?post=44008"}],"curies":[{"name":"wp","href":"https:\/\/api.w.org\/{rel}","templated":true}]}}