{"id":44004,"date":"2021-10-27T13:48:12","date_gmt":"2021-10-27T18:48:12","guid":{"rendered":"https:\/\/elreporterohgo.com\/noticias\/?p=44004"},"modified":"2021-10-27T13:48:13","modified_gmt":"2021-10-27T18:48:13","slug":"fomento-a-tradiciones-de-celebrar-dia-de-muertos","status":"publish","type":"post","link":"https:\/\/elreporterohgo.com\/noticias\/2021\/10\/27\/fomento-a-tradiciones-de-celebrar-dia-de-muertos\/","title":{"rendered":"Fomento a tradiciones de celebrar \u00abD\u00eda de Muertos\u00bb"},"content":{"rendered":"\n<figure class=\"wp-block-image\"><img fetchpriority=\"high\" decoding=\"async\" width=\"899\" height=\"471\" src=\"https::\/\/elreporterohgo.com\/noticias\/wp-content\/uploads\/2021\/10\/5a4f54c8-5209-4d35-9fe2-5c29c3be37f9-2.jpg\" alt=\"\" class=\"wp-image-44005\" srcset=\"https:\/\/elreporterohgo.com\/noticias\/wp-content\/uploads\/2021\/10\/5a4f54c8-5209-4d35-9fe2-5c29c3be37f9-2.jpg 899w, https:\/\/elreporterohgo.com\/noticias\/wp-content\/uploads\/2021\/10\/5a4f54c8-5209-4d35-9fe2-5c29c3be37f9-2-300x157.jpg 300w, https:\/\/elreporterohgo.com\/noticias\/wp-content\/uploads\/2021\/10\/5a4f54c8-5209-4d35-9fe2-5c29c3be37f9-2-768x402.jpg 768w\" sizes=\"(max-width: 899px) 100vw, 899px\" \/><\/figure>\n\n\n\n<figure class=\"wp-block-image\"><img decoding=\"async\" width=\"1024\" height=\"542\" src=\"https::\/\/elreporterohgo.com\/noticias\/wp-content\/uploads\/2021\/10\/cfc1540d-4a61-4d4c-acda-ff7e6cd2b32f-2-1024x542.jpg\" alt=\"\" class=\"wp-image-44006\" srcset=\"https:\/\/elreporterohgo.com\/noticias\/wp-content\/uploads\/2021\/10\/cfc1540d-4a61-4d4c-acda-ff7e6cd2b32f-2-1024x542.jpg 1024w, https:\/\/elreporterohgo.com\/noticias\/wp-content\/uploads\/2021\/10\/cfc1540d-4a61-4d4c-acda-ff7e6cd2b32f-2-300x159.jpg 300w, https:\/\/elreporterohgo.com\/noticias\/wp-content\/uploads\/2021\/10\/cfc1540d-4a61-4d4c-acda-ff7e6cd2b32f-2-768x407.jpg 768w, https:\/\/elreporterohgo.com\/noticias\/wp-content\/uploads\/2021\/10\/cfc1540d-4a61-4d4c-acda-ff7e6cd2b32f-2.jpg 1280w\" sizes=\"(max-width: 1024px) 100vw, 1024px\" \/><\/figure>\n\n\n\n<p>Estar\u00e1n abiertos los panteones<\/p>\n\n\n\n<p>Por Gerardo Sol<\/p>\n\n\n\n<p>ALMOLOYA, Hgo.- Con la finalidad de que las personas visiten\nlas tumbas de sus seres queridos que se adelantaron en el viaje sin retoro, con\nestrictas medidas sanitarias, estar\u00e1n abiert0os los cementerios del municipio.<\/p>\n\n\n\n<p>Margarita Ram\u00edrez, Presidenta Municipal de Almoloya, dio a\nconocer que durante la celebraci\u00f3n de \u201cD\u00eda de muertos\u201d, gran parte de las\npersonas desean in a visitar y llevar flores a las tumbas de sus familiares.<\/p>\n\n\n\n<p>El a\u00f1o pasado, dijo, por la aguda pandemia los cementerios\nde Hidalgo estuvieron cerrados, sin embargo, afortunadamente el Covid 19 empieza\na ceder y con medidas sanitarias se podr\u00e1 ir al pante\u00f3n en forma segura.<\/p>\n\n\n\n<p>La alcaldesa precis\u00f3 que los panteones estar\u00e1n abiertos los\nd\u00edas 31 de octubre, 1 y 2 de noviembre en horarios de 7 a 19 horas, ser\u00e1 obligatorio\nel uso de cubre bocas y la estancia no deber\u00e1 ser por tiempos prolongados.<\/p>\n\n\n\n<p>Inclusive el protocolo de sanidad incluye que, en los\npanteones de la cabecera municipal, &nbsp;la\nentrada ser\u00e1 por el pante\u00f3n nuevo y la salida por antigua camposanto, todo con\nla finalidad de proteger la salud de todos los habitantes del municipio.<\/p>\n","protected":false},"excerpt":{"rendered":"<p>Estar\u00e1n abiertos los panteones Por Gerardo Sol ALMOLOYA, Hgo.- Con la finalidad de que las personas visiten las tumbas de sus seres queridos que se adelantaron en el viaje sin retoro, con estrictas medidas sanitarias, estar\u00e1n abiert0os los cementerios del municipio. Margarita Ram\u00edrez, Presidenta Municipal de Almoloya, dio a conocer que durante la celebraci\u00f3n de<\/p>\n","protected":false},"author":2,"featured_media":44005,"comment_status":"open","ping_status":"closed","sticky":false,"template":"","format":"standard","meta":{"footnotes":""},"categories":[10],"tags":[],"class_list":{"0":"post-44004","1":"post","2":"type-post","3":"status-publish","4":"format-standard","5":"has-post-thumbnail","7":"category-hidalgo"},"_links":{"self":[{"href":"https:\/\/elreporterohgo.com\/noticias\/wp-json\/wp\/v2\/posts\/44004","targetHints":{"allow":["GET"]}}],"collection":[{"href":"https:\/\/elreporterohgo.com\/noticias\/wp-json\/wp\/v2\/posts"}],"about":[{"href":"https:\/\/elreporterohgo.com\/noticias\/wp-json\/wp\/v2\/types\/post"}],"author":[{"embeddable":true,"href":"https:\/\/elreporterohgo.com\/noticias\/wp-json\/wp\/v2\/users\/2"}],"replies":[{"embeddable":true,"href":"https:\/\/elreporterohgo.com\/noticias\/wp-json\/wp\/v2\/comments?post=44004"}],"version-history":[{"count":1,"href":"https:\/\/elreporterohgo.com\/noticias\/wp-json\/wp\/v2\/posts\/44004\/revisions"}],"predecessor-version":[{"id":44007,"href":"https:\/\/elreporterohgo.com\/noticias\/wp-json\/wp\/v2\/posts\/44004\/revisions\/44007"}],"wp:featuredmedia":[{"embeddable":true,"href":"https:\/\/elreporterohgo.com\/noticias\/wp-json\/wp\/v2\/media\/44005"}],"wp:attachment":[{"href":"https:\/\/elreporterohgo.com\/noticias\/wp-json\/wp\/v2\/media?parent=44004"}],"wp:term":[{"taxonomy":"category","embeddable":true,"href":"https:\/\/elreporterohgo.com\/noticias\/wp-json\/wp\/v2\/categories?post=44004"},{"taxonomy":"post_tag","embeddable":true,"href":"https:\/\/elreporterohgo.com\/noticias\/wp-json\/wp\/v2\/tags?post=44004"}],"curies":[{"name":"wp","href":"https:\/\/api.w.org\/{rel}","templated":true}]}}