{"id":43997,"date":"2021-10-27T11:33:40","date_gmt":"2021-10-27T16:33:40","guid":{"rendered":"https:\/\/elreporterohgo.com\/noticias\/?p=43997"},"modified":"2021-10-27T11:33:42","modified_gmt":"2021-10-27T16:33:42","slug":"instalacion-de-comisiones-legislativas-en-congreso-de-hidalgo","status":"publish","type":"post","link":"https:\/\/elreporterohgo.com\/noticias\/2021\/10\/27\/instalacion-de-comisiones-legislativas-en-congreso-de-hidalgo\/","title":{"rendered":"Instalaci\u00f3n de comisiones legislativas en Congreso de Hidalgo"},"content":{"rendered":"\n<p><strong>I<\/strong><\/p>\n\n\n\n<figure class=\"wp-block-image\"><img fetchpriority=\"high\" decoding=\"async\" width=\"1024\" height=\"609\" src=\"https::\/\/elreporterohgo.com\/noticias\/wp-content\/uploads\/2021\/10\/26.10.2021-Comisi\u00f3n-de-Gobernaci\u00f3n-INSTALACI\u00d3N-1-1024x609.jpg\" alt=\"\" class=\"wp-image-43998\" srcset=\"https:\/\/elreporterohgo.com\/noticias\/wp-content\/uploads\/2021\/10\/26.10.2021-Comisi\u00f3n-de-Gobernaci\u00f3n-INSTALACI\u00d3N-1-1024x609.jpg 1024w, https:\/\/elreporterohgo.com\/noticias\/wp-content\/uploads\/2021\/10\/26.10.2021-Comisi\u00f3n-de-Gobernaci\u00f3n-INSTALACI\u00d3N-1-300x178.jpg 300w, https:\/\/elreporterohgo.com\/noticias\/wp-content\/uploads\/2021\/10\/26.10.2021-Comisi\u00f3n-de-Gobernaci\u00f3n-INSTALACI\u00d3N-1-768x457.jpg 768w, https:\/\/elreporterohgo.com\/noticias\/wp-content\/uploads\/2021\/10\/26.10.2021-Comisi\u00f3n-de-Gobernaci\u00f3n-INSTALACI\u00d3N-1.jpg 1280w\" sizes=\"(max-width: 1024px) 100vw, 1024px\" \/><\/figure>\n\n\n\n<p><strong>GOBERNACI\u00d3N&nbsp;<\/strong><\/p>\n\n\n\n<p>Pachuca de Soto, Hgo.- Qued\u00f3 formalmente instalada la comisi\u00f3n legislativa de Gobernaci\u00f3n, que preside el diputado Jos\u00e9 No\u00e9 Hern\u00e1ndez Bravo, e integrantes Dip.Octavio Maga\u00f1a Soto, Dip. Roberto Rico Ruiz, Dip.Francisco Berganza Escorza, Dip.Silvia S\u00e1nchez Garc\u00eda estuvieron acompa\u00f1ados de invitados especiales.<\/p>\n\n\n\n<figure class=\"wp-block-image\"><img decoding=\"async\" width=\"1024\" height=\"682\" src=\"https::\/\/elreporterohgo.com\/noticias\/wp-content\/uploads\/2021\/10\/26.10.2021-Comisi\u00f3n-de-Adultos-Mayores-INSTALACI\u00d3N-2-1024x682.jpg\" alt=\"\" class=\"wp-image-43999\" srcset=\"https:\/\/elreporterohgo.com\/noticias\/wp-content\/uploads\/2021\/10\/26.10.2021-Comisi\u00f3n-de-Adultos-Mayores-INSTALACI\u00d3N-2-1024x682.jpg 1024w, https:\/\/elreporterohgo.com\/noticias\/wp-content\/uploads\/2021\/10\/26.10.2021-Comisi\u00f3n-de-Adultos-Mayores-INSTALACI\u00d3N-2-300x200.jpg 300w, https:\/\/elreporterohgo.com\/noticias\/wp-content\/uploads\/2021\/10\/26.10.2021-Comisi\u00f3n-de-Adultos-Mayores-INSTALACI\u00d3N-2-768x512.jpg 768w, https:\/\/elreporterohgo.com\/noticias\/wp-content\/uploads\/2021\/10\/26.10.2021-Comisi\u00f3n-de-Adultos-Mayores-INSTALACI\u00d3N-2.jpg 1280w\" sizes=\"(max-width: 1024px) 100vw, 1024px\" \/><\/figure>\n\n\n\n<p><strong>ADULTOS MAYORES<\/strong><\/p>\n\n\n\n<p>Qued\u00f3 formalmente instalada la comisi\u00f3n legislativa de Adultos Mayores, que preside el diputado Timoteo L\u00f3pez P\u00e9rez, e integrantes Dip.Silvia S\u00e1nchez Garc\u00eda, Dip.Erika Araceli Rodr\u00edguez Hern\u00e1ndez, Dip.Fortunato Gonz\u00e1lez Islas, Dip.Edgar Hern\u00e1ndez Da\u00f1u estuvieron acompa\u00f1ados de invitados especiales.<\/p>\n\n\n\n<figure class=\"wp-block-image\"><img decoding=\"async\" width=\"1024\" height=\"682\" src=\"https::\/\/elreporterohgo.com\/noticias\/wp-content\/uploads\/2021\/10\/26.10.2021-Comisi\u00f3n-de-Salud-1-1024x682.jpg\" alt=\"\" class=\"wp-image-44000\" srcset=\"https:\/\/elreporterohgo.com\/noticias\/wp-content\/uploads\/2021\/10\/26.10.2021-Comisi\u00f3n-de-Salud-1-1024x682.jpg 1024w, https:\/\/elreporterohgo.com\/noticias\/wp-content\/uploads\/2021\/10\/26.10.2021-Comisi\u00f3n-de-Salud-1-300x200.jpg 300w, https:\/\/elreporterohgo.com\/noticias\/wp-content\/uploads\/2021\/10\/26.10.2021-Comisi\u00f3n-de-Salud-1-768x512.jpg 768w, https:\/\/elreporterohgo.com\/noticias\/wp-content\/uploads\/2021\/10\/26.10.2021-Comisi\u00f3n-de-Salud-1.jpg 1280w\" sizes=\"(max-width: 1024px) 100vw, 1024px\" \/><\/figure>\n\n\n\n<p><strong>SALUD<\/strong><\/p>\n\n\n\n<p>Qued\u00f3 formalmente instalada la comisi\u00f3n legislativa de Salud, que preside la diputada Vanesa Escalante Arroyo, e integrantes Dip.Silvia S\u00e1nchez Garc\u00eda, Dip.Jos\u00e9 Antonio Hern\u00e1ndez Vera, Dip.Luis \u00c1ngel Tenorio Cruz, Dip.Michelle Calder\u00f3n Ram\u00edrez estuvieron acompa\u00f1ados de invitados especiales.<\/p>\n\n\n\n<figure class=\"wp-block-image\"><img loading=\"lazy\" decoding=\"async\" width=\"1024\" height=\"683\" src=\"https::\/\/elreporterohgo.com\/noticias\/wp-content\/uploads\/2021\/10\/26.10.2021-Comisi\u00f3n-de-Legislaci\u00f3-y-Puntos-Constitucionales-INSTALACI\u00d3N-21-1024x683.jpg\" alt=\"\" class=\"wp-image-44001\" srcset=\"https:\/\/elreporterohgo.com\/noticias\/wp-content\/uploads\/2021\/10\/26.10.2021-Comisi\u00f3n-de-Legislaci\u00f3-y-Puntos-Constitucionales-INSTALACI\u00d3N-21-1024x683.jpg 1024w, https:\/\/elreporterohgo.com\/noticias\/wp-content\/uploads\/2021\/10\/26.10.2021-Comisi\u00f3n-de-Legislaci\u00f3-y-Puntos-Constitucionales-INSTALACI\u00d3N-21-300x200.jpg 300w, https:\/\/elreporterohgo.com\/noticias\/wp-content\/uploads\/2021\/10\/26.10.2021-Comisi\u00f3n-de-Legislaci\u00f3-y-Puntos-Constitucionales-INSTALACI\u00d3N-21-768x512.jpg 768w\" sizes=\"(max-width: 1024px) 100vw, 1024px\" \/><\/figure>\n\n\n\n<p><strong>LEGISLACI\u00d3N Y PUNTOS CONSTITUCIONALES<\/strong><\/p>\n\n\n\n<p>Qued\u00f3 formalmente instalada la comisi\u00f3n legislativa de Legislaci\u00f3n y Puntos Constitucionales, que preside el diputado Roberto Rico Ruiz, e integrantes Dip.Jorge Hern\u00e1ndez Araus, Dip.Fortunato Gonz\u00e1lez Islas, Dip.Octavio Maga\u00f1a Soto, Dip.Mar\u00eda Adelaida Mu\u00f1oz Jumilla, Dip.Luis \u00c1ngel Tenorio Cruz, Dip.Lisset Marcelino Tovar, Dip.Tania Valdez Cu\u00e9llar, Dip.Elvia Yanet Sierra Vite, Dip. Juan de Dios Pontigo Loyola, Dip.Michelle Calder\u00f3n Ram\u00edrez, Dip. Rodrigo Castillo Mart\u00ednez, Dip.Miguel \u00c1ngel Mart\u00ednez G\u00f3mez, estuvieron acompa\u00f1ados de invitados especiales.<\/p>\n\n\n\n<figure class=\"wp-block-image\"><img loading=\"lazy\" decoding=\"async\" width=\"1024\" height=\"682\" src=\"https::\/\/elreporterohgo.com\/noticias\/wp-content\/uploads\/2021\/10\/26.10.2021-Comisi\u00f3n-de-Medio-Ambiente-Recursos-Naturales-y-Cambio-Clim\u00e1tico-3-1-1024x682.jpg\" alt=\"\" class=\"wp-image-44002\" srcset=\"https:\/\/elreporterohgo.com\/noticias\/wp-content\/uploads\/2021\/10\/26.10.2021-Comisi\u00f3n-de-Medio-Ambiente-Recursos-Naturales-y-Cambio-Clim\u00e1tico-3-1-1024x682.jpg 1024w, https:\/\/elreporterohgo.com\/noticias\/wp-content\/uploads\/2021\/10\/26.10.2021-Comisi\u00f3n-de-Medio-Ambiente-Recursos-Naturales-y-Cambio-Clim\u00e1tico-3-1-300x200.jpg 300w, https:\/\/elreporterohgo.com\/noticias\/wp-content\/uploads\/2021\/10\/26.10.2021-Comisi\u00f3n-de-Medio-Ambiente-Recursos-Naturales-y-Cambio-Clim\u00e1tico-3-1-768x512.jpg 768w, https:\/\/elreporterohgo.com\/noticias\/wp-content\/uploads\/2021\/10\/26.10.2021-Comisi\u00f3n-de-Medio-Ambiente-Recursos-Naturales-y-Cambio-Clim\u00e1tico-3-1.jpg 1280w\" sizes=\"(max-width: 1024px) 100vw, 1024px\" \/><\/figure>\n\n\n\n<p><strong>MEDIO AMBIENTE, RECURSOS NATURALES Y CAMBIO CLIM\u00c1TICO<\/strong><\/p>\n\n\n\n<p>Qued\u00f3 formalmente instalada la comisi\u00f3n legislativa de Medio Ambiente,\nRecursos Naturales y Cambio Clim\u00e1tico, que preside la diputada Mar\u00eda del Carmen\nLozano Moreno, e integrantes Dip.Rodrigo Castillo Mart\u00ednez, Dip.Fortunato\nGonz\u00e1lez Islas, Dip.Sharon Macotela Cisneros, Dip.Michelle Calder\u00f3n Ram\u00edrez\nestuvieron acompa\u00f1ados de invitados especiales.<\/p>\n","protected":false},"excerpt":{"rendered":"<p>I GOBERNACI\u00d3N&nbsp; Pachuca de Soto, Hgo.- Qued\u00f3 formalmente instalada la comisi\u00f3n legislativa de Gobernaci\u00f3n, que preside el diputado Jos\u00e9 No\u00e9 Hern\u00e1ndez Bravo, e integrantes Dip.Octavio Maga\u00f1a Soto, Dip. Roberto Rico Ruiz, Dip.Francisco Berganza Escorza, Dip.Silvia S\u00e1nchez Garc\u00eda estuvieron acompa\u00f1ados de invitados especiales. ADULTOS MAYORES Qued\u00f3 formalmente instalada la comisi\u00f3n legislativa de Adultos Mayores, que preside<\/p>\n","protected":false},"author":2,"featured_media":44002,"comment_status":"open","ping_status":"closed","sticky":false,"template":"","format":"standard","meta":{"footnotes":""},"categories":[10],"tags":[],"class_list":{"0":"post-43997","1":"post","2":"type-post","3":"status-publish","4":"format-standard","5":"has-post-thumbnail","7":"category-hidalgo"},"_links":{"self":[{"href":"https:\/\/elreporterohgo.com\/noticias\/wp-json\/wp\/v2\/posts\/43997","targetHints":{"allow":["GET"]}}],"collection":[{"href":"https:\/\/elreporterohgo.com\/noticias\/wp-json\/wp\/v2\/posts"}],"about":[{"href":"https:\/\/elreporterohgo.com\/noticias\/wp-json\/wp\/v2\/types\/post"}],"author":[{"embeddable":true,"href":"https:\/\/elreporterohgo.com\/noticias\/wp-json\/wp\/v2\/users\/2"}],"replies":[{"embeddable":true,"href":"https:\/\/elreporterohgo.com\/noticias\/wp-json\/wp\/v2\/comments?post=43997"}],"version-history":[{"count":1,"href":"https:\/\/elreporterohgo.com\/noticias\/wp-json\/wp\/v2\/posts\/43997\/revisions"}],"predecessor-version":[{"id":44003,"href":"https:\/\/elreporterohgo.com\/noticias\/wp-json\/wp\/v2\/posts\/43997\/revisions\/44003"}],"wp:featuredmedia":[{"embeddable":true,"href":"https:\/\/elreporterohgo.com\/noticias\/wp-json\/wp\/v2\/media\/44002"}],"wp:attachment":[{"href":"https:\/\/elreporterohgo.com\/noticias\/wp-json\/wp\/v2\/media?parent=43997"}],"wp:term":[{"taxonomy":"category","embeddable":true,"href":"https:\/\/elreporterohgo.com\/noticias\/wp-json\/wp\/v2\/categories?post=43997"},{"taxonomy":"post_tag","embeddable":true,"href":"https:\/\/elreporterohgo.com\/noticias\/wp-json\/wp\/v2\/tags?post=43997"}],"curies":[{"name":"wp","href":"https:\/\/api.w.org\/{rel}","templated":true}]}}