{"id":43977,"date":"2021-10-26T08:06:00","date_gmt":"2021-10-26T13:06:00","guid":{"rendered":"https:\/\/elreporterohgo.com\/noticias\/?p=43977"},"modified":"2021-10-26T08:06:01","modified_gmt":"2021-10-26T13:06:01","slug":"agrupacion-dedicada-a-trabajar-por-la-igualdad-de-genero","status":"publish","type":"post","link":"https:\/\/elreporterohgo.com\/noticias\/2021\/10\/26\/agrupacion-dedicada-a-trabajar-por-la-igualdad-de-genero\/","title":{"rendered":"Agrupaci\u00f3n dedicada a trabajar por la igualdad de g\u00e9nero"},"content":{"rendered":"\n<figure class=\"wp-block-image\"><img fetchpriority=\"high\" decoding=\"async\" width=\"1024\" height=\"683\" src=\"https::\/\/elreporterohgo.com\/noticias\/wp-content\/uploads\/2021\/10\/unnamed-2021-10-26T080230.095-1024x683.jpg\" alt=\"\" class=\"wp-image-43978\" srcset=\"https:\/\/elreporterohgo.com\/noticias\/wp-content\/uploads\/2021\/10\/unnamed-2021-10-26T080230.095-1024x683.jpg 1024w, https:\/\/elreporterohgo.com\/noticias\/wp-content\/uploads\/2021\/10\/unnamed-2021-10-26T080230.095-300x200.jpg 300w, https:\/\/elreporterohgo.com\/noticias\/wp-content\/uploads\/2021\/10\/unnamed-2021-10-26T080230.095-768x512.jpg 768w, https:\/\/elreporterohgo.com\/noticias\/wp-content\/uploads\/2021\/10\/unnamed-2021-10-26T080230.095.jpg 1920w\" sizes=\"(max-width: 1024px) 100vw, 1024px\" \/><\/figure>\n\n\n\n<p>Carolina Viggiano es presidenta del Cap\u00edtulo Hidalgo del Colectivo 50+1 <\/p>\n\n\n\n<p>Pachuca, Hgo.- El gobernador Omar Fayad acudi\u00f3 a la instalaci\u00f3n del Colectivo 50+1, Cap\u00edtulo Hidalgo, agrupaci\u00f3n que tiene entre sus objetivos trabajar por la igualdad de g\u00e9nero; as\u00ed como por la protecci\u00f3n de sus derechos y la erradicaci\u00f3n de la violencia hacia ni\u00f1as y mujeres. <\/p>\n\n\n\n<p>La\nlegisladora federal Carolina Viggiano Austria rindi\u00f3 protesta como presidenta\ndel Cap\u00edtulo Hidalgo del Colectivo 50+1, en su mensaje expres\u00f3 su benepl\u00e1cito\npor la nueva responsabilidad que asume; al mismo tiempo, reconoci\u00f3 el\ncompromiso del mandatario estatal con las hidalguenses.<\/p>\n\n\n\n<p>En\nsu intervenci\u00f3n, el gobernador Fayad dijo que en Hidalgo las mujeres son\nprioridad, su seguridad y bienestar est\u00e1n en el centro de las pol\u00edticas\np\u00fablicas estatales, \u201cy sabemos que seguiremos haciendo que Hidalgo crezca de la\nmano de las mujeres\u201d.<\/p>\n\n\n\n<p>Al\nfinalizar el evento, el jefe del Ejecutivo estatal fue cuestionado sobre las\npr\u00f3ximas elecciones, en respuesta declar\u00f3 que los temas pol\u00edtico-electorales no\nle corresponden a \u00e9l referirlos, sino a los partidos pol\u00edticos; dijo que lo que\na \u00e9l le corresponde hacer como autoridad es garantizar que el pr\u00f3ximo proceso electoral\nse desarrolle apegado a derecho, en un ambiente de paz, con tranquilidad y con\nmucha participaci\u00f3n.<\/p>\n","protected":false},"excerpt":{"rendered":"<p>Carolina Viggiano es presidenta del Cap\u00edtulo Hidalgo del Colectivo 50+1 Pachuca, Hgo.- El gobernador Omar Fayad acudi\u00f3 a la instalaci\u00f3n del Colectivo 50+1, Cap\u00edtulo Hidalgo, agrupaci\u00f3n que tiene entre sus objetivos trabajar por la igualdad de g\u00e9nero; as\u00ed como por la protecci\u00f3n de sus derechos y la erradicaci\u00f3n de la violencia hacia ni\u00f1as y mujeres.<\/p>\n","protected":false},"author":2,"featured_media":43978,"comment_status":"open","ping_status":"closed","sticky":false,"template":"","format":"standard","meta":{"footnotes":""},"categories":[10],"tags":[],"class_list":{"0":"post-43977","1":"post","2":"type-post","3":"status-publish","4":"format-standard","5":"has-post-thumbnail","7":"category-hidalgo"},"_links":{"self":[{"href":"https:\/\/elreporterohgo.com\/noticias\/wp-json\/wp\/v2\/posts\/43977","targetHints":{"allow":["GET"]}}],"collection":[{"href":"https:\/\/elreporterohgo.com\/noticias\/wp-json\/wp\/v2\/posts"}],"about":[{"href":"https:\/\/elreporterohgo.com\/noticias\/wp-json\/wp\/v2\/types\/post"}],"author":[{"embeddable":true,"href":"https:\/\/elreporterohgo.com\/noticias\/wp-json\/wp\/v2\/users\/2"}],"replies":[{"embeddable":true,"href":"https:\/\/elreporterohgo.com\/noticias\/wp-json\/wp\/v2\/comments?post=43977"}],"version-history":[{"count":1,"href":"https:\/\/elreporterohgo.com\/noticias\/wp-json\/wp\/v2\/posts\/43977\/revisions"}],"predecessor-version":[{"id":43979,"href":"https:\/\/elreporterohgo.com\/noticias\/wp-json\/wp\/v2\/posts\/43977\/revisions\/43979"}],"wp:featuredmedia":[{"embeddable":true,"href":"https:\/\/elreporterohgo.com\/noticias\/wp-json\/wp\/v2\/media\/43978"}],"wp:attachment":[{"href":"https:\/\/elreporterohgo.com\/noticias\/wp-json\/wp\/v2\/media?parent=43977"}],"wp:term":[{"taxonomy":"category","embeddable":true,"href":"https:\/\/elreporterohgo.com\/noticias\/wp-json\/wp\/v2\/categories?post=43977"},{"taxonomy":"post_tag","embeddable":true,"href":"https:\/\/elreporterohgo.com\/noticias\/wp-json\/wp\/v2\/tags?post=43977"}],"curies":[{"name":"wp","href":"https:\/\/api.w.org\/{rel}","templated":true}]}}