{"id":43955,"date":"2021-10-25T17:44:11","date_gmt":"2021-10-25T22:44:11","guid":{"rendered":"https:\/\/elreporterohgo.com\/noticias\/?p=43955"},"modified":"2021-10-25T17:44:12","modified_gmt":"2021-10-25T22:44:12","slug":"jornada-de-seguridad-resulto-muy-concurrida","status":"publish","type":"post","link":"https:\/\/elreporterohgo.com\/noticias\/2021\/10\/25\/jornada-de-seguridad-resulto-muy-concurrida\/","title":{"rendered":"Jornada de Seguridad result\u00f3 muy concurrida"},"content":{"rendered":"\n<figure class=\"wp-block-image\"><img fetchpriority=\"high\" decoding=\"async\" width=\"1024\" height=\"682\" src=\"https::\/\/elreporterohgo.com\/noticias\/wp-content\/uploads\/2021\/10\/e946bfda-8987-403d-ab32-e6b08c6ad8ab-1024x682.jpg\" alt=\"\" class=\"wp-image-43956\" srcset=\"https:\/\/elreporterohgo.com\/noticias\/wp-content\/uploads\/2021\/10\/e946bfda-8987-403d-ab32-e6b08c6ad8ab-1024x682.jpg 1024w, https:\/\/elreporterohgo.com\/noticias\/wp-content\/uploads\/2021\/10\/e946bfda-8987-403d-ab32-e6b08c6ad8ab-300x200.jpg 300w, https:\/\/elreporterohgo.com\/noticias\/wp-content\/uploads\/2021\/10\/e946bfda-8987-403d-ab32-e6b08c6ad8ab-768x512.jpg 768w, https:\/\/elreporterohgo.com\/noticias\/wp-content\/uploads\/2021\/10\/e946bfda-8987-403d-ab32-e6b08c6ad8ab.jpg 1280w\" sizes=\"(max-width: 1024px) 100vw, 1024px\" \/><\/figure>\n\n\n\n<p>VILLA DE TEZONTEPEC, Hgo.- A trav\u00e9s de tareas de proximidad\nsocial y participaci\u00f3n ciudadana, la Secretar\u00eda de Seguridad P\u00fablica de\nHidalgo, a trav\u00e9s de la Agencia de Seguridad Estatal, celebr\u00f3 una Jornada de\nSeguridad dirigida a habitantes del municipio de Villa de Tezontepec.<\/p>\n\n\n\n<p>Bajo el modelo del Mando Coordinado, al que el Ayuntamiento\nest\u00e1 incorporado, se desarroll\u00f3 la actividad de promoci\u00f3n de la prevenci\u00f3n del\ndelito mediante la participaci\u00f3n de la poblaci\u00f3n en tareas de autoprotecci\u00f3n y\ndenuncia, desde una perspectiva de orientaci\u00f3n.<\/p>\n\n\n\n<p>El encuentro se llev\u00f3 a cabo en la comunidad de Benito\nJu\u00e1rez, donde las unidades especializadas de la Polic\u00eda Estatal fueron\nencabezadas por el comisario general de la Agencia de Seguridad Estatal, Uriel\nde Jes\u00fas Moreno Castro, en representaci\u00f3n del Secretario Mauricio Delmar\nSaavedra, y con el acompa\u00f1amiento de la alcaldesa Elsa Dolores V\u00e1zquez\nGonz\u00e1lez.<\/p>\n\n\n\n<p>Los servidores p\u00fablicos coincidieron en se\u00f1alar la\nimportancia de llevar a cabo este tipo de actividades did\u00e1cticas, que permitan\nal ciudadano conocer de cerca, pero sobre todo, ser colaboradores del trabajo\nde la Polic\u00eda.<\/p>\n\n\n\n<p>Participaron los agrupamientos de Protecci\u00f3n, Prevenci\u00f3n y Atenci\u00f3n a la Violencia de G\u00e9nero (PPAViG), Polic\u00eda Cibern\u00e9tica, de Educaci\u00f3n Vial, Monitoreo A\u00e9reo (drones), H. Cuerpo de Bomberos, Unidad con Capacidades para Procesar, Unidad Canina y Proximidad Social.<\/p>\n\n\n\n<figure class=\"wp-block-image\"><img decoding=\"async\" width=\"1024\" height=\"682\" src=\"https::\/\/elreporterohgo.com\/noticias\/wp-content\/uploads\/2021\/10\/418ca1eb-a1b6-4731-92c6-7059c64d35f3-1024x682.jpg\" alt=\"\" class=\"wp-image-43957\" srcset=\"https:\/\/elreporterohgo.com\/noticias\/wp-content\/uploads\/2021\/10\/418ca1eb-a1b6-4731-92c6-7059c64d35f3-1024x682.jpg 1024w, https:\/\/elreporterohgo.com\/noticias\/wp-content\/uploads\/2021\/10\/418ca1eb-a1b6-4731-92c6-7059c64d35f3-300x200.jpg 300w, https:\/\/elreporterohgo.com\/noticias\/wp-content\/uploads\/2021\/10\/418ca1eb-a1b6-4731-92c6-7059c64d35f3-768x512.jpg 768w, https:\/\/elreporterohgo.com\/noticias\/wp-content\/uploads\/2021\/10\/418ca1eb-a1b6-4731-92c6-7059c64d35f3.jpg 1280w\" sizes=\"(max-width: 1024px) 100vw, 1024px\" \/><\/figure>\n","protected":false},"excerpt":{"rendered":"<p>VILLA DE TEZONTEPEC, Hgo.- A trav\u00e9s de tareas de proximidad social y participaci\u00f3n ciudadana, la Secretar\u00eda de Seguridad P\u00fablica de Hidalgo, a trav\u00e9s de la Agencia de Seguridad Estatal, celebr\u00f3 una Jornada de Seguridad dirigida a habitantes del municipio de Villa de Tezontepec. Bajo el modelo del Mando Coordinado, al que el Ayuntamiento est\u00e1 incorporado,<\/p>\n","protected":false},"author":2,"featured_media":43956,"comment_status":"open","ping_status":"closed","sticky":false,"template":"","format":"standard","meta":{"footnotes":""},"categories":[10],"tags":[],"class_list":{"0":"post-43955","1":"post","2":"type-post","3":"status-publish","4":"format-standard","5":"has-post-thumbnail","7":"category-hidalgo"},"_links":{"self":[{"href":"https:\/\/elreporterohgo.com\/noticias\/wp-json\/wp\/v2\/posts\/43955","targetHints":{"allow":["GET"]}}],"collection":[{"href":"https:\/\/elreporterohgo.com\/noticias\/wp-json\/wp\/v2\/posts"}],"about":[{"href":"https:\/\/elreporterohgo.com\/noticias\/wp-json\/wp\/v2\/types\/post"}],"author":[{"embeddable":true,"href":"https:\/\/elreporterohgo.com\/noticias\/wp-json\/wp\/v2\/users\/2"}],"replies":[{"embeddable":true,"href":"https:\/\/elreporterohgo.com\/noticias\/wp-json\/wp\/v2\/comments?post=43955"}],"version-history":[{"count":1,"href":"https:\/\/elreporterohgo.com\/noticias\/wp-json\/wp\/v2\/posts\/43955\/revisions"}],"predecessor-version":[{"id":43958,"href":"https:\/\/elreporterohgo.com\/noticias\/wp-json\/wp\/v2\/posts\/43955\/revisions\/43958"}],"wp:featuredmedia":[{"embeddable":true,"href":"https:\/\/elreporterohgo.com\/noticias\/wp-json\/wp\/v2\/media\/43956"}],"wp:attachment":[{"href":"https:\/\/elreporterohgo.com\/noticias\/wp-json\/wp\/v2\/media?parent=43955"}],"wp:term":[{"taxonomy":"category","embeddable":true,"href":"https:\/\/elreporterohgo.com\/noticias\/wp-json\/wp\/v2\/categories?post=43955"},{"taxonomy":"post_tag","embeddable":true,"href":"https:\/\/elreporterohgo.com\/noticias\/wp-json\/wp\/v2\/tags?post=43955"}],"curies":[{"name":"wp","href":"https:\/\/api.w.org\/{rel}","templated":true}]}}