{"id":43928,"date":"2021-10-24T14:09:56","date_gmt":"2021-10-24T19:09:56","guid":{"rendered":"https:\/\/elreporterohgo.com\/noticias\/?p=43928"},"modified":"2021-10-24T14:09:58","modified_gmt":"2021-10-24T19:09:58","slug":"siguen-los-abusos-economicos-en-en-escuelas-publicas","status":"publish","type":"post","link":"https:\/\/elreporterohgo.com\/noticias\/2021\/10\/24\/siguen-los-abusos-economicos-en-en-escuelas-publicas\/","title":{"rendered":"Siguen los abusos econ\u00f3micos en en escuelas p\u00fablicas"},"content":{"rendered":"\n<figure class=\"wp-block-image\"><img fetchpriority=\"high\" decoding=\"async\" width=\"1024\" height=\"617\" src=\"https::\/\/elreporterohgo.com\/noticias\/wp-content\/uploads\/2021\/10\/000sag-2-1024x617.jpg\" alt=\"\" class=\"wp-image-43929\" srcset=\"https:\/\/elreporterohgo.com\/noticias\/wp-content\/uploads\/2021\/10\/000sag-2-1024x617.jpg 1024w, https:\/\/elreporterohgo.com\/noticias\/wp-content\/uploads\/2021\/10\/000sag-2-300x181.jpg 300w, https:\/\/elreporterohgo.com\/noticias\/wp-content\/uploads\/2021\/10\/000sag-2-768x463.jpg 768w, https:\/\/elreporterohgo.com\/noticias\/wp-content\/uploads\/2021\/10\/000sag-2.jpg 1357w\" sizes=\"(max-width: 1024px) 100vw, 1024px\" \/><\/figure>\n\n\n\n<p>*Condicionan entrega de \u00fatiles escolares<\/p>\n\n\n\n<p>*Exteriorizao su indignaci\u00f3n una madre de familia<\/p>\n\n\n\n<p>Por Juan Sabino Cruz<\/p>\n\n\n\n<p>CIUDAD SAHAG\u00daN, Hgo.- Los excesos\nde directivos y profesores de escuelas p\u00fablicas afectan la educaci\u00f3n de los\ninfantes e indigna a los padres de familia que exigen la intervenci\u00f3n de las\nautoridades estatales y diputados.<\/p>\n\n\n\n<p>Una madre de\nfamilia que pidi\u00f3 omitir la identidad por temor a represalias en contra de su\nhijo, la tarde del pasado viernes, se comunic\u00f3 a la redacci\u00f3n de EL REPORTERO\npara exponer su inconformidad.<\/p>\n\n\n\n<p>Explic\u00f3 que\nles toco recoger \u00fatiles escolares en la Secundaria T\u00e9cnica Dos, sin embargo,\nles negaron el apoyo que otorga el Gobierno de Hidalgo con el argumento de que sus\nhijos no se conectaron a una clase o por falta de una tarea.<\/p>\n\n\n\n<p>Aparte, en ese\nmomento les exigieron el pago de la cuota escolar que ahora la hicieron\nobligatoria y adem\u00e1s 45 pesos por concepto el traslado de los \u00fatiles.<\/p>\n\n\n\n<p>Les\nadvirtieron que el d\u00eda 8 de septiembre se realizara nueva entrega de \u00fatiles\nescolares pero los recibir\u00e1n quienes hayan cumplido con los trabajos y pagos de\ncuota \u201cvoluntaria\u201d y el traslado, convirtiendo en un gran negocio la educaci\u00f3n\nante la complacencia de la SEPH.<\/p>\n\n\n\n<p>La afectada\npide el apoyo de la diputada local Mar\u00eda Adelaida para que haga valer el\nderecho a una educaci\u00f3n gratuita y se respete a los infantes que deben recibir\nlos apoyos bajo el principio de igualdad y no se lucre con los mismos.<\/p>\n","protected":false},"excerpt":{"rendered":"<p>*Condicionan entrega de \u00fatiles escolares *Exteriorizao su indignaci\u00f3n una madre de familia Por Juan Sabino Cruz CIUDAD SAHAG\u00daN, Hgo.- Los excesos de directivos y profesores de escuelas p\u00fablicas afectan la educaci\u00f3n de los infantes e indigna a los padres de familia que exigen la intervenci\u00f3n de las autoridades estatales y diputados. Una madre de familia<\/p>\n","protected":false},"author":2,"featured_media":43929,"comment_status":"open","ping_status":"closed","sticky":false,"template":"","format":"standard","meta":{"footnotes":""},"categories":[10],"tags":[],"class_list":{"0":"post-43928","1":"post","2":"type-post","3":"status-publish","4":"format-standard","5":"has-post-thumbnail","7":"category-hidalgo"},"_links":{"self":[{"href":"https:\/\/elreporterohgo.com\/noticias\/wp-json\/wp\/v2\/posts\/43928","targetHints":{"allow":["GET"]}}],"collection":[{"href":"https:\/\/elreporterohgo.com\/noticias\/wp-json\/wp\/v2\/posts"}],"about":[{"href":"https:\/\/elreporterohgo.com\/noticias\/wp-json\/wp\/v2\/types\/post"}],"author":[{"embeddable":true,"href":"https:\/\/elreporterohgo.com\/noticias\/wp-json\/wp\/v2\/users\/2"}],"replies":[{"embeddable":true,"href":"https:\/\/elreporterohgo.com\/noticias\/wp-json\/wp\/v2\/comments?post=43928"}],"version-history":[{"count":1,"href":"https:\/\/elreporterohgo.com\/noticias\/wp-json\/wp\/v2\/posts\/43928\/revisions"}],"predecessor-version":[{"id":43930,"href":"https:\/\/elreporterohgo.com\/noticias\/wp-json\/wp\/v2\/posts\/43928\/revisions\/43930"}],"wp:featuredmedia":[{"embeddable":true,"href":"https:\/\/elreporterohgo.com\/noticias\/wp-json\/wp\/v2\/media\/43929"}],"wp:attachment":[{"href":"https:\/\/elreporterohgo.com\/noticias\/wp-json\/wp\/v2\/media?parent=43928"}],"wp:term":[{"taxonomy":"category","embeddable":true,"href":"https:\/\/elreporterohgo.com\/noticias\/wp-json\/wp\/v2\/categories?post=43928"},{"taxonomy":"post_tag","embeddable":true,"href":"https:\/\/elreporterohgo.com\/noticias\/wp-json\/wp\/v2\/tags?post=43928"}],"curies":[{"name":"wp","href":"https:\/\/api.w.org\/{rel}","templated":true}]}}