{"id":43918,"date":"2021-10-24T12:48:05","date_gmt":"2021-10-24T17:48:05","guid":{"rendered":"https:\/\/elreporterohgo.com\/noticias\/?p=43918"},"modified":"2021-10-24T12:50:03","modified_gmt":"2021-10-24T17:50:03","slug":"el-pri-cuenta-con-cuadros-de-sobrada-experiencia","status":"publish","type":"post","link":"https:\/\/elreporterohgo.com\/noticias\/2021\/10\/24\/el-pri-cuenta-con-cuadros-de-sobrada-experiencia\/","title":{"rendered":"El PRI cuenta con cuadros de sobrada experiencia"},"content":{"rendered":"\n<p><strong>O<\/strong><\/p>\n\n\n\n<figure class=\"wp-block-image\"><img fetchpriority=\"high\" decoding=\"async\" width=\"1024\" height=\"698\" src=\"https::\/\/elreporterohgo.com\/noticias\/wp-content\/uploads\/2021\/10\/Foto-2-4-1-1024x698.jpeg\" alt=\"\" class=\"wp-image-43921\" srcset=\"https:\/\/elreporterohgo.com\/noticias\/wp-content\/uploads\/2021\/10\/Foto-2-4-1-1024x698.jpeg 1024w, https:\/\/elreporterohgo.com\/noticias\/wp-content\/uploads\/2021\/10\/Foto-2-4-1-300x204.jpeg 300w, https:\/\/elreporterohgo.com\/noticias\/wp-content\/uploads\/2021\/10\/Foto-2-4-1-768x523.jpeg 768w, https:\/\/elreporterohgo.com\/noticias\/wp-content\/uploads\/2021\/10\/Foto-2-4-1.jpeg 1280w\" sizes=\"(max-width: 1024px) 100vw, 1024px\" \/><\/figure>\n\n\n\n<p>El Arenal, Hgo.- \u201cEstamos listos\npara reagruparnos, armarnos y salir a ganar la gubernatura\u201d, expres\u00f3 Julio\nValera Piedras, presidente del Partido Revolucionario Institucional (PRI) en\nHidalgo, durante su gira de trabajo por el municipio de El Arenal donde se\nreuni\u00f3 con estructura, clase pol\u00edtica y operadores pol\u00edticos de dicha\ndemarcaci\u00f3n.<\/p>\n\n\n\n<p>Acompa\u00f1ado por la\nsecretaria general, Paola Dom\u00ednguez Olmedo, Julio Valera inst\u00f3 a quienes se\ndieron cita a no dejarse enga\u00f1ar e impedir que los confundan, pues los\nopositores realizan comentarios de que el PRI se encuentra desunido, \u201cquieren\nsembrar entre nosotros que estamos divididos, pero la fuerza y la esencia de\nnuestro partido es la unidad\u201d.<\/p>\n\n\n\n<p>Remarc\u00f3 que\ncuando se elige un candidato o candidata, las y los priistas se ponen de\nacuerdo pues la herencia por a\u00f1os de dicho instituto pol\u00edtico es la\ninstitucionalidad, por lo que no\nse va a permitir que nada ni nadie los desuna, \u201cvayamos juntos y unidos como\nsiempre lo hemos hecho, que quede bien claro el PRI no se divide ni se\ndividir\u00e1\u201d.<\/p>\n\n\n\n<p>\u201cNuestra fuerza, radica\nen que tenemos cuadros de mujeres y hombres de sobrada experiencia, el PRI\nganar\u00e1, esa es la realidad. Vamos con todo, con el uso de todos los recursos\nque siempre hemos utilizado para ganar, que no quede duda, vamos con todo\nporque esta es una elecci\u00f3n fundamental para la vida del priismo nacional\u201d.<\/p>\n\n\n\n<p>Valera Piedras\nse\u00f1al\u00f3 que quienes s\u00ed est\u00e1n divididos son los opositores, puesto que la\nestructura que manejan es tribal, \u201cellos no se van a poner de acuerdo, no\ntienen candidatos originarios o emanados de su partido, en cambio, nosotros\ntenemos candidatas y candidatos de sobra\u201d.<\/p>\n\n\n\n<p>As\u00ed mismo, dijo\nque otro de los alicientes que le permitir\u00e1 al PRI salir victorioso en el\nsiguiente proceso electoral, son los resultados que ha entregado la\nadministraci\u00f3n del primer priista Omar Fayad, pues las acciones que ha\nimplementado lo posicionan a nivel nacional como el gobernador mejor evaluado\ndel pa\u00eds. <\/p>\n\n\n\n<p>\u201cCuando hay\nresultados de gobierno, cuando hay ganas de atender a la gente, se obtienen los\nresultados como los que entrega Omar Fayad, uno de los factores determinantes\ncon el que contamos. Tenemos el respaldo total del primer priista, \u00e9l es un\nclaro ejemplo de que las y los priistas gobernamos mejor\u201d.<\/p>\n","protected":false},"excerpt":{"rendered":"<p>O El Arenal, Hgo.- \u201cEstamos listos para reagruparnos, armarnos y salir a ganar la gubernatura\u201d, expres\u00f3 Julio Valera Piedras, presidente del Partido Revolucionario Institucional (PRI) en Hidalgo, durante su gira de trabajo por el municipio de El Arenal donde se reuni\u00f3 con estructura, clase pol\u00edtica y operadores pol\u00edticos de dicha demarcaci\u00f3n. Acompa\u00f1ado por la secretaria<\/p>\n","protected":false},"author":2,"featured_media":43919,"comment_status":"open","ping_status":"closed","sticky":false,"template":"","format":"standard","meta":{"footnotes":""},"categories":[10],"tags":[],"class_list":{"0":"post-43918","1":"post","2":"type-post","3":"status-publish","4":"format-standard","5":"has-post-thumbnail","7":"category-hidalgo"},"_links":{"self":[{"href":"https:\/\/elreporterohgo.com\/noticias\/wp-json\/wp\/v2\/posts\/43918","targetHints":{"allow":["GET"]}}],"collection":[{"href":"https:\/\/elreporterohgo.com\/noticias\/wp-json\/wp\/v2\/posts"}],"about":[{"href":"https:\/\/elreporterohgo.com\/noticias\/wp-json\/wp\/v2\/types\/post"}],"author":[{"embeddable":true,"href":"https:\/\/elreporterohgo.com\/noticias\/wp-json\/wp\/v2\/users\/2"}],"replies":[{"embeddable":true,"href":"https:\/\/elreporterohgo.com\/noticias\/wp-json\/wp\/v2\/comments?post=43918"}],"version-history":[{"count":2,"href":"https:\/\/elreporterohgo.com\/noticias\/wp-json\/wp\/v2\/posts\/43918\/revisions"}],"predecessor-version":[{"id":43922,"href":"https:\/\/elreporterohgo.com\/noticias\/wp-json\/wp\/v2\/posts\/43918\/revisions\/43922"}],"wp:featuredmedia":[{"embeddable":true,"href":"https:\/\/elreporterohgo.com\/noticias\/wp-json\/wp\/v2\/media\/43919"}],"wp:attachment":[{"href":"https:\/\/elreporterohgo.com\/noticias\/wp-json\/wp\/v2\/media?parent=43918"}],"wp:term":[{"taxonomy":"category","embeddable":true,"href":"https:\/\/elreporterohgo.com\/noticias\/wp-json\/wp\/v2\/categories?post=43918"},{"taxonomy":"post_tag","embeddable":true,"href":"https:\/\/elreporterohgo.com\/noticias\/wp-json\/wp\/v2\/tags?post=43918"}],"curies":[{"name":"wp","href":"https:\/\/api.w.org\/{rel}","templated":true}]}}