{"id":43914,"date":"2021-10-23T15:32:15","date_gmt":"2021-10-23T20:32:15","guid":{"rendered":"https:\/\/elreporterohgo.com\/noticias\/?p=43914"},"modified":"2021-10-23T15:32:16","modified_gmt":"2021-10-23T20:32:16","slug":"le-quitaron-el-vehiculo-al-operador-de-un-trailer","status":"publish","type":"post","link":"https:\/\/elreporterohgo.com\/noticias\/2021\/10\/23\/le-quitaron-el-vehiculo-al-operador-de-un-trailer\/","title":{"rendered":"Le quitaron el veh\u00edculo al operador de un tr\u00e1iler"},"content":{"rendered":"\n<figure class=\"wp-block-image\"><img fetchpriority=\"high\" decoding=\"async\" width=\"982\" height=\"651\" src=\"https::\/\/elreporterohgo.com\/noticias\/wp-content\/uploads\/2021\/10\/992d6dcc-b80d-46b1-9209-edbfcf976dda.jpg\" alt=\"\" class=\"wp-image-43915\" srcset=\"https:\/\/elreporterohgo.com\/noticias\/wp-content\/uploads\/2021\/10\/992d6dcc-b80d-46b1-9209-edbfcf976dda.jpg 982w, https:\/\/elreporterohgo.com\/noticias\/wp-content\/uploads\/2021\/10\/992d6dcc-b80d-46b1-9209-edbfcf976dda-300x199.jpg 300w, https:\/\/elreporterohgo.com\/noticias\/wp-content\/uploads\/2021\/10\/992d6dcc-b80d-46b1-9209-edbfcf976dda-768x509.jpg 768w\" sizes=\"(max-width: 982px) 100vw, 982px\" \/><\/figure>\n\n\n\n<figure class=\"wp-block-image\"><img decoding=\"async\" width=\"1024\" height=\"766\" src=\"https::\/\/elreporterohgo.com\/noticias\/wp-content\/uploads\/2021\/10\/b38d92de-6595-430e-8c2a-c1ac35c59b3b-1024x766.jpg\" alt=\"\" class=\"wp-image-43916\" srcset=\"https:\/\/elreporterohgo.com\/noticias\/wp-content\/uploads\/2021\/10\/b38d92de-6595-430e-8c2a-c1ac35c59b3b-1024x766.jpg 1024w, https:\/\/elreporterohgo.com\/noticias\/wp-content\/uploads\/2021\/10\/b38d92de-6595-430e-8c2a-c1ac35c59b3b-300x225.jpg 300w, https:\/\/elreporterohgo.com\/noticias\/wp-content\/uploads\/2021\/10\/b38d92de-6595-430e-8c2a-c1ac35c59b3b-768x575.jpg 768w, https:\/\/elreporterohgo.com\/noticias\/wp-content\/uploads\/2021\/10\/b38d92de-6595-430e-8c2a-c1ac35c59b3b.jpg 1280w\" sizes=\"(max-width: 1024px) 100vw, 1024px\" \/><\/figure>\n\n\n\n<p>Durante la madrugada de hoy<\/p>\n\n\n\n<p>Recuperaor por la Polic\u00eda Municipal de Apan<\/p>\n\n\n\n<p>Por Juan Sabino Cruz<\/p>\n\n\n\n<p>Emiliano zapata, Hgo.- Solitario sujeto amag\u00f3 al operador de\nun tr\u00e1iler para atarlo y llevarse el costoso tracto-cami\u00f3n, la noche de ayer,\nen el Oxxo que se ubica en la intersecci\u00f3n de la carretera Emiliano Zapata-Apan.<\/p>\n\n\n\n<p>Minutos antes de la media noche, al n\u00famero de emergencias se\nreport\u00f3 el robo de un veh\u00edculo en el referido lugar.<\/p>\n\n\n\n<p>Diferentes corporaciones policiacas acuden al lugar y el\noperador explic\u00f3 que ten\u00eda orillado el tracto-cami\u00f3n marca Kenworth, &nbsp;modelo 2019, color negro con r\u00f3tulos naranja de\n\u201c\u00c1rale Expr\u00e9s\u201d, matr\u00edcula 41AGAV de Servicio P\u00fablico.<\/p>\n\n\n\n<p>Dijo que al lugar lleg\u00f3 un desconocido que vest\u00eda chamarra\nnegra y tra\u00eda cubre bocas oscuro, mismas que lo amago para obligarlo a que se\nagachara, lo amarro, desengancho el tracto de la caja y se lo llev\u00f3 con\ndirecci\u00f3n a Apan.<\/p>\n\n\n\n<p>RRECUPERAN EL TRACTOCAMI\u00d3N<\/p>\n\n\n\n<p>Despu\u00e9s de las dos horas de hoy, oficiales de Seguridad\nMunicipal de Apan realizaban recorridos de seguridad por carreteras cuando\ndetectaron un cami\u00f3n abandonado en la carretera Apan- Emiliano Zapata, a la\naltura de la universidad de Chimalpa.<\/p>\n\n\n\n<p>El veh\u00edculo color negro con placas de circulaci\u00f3n 41AG1V,\nn\u00famero econ\u00f3mico 246, con raz\u00f3n social \u201cGrupo Arralo\u201d, era el mismo que fue\nrobado de Emiliano Zapata, el mismo estaba con la puerta abierta y las llaves\npegadas.<\/p>\n\n\n\n<p>As\u00ed el veh\u00edculo fue asegurado y resguardado en tanto el\npropietario acredita la propiedad para que le sea devuelto.<\/p>\n","protected":false},"excerpt":{"rendered":"<p>Durante la madrugada de hoy Recuperaor por la Polic\u00eda Municipal de Apan Por Juan Sabino Cruz Emiliano zapata, Hgo.- Solitario sujeto amag\u00f3 al operador de un tr\u00e1iler para atarlo y llevarse el costoso tracto-cami\u00f3n, la noche de ayer, en el Oxxo que se ubica en la intersecci\u00f3n de la carretera Emiliano Zapata-Apan. Minutos antes de<\/p>\n","protected":false},"author":2,"featured_media":43915,"comment_status":"open","ping_status":"closed","sticky":false,"template":"","format":"standard","meta":{"footnotes":""},"categories":[10],"tags":[],"class_list":{"0":"post-43914","1":"post","2":"type-post","3":"status-publish","4":"format-standard","5":"has-post-thumbnail","7":"category-hidalgo"},"_links":{"self":[{"href":"https:\/\/elreporterohgo.com\/noticias\/wp-json\/wp\/v2\/posts\/43914","targetHints":{"allow":["GET"]}}],"collection":[{"href":"https:\/\/elreporterohgo.com\/noticias\/wp-json\/wp\/v2\/posts"}],"about":[{"href":"https:\/\/elreporterohgo.com\/noticias\/wp-json\/wp\/v2\/types\/post"}],"author":[{"embeddable":true,"href":"https:\/\/elreporterohgo.com\/noticias\/wp-json\/wp\/v2\/users\/2"}],"replies":[{"embeddable":true,"href":"https:\/\/elreporterohgo.com\/noticias\/wp-json\/wp\/v2\/comments?post=43914"}],"version-history":[{"count":1,"href":"https:\/\/elreporterohgo.com\/noticias\/wp-json\/wp\/v2\/posts\/43914\/revisions"}],"predecessor-version":[{"id":43917,"href":"https:\/\/elreporterohgo.com\/noticias\/wp-json\/wp\/v2\/posts\/43914\/revisions\/43917"}],"wp:featuredmedia":[{"embeddable":true,"href":"https:\/\/elreporterohgo.com\/noticias\/wp-json\/wp\/v2\/media\/43915"}],"wp:attachment":[{"href":"https:\/\/elreporterohgo.com\/noticias\/wp-json\/wp\/v2\/media?parent=43914"}],"wp:term":[{"taxonomy":"category","embeddable":true,"href":"https:\/\/elreporterohgo.com\/noticias\/wp-json\/wp\/v2\/categories?post=43914"},{"taxonomy":"post_tag","embeddable":true,"href":"https:\/\/elreporterohgo.com\/noticias\/wp-json\/wp\/v2\/tags?post=43914"}],"curies":[{"name":"wp","href":"https:\/\/api.w.org\/{rel}","templated":true}]}}