{"id":43911,"date":"2021-10-23T05:55:16","date_gmt":"2021-10-23T10:55:16","guid":{"rendered":"https:\/\/elreporterohgo.com\/noticias\/?p=43911"},"modified":"2021-10-23T05:55:17","modified_gmt":"2021-10-23T10:55:17","slug":"trio-de-hampones-presos-por-asalto-agravado-y-robo","status":"publish","type":"post","link":"https:\/\/elreporterohgo.com\/noticias\/2021\/10\/23\/trio-de-hampones-presos-por-asalto-agravado-y-robo\/","title":{"rendered":"Tr\u00edo de hampones presos por asalto agravado y robo"},"content":{"rendered":"\n<figure class=\"wp-block-image\"><img fetchpriority=\"high\" decoding=\"async\" width=\"1024\" height=\"768\" src=\"https::\/\/elreporterohgo.com\/noticias\/wp-content\/uploads\/2021\/10\/97d606c3-ed38-41d2-9ff5-6c5c67ff8c2d-1-1024x768.jpg\" alt=\"\" class=\"wp-image-43912\" srcset=\"https:\/\/elreporterohgo.com\/noticias\/wp-content\/uploads\/2021\/10\/97d606c3-ed38-41d2-9ff5-6c5c67ff8c2d-1-1024x768.jpg 1024w, https:\/\/elreporterohgo.com\/noticias\/wp-content\/uploads\/2021\/10\/97d606c3-ed38-41d2-9ff5-6c5c67ff8c2d-1-300x225.jpg 300w, https:\/\/elreporterohgo.com\/noticias\/wp-content\/uploads\/2021\/10\/97d606c3-ed38-41d2-9ff5-6c5c67ff8c2d-1-768x576.jpg 768w, https:\/\/elreporterohgo.com\/noticias\/wp-content\/uploads\/2021\/10\/97d606c3-ed38-41d2-9ff5-6c5c67ff8c2d-1.jpg 1280w\" sizes=\"(max-width: 1024px) 100vw, 1024px\" \/><\/figure>\n\n\n\n<p>Pachuca de Soto, Hgo.- Una agente del Ministerio P\u00fablico de la Subprocuradur\u00eda poniente, obtuvo\nde un juez de control la vinculaci\u00f3n a proceso de tres personas por asalto\nequiparado agravado y robo.<\/p>\n\n\n\n<p>Los hechos\nque se les imputan a Pablo \u201cN\u201d, Juan Carlos \u201cN\u201d y Alejandro \u201cN, tuvieron lugar\nen San Agust\u00edn Tlaxiaca el 24 de septiembre pasado, cuando a dos personas que\nfueron amagadas y amenazadas con arma de fuego las despojaron de un cargamento\nde cajetillas de cigarros cuyo valor aproximado es de 1 mill\u00f3n de pesos.<\/p>\n\n\n\n<p>Al tener\nconocimiento de lo ocurrido, la PGJEH inici\u00f3 las investigaciones\ncorrespondientes, de las cuales se estableci\u00f3 la probable participaci\u00f3n de los\nimputados, por lo que la agente del Ministerio P\u00fablico se encarg\u00f3 de reunir los\ndatos de prueba para formular la imputaci\u00f3n correspondiente ante un juez de\ncontrol.<\/p>\n\n\n\n<p>Con base en\nlos datos de prueba que aport\u00f3 el Ministerio P\u00fablico se consigui\u00f3 de la\nautoridad judicial la vinculaci\u00f3n a proceso para las tres personas probables.<\/p>\n\n\n\n<p>La medida\ncautelar impuesta para los imputados fue la prisi\u00f3n preventiva oficiosa; para\nambas partes se estableci\u00f3 un plazo de dos meses para el cierre de la\ninvestigaci\u00f3n complementaria.&nbsp;<\/p>\n","protected":false},"excerpt":{"rendered":"<p>Pachuca de Soto, Hgo.- Una agente del Ministerio P\u00fablico de la Subprocuradur\u00eda poniente, obtuvo de un juez de control la vinculaci\u00f3n a proceso de tres personas por asalto equiparado agravado y robo. Los hechos que se les imputan a Pablo \u201cN\u201d, Juan Carlos \u201cN\u201d y Alejandro \u201cN, tuvieron lugar en San Agust\u00edn Tlaxiaca el 24<\/p>\n","protected":false},"author":2,"featured_media":43912,"comment_status":"open","ping_status":"closed","sticky":false,"template":"","format":"standard","meta":{"footnotes":""},"categories":[10],"tags":[],"class_list":{"0":"post-43911","1":"post","2":"type-post","3":"status-publish","4":"format-standard","5":"has-post-thumbnail","7":"category-hidalgo"},"_links":{"self":[{"href":"https:\/\/elreporterohgo.com\/noticias\/wp-json\/wp\/v2\/posts\/43911","targetHints":{"allow":["GET"]}}],"collection":[{"href":"https:\/\/elreporterohgo.com\/noticias\/wp-json\/wp\/v2\/posts"}],"about":[{"href":"https:\/\/elreporterohgo.com\/noticias\/wp-json\/wp\/v2\/types\/post"}],"author":[{"embeddable":true,"href":"https:\/\/elreporterohgo.com\/noticias\/wp-json\/wp\/v2\/users\/2"}],"replies":[{"embeddable":true,"href":"https:\/\/elreporterohgo.com\/noticias\/wp-json\/wp\/v2\/comments?post=43911"}],"version-history":[{"count":1,"href":"https:\/\/elreporterohgo.com\/noticias\/wp-json\/wp\/v2\/posts\/43911\/revisions"}],"predecessor-version":[{"id":43913,"href":"https:\/\/elreporterohgo.com\/noticias\/wp-json\/wp\/v2\/posts\/43911\/revisions\/43913"}],"wp:featuredmedia":[{"embeddable":true,"href":"https:\/\/elreporterohgo.com\/noticias\/wp-json\/wp\/v2\/media\/43912"}],"wp:attachment":[{"href":"https:\/\/elreporterohgo.com\/noticias\/wp-json\/wp\/v2\/media?parent=43911"}],"wp:term":[{"taxonomy":"category","embeddable":true,"href":"https:\/\/elreporterohgo.com\/noticias\/wp-json\/wp\/v2\/categories?post=43911"},{"taxonomy":"post_tag","embeddable":true,"href":"https:\/\/elreporterohgo.com\/noticias\/wp-json\/wp\/v2\/tags?post=43911"}],"curies":[{"name":"wp","href":"https:\/\/api.w.org\/{rel}","templated":true}]}}