{"id":43907,"date":"2021-10-23T05:46:25","date_gmt":"2021-10-23T10:46:25","guid":{"rendered":"https:\/\/elreporterohgo.com\/noticias\/?p=43907"},"modified":"2021-10-23T05:46:26","modified_gmt":"2021-10-23T10:46:26","slug":"capturan-a-homicida-que-se-escondia-en-usa","status":"publish","type":"post","link":"https:\/\/elreporterohgo.com\/noticias\/2021\/10\/23\/capturan-a-homicida-que-se-escondia-en-usa\/","title":{"rendered":"Capturan a homicida que se escondia en USA"},"content":{"rendered":"\n<figure class=\"wp-block-image\"><img fetchpriority=\"high\" decoding=\"async\" width=\"516\" height=\"654\" src=\"https::\/\/elreporterohgo.com\/noticias\/wp-content\/uploads\/2021\/10\/00llego-2.jpg\" alt=\"\" class=\"wp-image-43909\" srcset=\"https:\/\/elreporterohgo.com\/noticias\/wp-content\/uploads\/2021\/10\/00llego-2.jpg 516w, https:\/\/elreporterohgo.com\/noticias\/wp-content\/uploads\/2021\/10\/00llego-2-237x300.jpg 237w\" sizes=\"(max-width: 516px) 100vw, 516px\" \/><\/figure>\n\n\n\n<p>Tuvieron que extraditarlo de Guatemala<\/p>\n\n\n\n<p>PACHUCA, Hgo.- La Procuradur\u00eda General de Justicia del estado de Hidalgo, con el apoyo de la Fiscal\u00eda General de la Rep\u00fablica a trav\u00e9s de la Direcci\u00f3n General de Procedimientos Internacionales, logr\u00f3 la extradici\u00f3n de la Rep\u00fablica de Guatemala a M\u00e9xico, de una persona de identidad reservada bajo las iniciales L. \u00c1. G. C. M. \u00c1., a quien desde hace m\u00e1s de 20 a\u00f1os esta autoridad buscaba cumplir una orden de aprehensi\u00f3n librada por solicitud del Ministerio P\u00fablico en la averiguaci\u00f3n previa del sistema inquisitorio 18\/CAVIT\/080\/97, por homicidio calificado.<\/p>\n\n\n\n<p>Los hechos por los que el indiciado era\nbuscado en M\u00e9xico y en el extranjero, ocurrieron el 10 de marzo de 1997 en la\nrec\u00e1mara de una casa habitaci\u00f3n ubicada en la colonia San Luis, de Tulancingo\nde Bravo, lugar en el que dos personas menores de edad fueron halladas sin vida\ny con signos de violencia.<\/p>\n\n\n\n<p>A partir de la denuncia esta\nrepresentaci\u00f3n social realiz\u00f3 diversos actos de investigaci\u00f3n desde ese tiempo\ny entre los m\u00e1s recientes: <\/p>\n\n\n\n<p>El 1 de agosto de 2019, la PGJEH solicit\u00f3 ante\nla direcci\u00f3n general de procedimientos internacionales e Interpol, la ficha de\nb\u00fasqueda, ficha roja y alerta migratoria contra el inculpado, quedando\nestablecidas el 23 de agosto de ese mismo a\u00f1o.<\/p>\n\n\n\n<p>El probable fue detenido en Estados Unidos\nel 14 de noviembre de 2019 y se orden\u00f3 su deportaci\u00f3n a M\u00e9xico para el 20 de\nfebrero de 2020, sin embargo se cancel\u00f3 legalmente en virtud de su doble\nnacionalidad (mexicana y guatemalteca). <\/p>\n\n\n\n<p>Finalmente su extradici\u00f3n la obtuvo la\nRep\u00fablica de Guatemala, pa\u00eds en el que fue detenido en cumplimiento de la orden\nde aprehensi\u00f3n solicitada por la PGJEH, esto en atenci\u00f3n a la solicitud de\ndetenci\u00f3n provisional con fines de extradici\u00f3n, realizada por M\u00e9xico.<\/p>\n\n\n\n<p>A partir de ese momento, la PGJEH hizo la\npetici\u00f3n formal y legal con fines de extradici\u00f3n de la Rep\u00fablica de Guatemala a\nM\u00e9xico, pese a ello, las autoridades guatemaltecas manifestaron que para la\nlegislaci\u00f3n de dicho pa\u00eds podr\u00eda existir un tema de prescripci\u00f3n, raz\u00f3n por la\nque se neg\u00f3 la extradici\u00f3n del inculpado. <\/p>\n\n\n\n<p>A trav\u00e9s de la Fiscal\u00eda General de la\nRep\u00fablica se apel\u00f3 esa resoluci\u00f3n y el pasado 18 de octubre del a\u00f1o en curso se\ninform\u00f3 de la entrega en extradici\u00f3n de L. \u00c1. G. C. M. \u00c1., quien en estos\nmomentos ya est\u00e1 bajo la responsabilidad de la PGJEH y ser\u00e1 puesto a\ndisposici\u00f3n del juzgado primero penal de Pachuca.<\/p>\n\n\n\n<p>Con este logro se extiende un\nreconocimiento a todas y todos los agentes del Ministerio P\u00fablico que a partir\nde la gesti\u00f3n del procurador Omar Fayad Meneses hasta hoy que \u00e9l es gobernador,\nse han empe\u00f1ado en la investigaci\u00f3n. <\/p>\n","protected":false},"excerpt":{"rendered":"<p>Tuvieron que extraditarlo de Guatemala PACHUCA, Hgo.- La Procuradur\u00eda General de Justicia del estado de Hidalgo, con el apoyo de la Fiscal\u00eda General de la Rep\u00fablica a trav\u00e9s de la Direcci\u00f3n General de Procedimientos Internacionales, logr\u00f3 la extradici\u00f3n de la Rep\u00fablica de Guatemala a M\u00e9xico, de una persona de identidad reservada bajo las iniciales L.<\/p>\n","protected":false},"author":2,"featured_media":43909,"comment_status":"open","ping_status":"closed","sticky":false,"template":"","format":"standard","meta":{"footnotes":""},"categories":[10],"tags":[],"class_list":{"0":"post-43907","1":"post","2":"type-post","3":"status-publish","4":"format-standard","5":"has-post-thumbnail","7":"category-hidalgo"},"_links":{"self":[{"href":"https:\/\/elreporterohgo.com\/noticias\/wp-json\/wp\/v2\/posts\/43907","targetHints":{"allow":["GET"]}}],"collection":[{"href":"https:\/\/elreporterohgo.com\/noticias\/wp-json\/wp\/v2\/posts"}],"about":[{"href":"https:\/\/elreporterohgo.com\/noticias\/wp-json\/wp\/v2\/types\/post"}],"author":[{"embeddable":true,"href":"https:\/\/elreporterohgo.com\/noticias\/wp-json\/wp\/v2\/users\/2"}],"replies":[{"embeddable":true,"href":"https:\/\/elreporterohgo.com\/noticias\/wp-json\/wp\/v2\/comments?post=43907"}],"version-history":[{"count":1,"href":"https:\/\/elreporterohgo.com\/noticias\/wp-json\/wp\/v2\/posts\/43907\/revisions"}],"predecessor-version":[{"id":43910,"href":"https:\/\/elreporterohgo.com\/noticias\/wp-json\/wp\/v2\/posts\/43907\/revisions\/43910"}],"wp:featuredmedia":[{"embeddable":true,"href":"https:\/\/elreporterohgo.com\/noticias\/wp-json\/wp\/v2\/media\/43909"}],"wp:attachment":[{"href":"https:\/\/elreporterohgo.com\/noticias\/wp-json\/wp\/v2\/media?parent=43907"}],"wp:term":[{"taxonomy":"category","embeddable":true,"href":"https:\/\/elreporterohgo.com\/noticias\/wp-json\/wp\/v2\/categories?post=43907"},{"taxonomy":"post_tag","embeddable":true,"href":"https:\/\/elreporterohgo.com\/noticias\/wp-json\/wp\/v2\/tags?post=43907"}],"curies":[{"name":"wp","href":"https:\/\/api.w.org\/{rel}","templated":true}]}}