{"id":43898,"date":"2021-10-22T23:07:37","date_gmt":"2021-10-23T04:07:37","guid":{"rendered":"https:\/\/elreporterohgo.com\/noticias\/?p=43898"},"modified":"2021-10-22T23:07:38","modified_gmt":"2021-10-23T04:07:38","slug":"vacunacion-contra-covid-19-a-menores-de-12-a-17-anos-con-comorbilidades-de-riesgo","status":"publish","type":"post","link":"https:\/\/elreporterohgo.com\/noticias\/2021\/10\/22\/vacunacion-contra-covid-19-a-menores-de-12-a-17-anos-con-comorbilidades-de-riesgo\/","title":{"rendered":"Vacunaci\u00f3n contra COVID-19 a menores de 12 a 17 a\u00f1os con comorbilidades de riesgo"},"content":{"rendered":"\n<figure class=\"wp-block-image\"><img fetchpriority=\"high\" decoding=\"async\" width=\"1024\" height=\"766\" src=\"https::\/\/elreporterohgo.com\/noticias\/wp-content\/uploads\/2021\/10\/5239-3-1024x766.jpeg\" alt=\"\" class=\"wp-image-43899\" srcset=\"https:\/\/elreporterohgo.com\/noticias\/wp-content\/uploads\/2021\/10\/5239-3-1024x766.jpeg 1024w, https:\/\/elreporterohgo.com\/noticias\/wp-content\/uploads\/2021\/10\/5239-3-300x225.jpeg 300w, https:\/\/elreporterohgo.com\/noticias\/wp-content\/uploads\/2021\/10\/5239-3-768x575.jpeg 768w, https:\/\/elreporterohgo.com\/noticias\/wp-content\/uploads\/2021\/10\/5239-3.jpeg 1280w\" sizes=\"(max-width: 1024px) 100vw, 1024px\" \/><\/figure>\n\n\n\n<p>PACHUCA, Hgo.- El Instituto Mexicano del Seguro Social (IMSS) en Hidalgo vacunar\u00e1 a 150\nj\u00f3venes hidalguenses en la Unidad de Medicina Familiar (UMF) No. 34, en\nTulancingo, de acuerdo con la Gu\u00eda estrat\u00e9gica de vacunaci\u00f3n contra COVID-19 en\nmenores de 12 a 17 a\u00f1os con comorbilidades de riesgo.<\/p>\n\n\n\n<p>La vacunaci\u00f3n para ese grupo ser\u00e1 utilizando la vacuna BNT162b2 de\nPfizer\/BioNTech que, hasta la fecha, es la \u00fanica plataforma vacunal que ha\ndemostrado seguridad e inmunogenicidad en personas de 12 a\u00f1os en adelante,\ncontando con la aprobaci\u00f3n para su aplicaci\u00f3n de emergencia por la Comisi\u00f3n\nFederal para la Protecci\u00f3n Contra Riesgos Sanitarios (Cofepris) de M\u00e9xico.<\/p>\n\n\n\n<p>Cabe resaltar que este esfuerzo tiene como objetivo inmunizar a toda la\npoblaci\u00f3n, para reducir los contagios en menores y desarrollar la mayor\nprotecci\u00f3n posible contra el virus de SARS-CoV-2. <\/p>\n","protected":false},"excerpt":{"rendered":"<p>PACHUCA, Hgo.- El Instituto Mexicano del Seguro Social (IMSS) en Hidalgo vacunar\u00e1 a 150 j\u00f3venes hidalguenses en la Unidad de Medicina Familiar (UMF) No. 34, en Tulancingo, de acuerdo con la Gu\u00eda estrat\u00e9gica de vacunaci\u00f3n contra COVID-19 en menores de 12 a 17 a\u00f1os con comorbilidades de riesgo. La vacunaci\u00f3n para ese grupo ser\u00e1 utilizando<\/p>\n","protected":false},"author":2,"featured_media":43899,"comment_status":"open","ping_status":"closed","sticky":false,"template":"","format":"standard","meta":{"footnotes":""},"categories":[10],"tags":[],"class_list":{"0":"post-43898","1":"post","2":"type-post","3":"status-publish","4":"format-standard","5":"has-post-thumbnail","7":"category-hidalgo"},"_links":{"self":[{"href":"https:\/\/elreporterohgo.com\/noticias\/wp-json\/wp\/v2\/posts\/43898","targetHints":{"allow":["GET"]}}],"collection":[{"href":"https:\/\/elreporterohgo.com\/noticias\/wp-json\/wp\/v2\/posts"}],"about":[{"href":"https:\/\/elreporterohgo.com\/noticias\/wp-json\/wp\/v2\/types\/post"}],"author":[{"embeddable":true,"href":"https:\/\/elreporterohgo.com\/noticias\/wp-json\/wp\/v2\/users\/2"}],"replies":[{"embeddable":true,"href":"https:\/\/elreporterohgo.com\/noticias\/wp-json\/wp\/v2\/comments?post=43898"}],"version-history":[{"count":1,"href":"https:\/\/elreporterohgo.com\/noticias\/wp-json\/wp\/v2\/posts\/43898\/revisions"}],"predecessor-version":[{"id":43900,"href":"https:\/\/elreporterohgo.com\/noticias\/wp-json\/wp\/v2\/posts\/43898\/revisions\/43900"}],"wp:featuredmedia":[{"embeddable":true,"href":"https:\/\/elreporterohgo.com\/noticias\/wp-json\/wp\/v2\/media\/43899"}],"wp:attachment":[{"href":"https:\/\/elreporterohgo.com\/noticias\/wp-json\/wp\/v2\/media?parent=43898"}],"wp:term":[{"taxonomy":"category","embeddable":true,"href":"https:\/\/elreporterohgo.com\/noticias\/wp-json\/wp\/v2\/categories?post=43898"},{"taxonomy":"post_tag","embeddable":true,"href":"https:\/\/elreporterohgo.com\/noticias\/wp-json\/wp\/v2\/tags?post=43898"}],"curies":[{"name":"wp","href":"https:\/\/api.w.org\/{rel}","templated":true}]}}