{"id":43884,"date":"2021-10-22T18:08:11","date_gmt":"2021-10-22T23:08:11","guid":{"rendered":"https:\/\/elreporterohgo.com\/noticias\/?p=43884"},"modified":"2021-10-22T18:09:47","modified_gmt":"2021-10-22T23:09:47","slug":"por-violar-a-una-menor-fue-condenado-a-cinco-anos-de-prision","status":"publish","type":"post","link":"https:\/\/elreporterohgo.com\/noticias\/2021\/10\/22\/por-violar-a-una-menor-fue-condenado-a-cinco-anos-de-prision\/","title":{"rendered":"Por violar a una menor fue condenado a cinco a\u00f1os de prisi\u00f3n"},"content":{"rendered":"\n<p><strong>o<\/strong><\/p>\n\n\n\n<figure class=\"wp-block-image\"><img fetchpriority=\"high\" decoding=\"async\" width=\"359\" height=\"233\" src=\"https::\/\/elreporterohgo.com\/noticias\/wp-content\/uploads\/2021\/10\/safe_image-2-1-1.jpg\" alt=\"\" class=\"wp-image-43885\" srcset=\"https:\/\/elreporterohgo.com\/noticias\/wp-content\/uploads\/2021\/10\/safe_image-2-1-1.jpg 359w, https:\/\/elreporterohgo.com\/noticias\/wp-content\/uploads\/2021\/10\/safe_image-2-1-1-300x195.jpg 300w\" sizes=\"(max-width: 359px) 100vw, 359px\" \/><\/figure>\n\n\n\n<p>Derivado de los trabajos de\ninvestigaci\u00f3n realizados por la Procuradur\u00eda General de Justicia del estado de\nHidalgo (PGJEH) a trav\u00e9s de la Subprocuradur\u00eda de Derechos Humanos y Servicios\na la Comunidad, se acredit\u00f3 plenamente ante la autoridad judicial la\nresponsabilidad de una persona en hechos que la ley se\u00f1ala como abuso sexual\nagravado, motivo por el que fue sentenciada a 5 a\u00f1os de prisi\u00f3n.<\/p>\n\n\n\n<p>Los hechos imputados a una\npersona de identidad reservada bajo las iniciales J. M. H. R., y por los que\nfue sentenciada ocurrieron el 26 de agosto del 2019 en Santiago Tulantepec,\ncuando en repetidas ocasiones agredi\u00f3 sexualmente a la v\u00edctima, quien es menor\nde edad.<\/p>\n\n\n\n<p>A partir de la denuncia ante\nesta representaci\u00f3n social, un agente del Ministerio P\u00fablico adscrito a la\nSubprocuradur\u00eda de Derechos Humanos y Servicios a la Comunidad se encarg\u00f3 de\ncoordinar las investigaciones para obtener los datos de prueba contra J. M. H.\nR., mismos que sirvieron para obtener su vinculaci\u00f3n a proceso.<\/p>\n\n\n\n<p>Una vez agotadas todas las\netapas del proceso penal, el tribunal de enjuiciamiento dict\u00f3 sentencia\ncondenatoria por abuso sexual agravado. <\/p>\n\n\n\n<p>En la audiencia de\nindividualizaci\u00f3n de sanciones a la persona identificada como J. M. H. R., le\nfue impuesta una pena privativa de la libertad de 5 a\u00f1os de prisi\u00f3n, una multa\necon\u00f3mica, el pago por concepto de reparaci\u00f3n del da\u00f1o y la suspensi\u00f3n de sus\nderechos pol\u00edticos.<\/p>\n","protected":false},"excerpt":{"rendered":"<p>o Derivado de los trabajos de investigaci\u00f3n realizados por la Procuradur\u00eda General de Justicia del estado de Hidalgo (PGJEH) a trav\u00e9s de la Subprocuradur\u00eda de Derechos Humanos y Servicios a la Comunidad, se acredit\u00f3 plenamente ante la autoridad judicial la responsabilidad de una persona en hechos que la ley se\u00f1ala como abuso sexual agravado, motivo<\/p>\n","protected":false},"author":2,"featured_media":43885,"comment_status":"open","ping_status":"closed","sticky":false,"template":"","format":"standard","meta":{"footnotes":""},"categories":[10],"tags":[],"class_list":{"0":"post-43884","1":"post","2":"type-post","3":"status-publish","4":"format-standard","5":"has-post-thumbnail","7":"category-hidalgo"},"_links":{"self":[{"href":"https:\/\/elreporterohgo.com\/noticias\/wp-json\/wp\/v2\/posts\/43884","targetHints":{"allow":["GET"]}}],"collection":[{"href":"https:\/\/elreporterohgo.com\/noticias\/wp-json\/wp\/v2\/posts"}],"about":[{"href":"https:\/\/elreporterohgo.com\/noticias\/wp-json\/wp\/v2\/types\/post"}],"author":[{"embeddable":true,"href":"https:\/\/elreporterohgo.com\/noticias\/wp-json\/wp\/v2\/users\/2"}],"replies":[{"embeddable":true,"href":"https:\/\/elreporterohgo.com\/noticias\/wp-json\/wp\/v2\/comments?post=43884"}],"version-history":[{"count":2,"href":"https:\/\/elreporterohgo.com\/noticias\/wp-json\/wp\/v2\/posts\/43884\/revisions"}],"predecessor-version":[{"id":43888,"href":"https:\/\/elreporterohgo.com\/noticias\/wp-json\/wp\/v2\/posts\/43884\/revisions\/43888"}],"wp:featuredmedia":[{"embeddable":true,"href":"https:\/\/elreporterohgo.com\/noticias\/wp-json\/wp\/v2\/media\/43885"}],"wp:attachment":[{"href":"https:\/\/elreporterohgo.com\/noticias\/wp-json\/wp\/v2\/media?parent=43884"}],"wp:term":[{"taxonomy":"category","embeddable":true,"href":"https:\/\/elreporterohgo.com\/noticias\/wp-json\/wp\/v2\/categories?post=43884"},{"taxonomy":"post_tag","embeddable":true,"href":"https:\/\/elreporterohgo.com\/noticias\/wp-json\/wp\/v2\/tags?post=43884"}],"curies":[{"name":"wp","href":"https:\/\/api.w.org\/{rel}","templated":true}]}}