{"id":43878,"date":"2021-10-22T16:43:05","date_gmt":"2021-10-22T21:43:05","guid":{"rendered":"https:\/\/elreporterohgo.com\/noticias\/?p=43878"},"modified":"2021-10-22T16:43:07","modified_gmt":"2021-10-22T21:43:07","slug":"instalacion-de-comision-del-trabajo-de-la-xlv-legislatura-del-congreso-local","status":"publish","type":"post","link":"https:\/\/elreporterohgo.com\/noticias\/2021\/10\/22\/instalacion-de-comision-del-trabajo-de-la-xlv-legislatura-del-congreso-local\/","title":{"rendered":"Instalaci\u00f3n de Comisi\u00f3n del Trabajo de la XLV Legislatura del Congreso Local"},"content":{"rendered":"\n<figure class=\"wp-block-image\"><img fetchpriority=\"high\" decoding=\"async\" width=\"1024\" height=\"682\" src=\"https::\/\/elreporterohgo.com\/noticias\/wp-content\/uploads\/2021\/10\/Bolet\u00edn-65-Instalaci\u00f3n-de-la-Comisi\u00f3n-del-Trabajo-1-1024x682.jpeg\" alt=\"\" class=\"wp-image-43879\" srcset=\"https:\/\/elreporterohgo.com\/noticias\/wp-content\/uploads\/2021\/10\/Bolet\u00edn-65-Instalaci\u00f3n-de-la-Comisi\u00f3n-del-Trabajo-1-1024x682.jpeg 1024w, https:\/\/elreporterohgo.com\/noticias\/wp-content\/uploads\/2021\/10\/Bolet\u00edn-65-Instalaci\u00f3n-de-la-Comisi\u00f3n-del-Trabajo-1-300x200.jpeg 300w, https:\/\/elreporterohgo.com\/noticias\/wp-content\/uploads\/2021\/10\/Bolet\u00edn-65-Instalaci\u00f3n-de-la-Comisi\u00f3n-del-Trabajo-1-768x512.jpeg 768w, https:\/\/elreporterohgo.com\/noticias\/wp-content\/uploads\/2021\/10\/Bolet\u00edn-65-Instalaci\u00f3n-de-la-Comisi\u00f3n-del-Trabajo-1.jpeg 1280w\" sizes=\"(max-width: 1024px) 100vw, 1024px\" \/><\/figure>\n\n\n\n<p>Pachuca, Hgo.-El\ntrabajo coordinado entre los distintos poderes del Estado, traer\u00e1 consigo\nbeneficios para las y los trabajadores hidalguenses, destac\u00f3 la titular de la\nSecretar\u00eda del Trabajo y Previsi\u00f3n Social de Hidalgo (STPSH), Mar\u00eda de los\n\u00c1ngeles Eguiluz Tapia, al asistir a la instalaci\u00f3n de la Comisi\u00f3n del Trabajo\nde la XLV Legislatura del Congreso Local.<\/p>\n\n\n\n<p>Junto con el\ntitular de la Secretar\u00eda de Gobierno de Hidalgo, Sim\u00f3n Vargas Aguilar, la\nsecretaria del trabajo asisti\u00f3 como invitada especial a la integraci\u00f3n de dicha\nComisi\u00f3n presidida por la Diputada Silvia S\u00e1nchez Garc\u00eda e integrada por los\nlegisladores Edgar Hern\u00e1ndez Da\u00f1\u00fa, Lisset Marcelino Tovar, Sharon Macotela\nCisneros y Roberto Rico Ruiz. <\/p>\n\n\n\n<p>Durante su mensaje,\nla encargada de la pol\u00edtica laboral en la entidad, destac\u00f3 la importancia que\ntiene especialmente en esta ocasi\u00f3n, trabajar de manera conjunta entre los\ndistintos poderes de gobierno, tomando en cuenta los diversos fen\u00f3menos que han\ntrastocado al sector laboral a nivel mundial, como la pandemia por Covid-19.<\/p>\n\n\n\n<p>Recapitul\u00f3 que, en\nHidalgo, la pandemia impact\u00f3 en\nel crecimiento del empleo que se hab\u00eda logrado en los primeros cuatro a\u00f1os de\nla administraci\u00f3n del Gobernador Omar Fayad y aunque resalt\u00f3 las cifras\nhist\u00f3ricas favorables que ha tenido el estado en los \u00faltimos d\u00edas, pidi\u00f3 no\nolvidar que a\u00fan existen acciones por hacer en favor de la poblaci\u00f3n\ntrabajadora.<\/p>\n\n\n\n<p>Record\u00f3 que el pr\u00f3ximo 3 de noviembre iniciar\u00e1 el Nuevo Sistema de\nImpartici\u00f3n de Justicia Laboral a nivel local en nuestro estado; por ello\nreiter\u00f3 que \u201cpara alcanzar la consolidaci\u00f3n que nos hemos planteado,\nnecesitamos de la contribuci\u00f3n de ustedes como legisladores, en donde la\npresente comisi\u00f3n juega un papel estrat\u00e9gico, para lo cual, estoy segura que\nrealizaremos un trabajo eficaz de coordinaci\u00f3n\u201d. <\/p>\n\n\n\n<p>Por su parte, Vargas Aguilar mencion\u00f3 que la esperanza y la estabilidad\nvan acompa\u00f1adas de la certidumbre econ\u00f3mica y aunque cada d\u00eda hay personas m\u00e1s\ncapacitadas, el gran reto para el Congreso y el Gobierno de Hidalgo es\nenfrentar la tasa de desempleo y los aspectos socioecon\u00f3micos que han reducido\nlas oportunidades laborales a nivel mundial.<\/p>\n\n\n\n<p>\u201cPor tanto, debemos enfocarnos en el dise\u00f1o y ejecuci\u00f3n de pol\u00edticas para\nproveer de oportunidades de empleo a las nuevas generaciones, ya que la ni\u00f1ez y\njuventud hidalguense son el bien m\u00e1s preciado\u201d, indic\u00f3 el Secretario de\nGobierno.<\/p>\n\n\n\n<p>Al respecto, la Diputada Silvia S\u00e1nchez Garc\u00eda, Presidenta de\nla Comisi\u00f3n del Trabajo, mencion\u00f3 el compromiso de los legisladores que\nintegran esta comisi\u00f3n, para velar por el bienestar del sector laboral del\nestado, agradeciendo el compromiso y disposici\u00f3n del Gobierno de Hidalgo, a\ntrav\u00e9s de las distintas instancias como la STPSH. <\/p>\n","protected":false},"excerpt":{"rendered":"<p>Pachuca, Hgo.-El trabajo coordinado entre los distintos poderes del Estado, traer\u00e1 consigo beneficios para las y los trabajadores hidalguenses, destac\u00f3 la titular de la Secretar\u00eda del Trabajo y Previsi\u00f3n Social de Hidalgo (STPSH), Mar\u00eda de los \u00c1ngeles Eguiluz Tapia, al asistir a la instalaci\u00f3n de la Comisi\u00f3n del Trabajo de la XLV Legislatura del Congreso<\/p>\n","protected":false},"author":2,"featured_media":43879,"comment_status":"open","ping_status":"closed","sticky":false,"template":"","format":"standard","meta":{"footnotes":""},"categories":[10],"tags":[],"class_list":{"0":"post-43878","1":"post","2":"type-post","3":"status-publish","4":"format-standard","5":"has-post-thumbnail","7":"category-hidalgo"},"_links":{"self":[{"href":"https:\/\/elreporterohgo.com\/noticias\/wp-json\/wp\/v2\/posts\/43878","targetHints":{"allow":["GET"]}}],"collection":[{"href":"https:\/\/elreporterohgo.com\/noticias\/wp-json\/wp\/v2\/posts"}],"about":[{"href":"https:\/\/elreporterohgo.com\/noticias\/wp-json\/wp\/v2\/types\/post"}],"author":[{"embeddable":true,"href":"https:\/\/elreporterohgo.com\/noticias\/wp-json\/wp\/v2\/users\/2"}],"replies":[{"embeddable":true,"href":"https:\/\/elreporterohgo.com\/noticias\/wp-json\/wp\/v2\/comments?post=43878"}],"version-history":[{"count":1,"href":"https:\/\/elreporterohgo.com\/noticias\/wp-json\/wp\/v2\/posts\/43878\/revisions"}],"predecessor-version":[{"id":43880,"href":"https:\/\/elreporterohgo.com\/noticias\/wp-json\/wp\/v2\/posts\/43878\/revisions\/43880"}],"wp:featuredmedia":[{"embeddable":true,"href":"https:\/\/elreporterohgo.com\/noticias\/wp-json\/wp\/v2\/media\/43879"}],"wp:attachment":[{"href":"https:\/\/elreporterohgo.com\/noticias\/wp-json\/wp\/v2\/media?parent=43878"}],"wp:term":[{"taxonomy":"category","embeddable":true,"href":"https:\/\/elreporterohgo.com\/noticias\/wp-json\/wp\/v2\/categories?post=43878"},{"taxonomy":"post_tag","embeddable":true,"href":"https:\/\/elreporterohgo.com\/noticias\/wp-json\/wp\/v2\/tags?post=43878"}],"curies":[{"name":"wp","href":"https:\/\/api.w.org\/{rel}","templated":true}]}}