{"id":43875,"date":"2021-10-22T16:32:01","date_gmt":"2021-10-22T21:32:01","guid":{"rendered":"https:\/\/elreporterohgo.com\/noticias\/?p=43875"},"modified":"2021-10-22T16:32:03","modified_gmt":"2021-10-22T21:32:03","slug":"%ef%bb%bfinstalan-primera-comision-permanente-para-desarrollo-de-los-pueblos-indigenas","status":"publish","type":"post","link":"https:\/\/elreporterohgo.com\/noticias\/2021\/10\/22\/%ef%bb%bfinstalan-primera-comision-permanente-para-desarrollo-de-los-pueblos-indigenas\/","title":{"rendered":"\ufeffInstalan Primera Comisi\u00f3n Permanente para Desarrollo de los Pueblos Ind\u00edgenas"},"content":{"rendered":"\n<p><br><\/p>\n\n\n\n<figure class=\"wp-block-image\"><img fetchpriority=\"high\" decoding=\"async\" width=\"1024\" height=\"694\" src=\"https::\/\/elreporterohgo.com\/noticias\/wp-content\/uploads\/2021\/10\/IMG_5837-2-1024x694.jpg\" alt=\"\" class=\"wp-image-43876\" srcset=\"https:\/\/elreporterohgo.com\/noticias\/wp-content\/uploads\/2021\/10\/IMG_5837-2-1024x694.jpg 1024w, https:\/\/elreporterohgo.com\/noticias\/wp-content\/uploads\/2021\/10\/IMG_5837-2-300x203.jpg 300w, https:\/\/elreporterohgo.com\/noticias\/wp-content\/uploads\/2021\/10\/IMG_5837-2-768x521.jpg 768w\" sizes=\"(max-width: 1024px) 100vw, 1024px\" \/><\/figure>\n\n\n\n<p>PACHUCA, Hgo.- Esta tarde, en la Sala Permanente del Congreso del Estado de Hidalgo, se instal\u00f3 la Primera Comisi\u00f3n Permanente para el Desarrollo Integral de los Pueblos Ind\u00edgenas, la cual ser\u00e1 presidida por el <em>Diputado Miguel \u00c1ngel Mart\u00ednez G\u00f3mez<\/em>. As\u00ed mismo, los secretarios de esta Comisi\u00f3n ser\u00e1n el <em>Dip. Timoteo L\u00f3pez P\u00e9rez<\/em> y la <em>Dip. Roc\u00edo Jaqueline Sosa Jim\u00e9nez<\/em>, fungir\u00e1n como vocales el <em>Dip. Edgar Hern\u00e1ndez Da\u00f1u<\/em> y el <em>Dip. Jos\u00e9 No\u00e9 Hern\u00e1ndez Bravo<\/em>.<br><\/p>\n\n\n\n<p>En su participaci\u00f3n, el presidente de la Comisi\u00f3n, Miguel \u00c1ngel Mart\u00ednez, externo que, \u201cSer\u00e1 siempre un honor representar a todas las voces que se hicieron escuchar durante los encuentros con nuestros pueblo, ejidos y comunidades. Quienes conformamos la Comisi\u00f3n permanente para el desarrollo de los pueblos ind\u00edgenas, refrendamos nuestro compromiso de mantener una puntual observancia a los diversos ordenamientos jur\u00eddicos, para que sean respetados cada uno de los derechos que en ellos son tutelados, y de igual manera, habremos de realizar las acciones necesarias para lograr se actualice la actual Ley de Derechos y Cultura Ind\u00edgena para el Estado de Hidalgo\u201d, expres\u00f3.<br><\/p>\n\n\n\n<p>Adem\u00e1s, se comprometi\u00f3 a entablar un contacto directo, estrecho y colaborativo con mujeres y hombres pertenecientes a los pueblos y comunidades ind\u00edgenas, escuchando su visi\u00f3n, sus necesidades y expectativas.&nbsp;<br><\/p>\n\n\n\n<p>\u201cEs momento de tener el coraje y dar pasos firmes y nuevos, siempre con la mirada fija en el impulso del desarrollo, que en muchas de las veces ha sido muy lento para las y los hermanos de los pueblos y comunidades ind\u00edgenas. Es tiempo de mantener puertas abiertas, dialogo constante y directo con todas y todos\u201d, finaliz\u00f3.<br><\/p>\n\n\n\n<p>Acudieron a la instalaci\u00f3n la <em>Lic. Leiza Aida Fern\u00e1ndez Vega<\/em>, Encargada del Despacho de la Subsecretaria de Cultura del Estado de Hidalgo, <em>Lic. Emilse Miranda Munive<\/em>, Subsecretaria de Desarrollo Social y Humano del Estado de Hidalgo, <em>Lic. C\u00e9sar Herrera Lara<\/em>, Titular del Despacho de la Comisi\u00f3n Estatal para el Desarrollo Sostenible de los Pueblos Ind\u00edgenas<em>, Mtro. Sergio Cortez Gamboa<\/em>, Rector de la Universidad Intercultural del Estado de Hidalgo. Tambi\u00e9n, estuvieron presentes la Presidenta Municipal Nicol\u00e1s Flores, Lic. Marcela Isidro Garc\u00eda, C. \u00c1lvaro L\u00f3pez Hern\u00e1ndez, S\u00edndico Municipal de Ixmiquilpan.&nbsp;<br><\/p>\n","protected":false},"excerpt":{"rendered":"<p>PACHUCA, Hgo.- Esta tarde, en la Sala Permanente del Congreso del Estado de Hidalgo, se instal\u00f3 la Primera Comisi\u00f3n Permanente para el Desarrollo Integral de los Pueblos Ind\u00edgenas, la cual ser\u00e1 presidida por el Diputado Miguel \u00c1ngel Mart\u00ednez G\u00f3mez. As\u00ed mismo, los secretarios de esta Comisi\u00f3n ser\u00e1n el Dip. Timoteo L\u00f3pez P\u00e9rez y la Dip.<\/p>\n","protected":false},"author":2,"featured_media":43876,"comment_status":"open","ping_status":"closed","sticky":false,"template":"","format":"standard","meta":{"footnotes":""},"categories":[10],"tags":[],"class_list":{"0":"post-43875","1":"post","2":"type-post","3":"status-publish","4":"format-standard","5":"has-post-thumbnail","7":"category-hidalgo"},"_links":{"self":[{"href":"https:\/\/elreporterohgo.com\/noticias\/wp-json\/wp\/v2\/posts\/43875","targetHints":{"allow":["GET"]}}],"collection":[{"href":"https:\/\/elreporterohgo.com\/noticias\/wp-json\/wp\/v2\/posts"}],"about":[{"href":"https:\/\/elreporterohgo.com\/noticias\/wp-json\/wp\/v2\/types\/post"}],"author":[{"embeddable":true,"href":"https:\/\/elreporterohgo.com\/noticias\/wp-json\/wp\/v2\/users\/2"}],"replies":[{"embeddable":true,"href":"https:\/\/elreporterohgo.com\/noticias\/wp-json\/wp\/v2\/comments?post=43875"}],"version-history":[{"count":1,"href":"https:\/\/elreporterohgo.com\/noticias\/wp-json\/wp\/v2\/posts\/43875\/revisions"}],"predecessor-version":[{"id":43877,"href":"https:\/\/elreporterohgo.com\/noticias\/wp-json\/wp\/v2\/posts\/43875\/revisions\/43877"}],"wp:featuredmedia":[{"embeddable":true,"href":"https:\/\/elreporterohgo.com\/noticias\/wp-json\/wp\/v2\/media\/43876"}],"wp:attachment":[{"href":"https:\/\/elreporterohgo.com\/noticias\/wp-json\/wp\/v2\/media?parent=43875"}],"wp:term":[{"taxonomy":"category","embeddable":true,"href":"https:\/\/elreporterohgo.com\/noticias\/wp-json\/wp\/v2\/categories?post=43875"},{"taxonomy":"post_tag","embeddable":true,"href":"https:\/\/elreporterohgo.com\/noticias\/wp-json\/wp\/v2\/tags?post=43875"}],"curies":[{"name":"wp","href":"https:\/\/api.w.org\/{rel}","templated":true}]}}