{"id":43872,"date":"2021-10-21T18:23:17","date_gmt":"2021-10-21T23:23:17","guid":{"rendered":"https:\/\/elreporterohgo.com\/noticias\/?p=43872"},"modified":"2021-10-21T18:23:18","modified_gmt":"2021-10-21T23:23:18","slug":"obra-pubica-es-la-peticon-en-todo-hidalgo","status":"publish","type":"post","link":"https:\/\/elreporterohgo.com\/noticias\/2021\/10\/21\/obra-pubica-es-la-peticon-en-todo-hidalgo\/","title":{"rendered":"Obra p\u00fabica es la petic\u00f3n en todo Hidalgo"},"content":{"rendered":"\n<p><strong>O<\/strong><\/p>\n\n\n\n<figure class=\"wp-block-image\"><img fetchpriority=\"high\" decoding=\"async\" width=\"1024\" height=\"461\" src=\"https::\/\/elreporterohgo.com\/noticias\/wp-content\/uploads\/2021\/10\/21.10.21-Reuni\u00f3n-Junta-de-Gobierno-y-Pobladores-de-Diversos-Municipios-de-Hidalgo-1-1024x461.jpg\" alt=\"\" class=\"wp-image-43873\" srcset=\"https:\/\/elreporterohgo.com\/noticias\/wp-content\/uploads\/2021\/10\/21.10.21-Reuni\u00f3n-Junta-de-Gobierno-y-Pobladores-de-Diversos-Municipios-de-Hidalgo-1-1024x461.jpg 1024w, https:\/\/elreporterohgo.com\/noticias\/wp-content\/uploads\/2021\/10\/21.10.21-Reuni\u00f3n-Junta-de-Gobierno-y-Pobladores-de-Diversos-Municipios-de-Hidalgo-1-300x135.jpg 300w, https:\/\/elreporterohgo.com\/noticias\/wp-content\/uploads\/2021\/10\/21.10.21-Reuni\u00f3n-Junta-de-Gobierno-y-Pobladores-de-Diversos-Municipios-de-Hidalgo-1-768x346.jpg 768w, https:\/\/elreporterohgo.com\/noticias\/wp-content\/uploads\/2021\/10\/21.10.21-Reuni\u00f3n-Junta-de-Gobierno-y-Pobladores-de-Diversos-Municipios-de-Hidalgo-1.jpg 1504w\" sizes=\"(max-width: 1024px) 100vw, 1024px\" \/><\/figure>\n\n\n\n<p>PACHUCA, Hgo.- Diversos representantes de los municipios de Tasquillo, Acatl\u00e1n, Progreso de Obreg\u00f3n, Ixmiquilpan, Tlahuiltepa, Santiago de Anaya y Emiliano Zapata, expusieron sus peticiones al director general de la Junta de Gobierno, Guillermo Gardu\u00f1o Aguilar, en la Sala 1 de la Torre Legislativa.<\/p>\n\n\n\n<p>Durante las demandas expuestas por los ciudadanos, solicitaron Obra P\u00fablica Municipal, a fin de que sean canalizadas a las dependencias correspondientes y sean consideradas en el Presupuesto de Egresos de 2022.<\/p>\n\n\n\n<p>En la mesa de trabajo se acord\u00f3 llevar a cabo una reuni\u00f3n con diputados federales de Hidalgo.<\/p>\n\n\n\n<p>Tambi\u00e9n fue convocada una reuni\u00f3n, con una comisi\u00f3n que estar\u00e1 integrada por 5 representantes de los municipios demandantes, para el pr\u00f3ximo jueves 4 de noviembre en las instalaciones del Congreso.<br><\/p>\n","protected":false},"excerpt":{"rendered":"<p>O PACHUCA, Hgo.- Diversos representantes de los municipios de Tasquillo, Acatl\u00e1n, Progreso de Obreg\u00f3n, Ixmiquilpan, Tlahuiltepa, Santiago de Anaya y Emiliano Zapata, expusieron sus peticiones al director general de la Junta de Gobierno, Guillermo Gardu\u00f1o Aguilar, en la Sala 1 de la Torre Legislativa. Durante las demandas expuestas por los ciudadanos, solicitaron Obra P\u00fablica Municipal,<\/p>\n","protected":false},"author":2,"featured_media":43873,"comment_status":"open","ping_status":"closed","sticky":false,"template":"","format":"standard","meta":{"footnotes":""},"categories":[10],"tags":[],"class_list":{"0":"post-43872","1":"post","2":"type-post","3":"status-publish","4":"format-standard","5":"has-post-thumbnail","7":"category-hidalgo"},"_links":{"self":[{"href":"https:\/\/elreporterohgo.com\/noticias\/wp-json\/wp\/v2\/posts\/43872","targetHints":{"allow":["GET"]}}],"collection":[{"href":"https:\/\/elreporterohgo.com\/noticias\/wp-json\/wp\/v2\/posts"}],"about":[{"href":"https:\/\/elreporterohgo.com\/noticias\/wp-json\/wp\/v2\/types\/post"}],"author":[{"embeddable":true,"href":"https:\/\/elreporterohgo.com\/noticias\/wp-json\/wp\/v2\/users\/2"}],"replies":[{"embeddable":true,"href":"https:\/\/elreporterohgo.com\/noticias\/wp-json\/wp\/v2\/comments?post=43872"}],"version-history":[{"count":1,"href":"https:\/\/elreporterohgo.com\/noticias\/wp-json\/wp\/v2\/posts\/43872\/revisions"}],"predecessor-version":[{"id":43874,"href":"https:\/\/elreporterohgo.com\/noticias\/wp-json\/wp\/v2\/posts\/43872\/revisions\/43874"}],"wp:featuredmedia":[{"embeddable":true,"href":"https:\/\/elreporterohgo.com\/noticias\/wp-json\/wp\/v2\/media\/43873"}],"wp:attachment":[{"href":"https:\/\/elreporterohgo.com\/noticias\/wp-json\/wp\/v2\/media?parent=43872"}],"wp:term":[{"taxonomy":"category","embeddable":true,"href":"https:\/\/elreporterohgo.com\/noticias\/wp-json\/wp\/v2\/categories?post=43872"},{"taxonomy":"post_tag","embeddable":true,"href":"https:\/\/elreporterohgo.com\/noticias\/wp-json\/wp\/v2\/tags?post=43872"}],"curies":[{"name":"wp","href":"https:\/\/api.w.org\/{rel}","templated":true}]}}