{"id":43851,"date":"2021-10-20T23:59:24","date_gmt":"2021-10-21T04:59:24","guid":{"rendered":"https:\/\/elreporterohgo.com\/noticias\/?p=43851"},"modified":"2021-10-20T23:59:24","modified_gmt":"2021-10-21T04:59:24","slug":"movimiento-indigena-solicita-primer-congreso-estatal","status":"publish","type":"post","link":"https:\/\/elreporterohgo.com\/noticias\/2021\/10\/20\/movimiento-indigena-solicita-primer-congreso-estatal\/","title":{"rendered":"Movimiento ind\u00edgena  solicita Primer Congreso  Estatal"},"content":{"rendered":"\n<figure class=\"wp-block-image\"><img fetchpriority=\"high\" decoding=\"async\" width=\"1024\" height=\"613\" src=\"https::\/\/elreporterohgo.com\/noticias\/wp-content\/uploads\/2021\/10\/20.10.2021-Movimiento-Ind\u00edgena-2-1024x613.jpg\" alt=\"\" class=\"wp-image-43852\" srcset=\"https:\/\/elreporterohgo.com\/noticias\/wp-content\/uploads\/2021\/10\/20.10.2021-Movimiento-Ind\u00edgena-2-1024x613.jpg 1024w, https:\/\/elreporterohgo.com\/noticias\/wp-content\/uploads\/2021\/10\/20.10.2021-Movimiento-Ind\u00edgena-2-300x180.jpg 300w, https:\/\/elreporterohgo.com\/noticias\/wp-content\/uploads\/2021\/10\/20.10.2021-Movimiento-Ind\u00edgena-2-768x460.jpg 768w, https:\/\/elreporterohgo.com\/noticias\/wp-content\/uploads\/2021\/10\/20.10.2021-Movimiento-Ind\u00edgena-2-600x360.jpg 600w, https:\/\/elreporterohgo.com\/noticias\/wp-content\/uploads\/2021\/10\/20.10.2021-Movimiento-Ind\u00edgena-2.jpg 1173w\" sizes=\"(max-width: 1024px) 100vw, 1024px\" \/><\/figure>\n\n\n\n<p>Durante las mesas de trabajo que se realizan en las instalaciones del Congreso del Estado de Hidalgo, para dar continuidad a la agenda a favor de los Pueblos Ind\u00edgenas, fueron planteados temas como la cultura ind\u00edgena.<\/p>\n\n\n\n<p>Solicitaron que se realice un Congreso Estatal de Pueblos Ind\u00edgenas en la plaza principal del Congreso, para as\u00ed poder discutir temas de inter\u00e9s para las etnias en materia de educaci\u00f3n, salud, cultura, as\u00ed como la exhibici\u00f3n de artesan\u00edas y gastronom\u00eda.<\/p>\n\n\n\n<p>En presencia de la Dra. Ver\u00f3nica Kugel, Subsecretaria de Patrimonio y Fomento Cultural, pidi\u00f3 al Movimiento Ind\u00edgena su intervenci\u00f3n para que sus artesan\u00edas sean comercializadas en el extranjero y que sus productos tengan precios con valor adquisitivo.<\/p>\n\n\n\n<p>Hicieron \u00e9nfasis en unificar por medio de proyectos a las comunidades ind\u00edgenas, para poder desarrollar objetivos que generen un futuro que cumplan sus intereses y hagan validos sus derechos.<\/p>\n\n\n\n<p>Pidieron la asignaci\u00f3n de un presupuesto para los Pueblos Ind\u00edgenas, que les ayuden a combatir las carencias de sus comunidades y que se generen comit\u00e9s para la vigilancia de estos recursos.<\/p>\n\n\n\n<p>Durante la mesa de trabajo se hizo entrega de compendios al representante del Movimiento Ind\u00edgena de Hidalgo, C\u00e9sar Cruz Ben\u00edtez, que ser\u00e1n la gu\u00eda para la capacitaci\u00f3n que se llevar\u00e1 a cabo el 3 de noviembre, donde se abordar\u00e1 la Ley Ind\u00edgena.<\/p>\n\n\n\n<p>Agradecieron la voluntad del Congreso del Estado a trav\u00e9s del di\u00e1logo, y reconocieron que es una v\u00eda importante para seguir caminando como requieren los pueblos ind\u00edgenas, al mismo tiempo pidieron que la informaci\u00f3n sea entregada a los Diputados y al Gobernador del Estado, sobre el sentir de los pueblos ind\u00edgenas.<\/p>\n\n\n\n<p>Finalmente, el director general de la Junta de Gobierno, Guillermo Gardu\u00f1o Aguilar, en representaci\u00f3n del diputado presidente del Congreso del Estado, Francisco Xavier Berganza, reiter\u00f3 el compromiso para dar seguimiento a los planteamientos realizados por el Movimiento Ind\u00edgena y continuar con la revisi\u00f3n de la minuta.<br><\/p>\n","protected":false},"excerpt":{"rendered":"<p>Durante las mesas de trabajo que se realizan en las instalaciones del Congreso del Estado de Hidalgo, para dar continuidad a la agenda a favor de los Pueblos Ind\u00edgenas, fueron planteados temas como la cultura ind\u00edgena. Solicitaron que se realice un Congreso Estatal de Pueblos Ind\u00edgenas en la plaza principal del Congreso, para as\u00ed poder<\/p>\n","protected":false},"author":2,"featured_media":43852,"comment_status":"open","ping_status":"closed","sticky":false,"template":"","format":"standard","meta":{"footnotes":""},"categories":[10],"tags":[],"class_list":{"0":"post-43851","1":"post","2":"type-post","3":"status-publish","4":"format-standard","5":"has-post-thumbnail","7":"category-hidalgo"},"_links":{"self":[{"href":"https:\/\/elreporterohgo.com\/noticias\/wp-json\/wp\/v2\/posts\/43851","targetHints":{"allow":["GET"]}}],"collection":[{"href":"https:\/\/elreporterohgo.com\/noticias\/wp-json\/wp\/v2\/posts"}],"about":[{"href":"https:\/\/elreporterohgo.com\/noticias\/wp-json\/wp\/v2\/types\/post"}],"author":[{"embeddable":true,"href":"https:\/\/elreporterohgo.com\/noticias\/wp-json\/wp\/v2\/users\/2"}],"replies":[{"embeddable":true,"href":"https:\/\/elreporterohgo.com\/noticias\/wp-json\/wp\/v2\/comments?post=43851"}],"version-history":[{"count":1,"href":"https:\/\/elreporterohgo.com\/noticias\/wp-json\/wp\/v2\/posts\/43851\/revisions"}],"predecessor-version":[{"id":43853,"href":"https:\/\/elreporterohgo.com\/noticias\/wp-json\/wp\/v2\/posts\/43851\/revisions\/43853"}],"wp:featuredmedia":[{"embeddable":true,"href":"https:\/\/elreporterohgo.com\/noticias\/wp-json\/wp\/v2\/media\/43852"}],"wp:attachment":[{"href":"https:\/\/elreporterohgo.com\/noticias\/wp-json\/wp\/v2\/media?parent=43851"}],"wp:term":[{"taxonomy":"category","embeddable":true,"href":"https:\/\/elreporterohgo.com\/noticias\/wp-json\/wp\/v2\/categories?post=43851"},{"taxonomy":"post_tag","embeddable":true,"href":"https:\/\/elreporterohgo.com\/noticias\/wp-json\/wp\/v2\/tags?post=43851"}],"curies":[{"name":"wp","href":"https:\/\/api.w.org\/{rel}","templated":true}]}}