{"id":43840,"date":"2021-10-20T10:04:06","date_gmt":"2021-10-20T15:04:06","guid":{"rendered":"https:\/\/elreporterohgo.com\/noticias\/?p=43840"},"modified":"2021-10-20T10:04:07","modified_gmt":"2021-10-20T15:04:07","slug":"diplomado-especializado-en-reforma-laboral","status":"publish","type":"post","link":"https:\/\/elreporterohgo.com\/noticias\/2021\/10\/20\/diplomado-especializado-en-reforma-laboral\/","title":{"rendered":"Diplomado especializado en Reforma Laboral"},"content":{"rendered":"\n<p><strong>I<\/strong><\/p>\n\n\n\n<figure class=\"wp-block-image\"><img fetchpriority=\"high\" decoding=\"async\" width=\"1024\" height=\"555\" src=\"https::\/\/elreporterohgo.com\/noticias\/wp-content\/uploads\/2021\/10\/Bolet\u00edn-64-Diplomado-3-2-1024x555.jpg\" alt=\"\" class=\"wp-image-43841\" srcset=\"https:\/\/elreporterohgo.com\/noticias\/wp-content\/uploads\/2021\/10\/Bolet\u00edn-64-Diplomado-3-2-1024x555.jpg 1024w, https:\/\/elreporterohgo.com\/noticias\/wp-content\/uploads\/2021\/10\/Bolet\u00edn-64-Diplomado-3-2-300x163.jpg 300w, https:\/\/elreporterohgo.com\/noticias\/wp-content\/uploads\/2021\/10\/Bolet\u00edn-64-Diplomado-3-2-768x416.jpg 768w\" sizes=\"(max-width: 1024px) 100vw, 1024px\" \/><\/figure>\n\n\n\n<p>Pachuca, Hgo.-Proporcionar\nconocimientos necesarios y especializados a las y los operadores del Nuevo\nSistema de Justicia Laboral es el objetivo principal del \u201cDiplomado en\nactualizaci\u00f3n y especializaci\u00f3n sobre la Reforma en Materia de Justicia Laboral\nen M\u00e9xico\u201d, se\u00f1al\u00f3 la titular de la Secretar\u00eda del Trabajo y Previsi\u00f3n Social\nde Hidalgo (STPSH), Mar\u00eda de los \u00c1ngeles Eguiluz Tapia.<\/p>\n\n\n\n<p>La encargada de la\npol\u00edtica laboral en la entidad, apunt\u00f3 que \u201cla capacitaci\u00f3n es la \u00fanica manera\nde poder lograr el \u00e9xito, es por ello que con antelaci\u00f3n, personal de la STPSH\ny del Centro de Conciliaci\u00f3n Laboral del Estado de Hidalgo (CCLEH), ha recibido\ncapacitaci\u00f3n en el tema de conciliaci\u00f3n con lo cual se busca lograr la\ncertificaci\u00f3n\u201d<\/p>\n\n\n\n<p>Al inaugurar el\ndiplomado, dirigido a conciliadores, asesores jur\u00eddicos, y&nbsp; procuradores de la defensa del trabajo; la\ntitular de la STPSH, se\u00f1al\u00f3 que el Gobierno de Omar Fayad coincide en que el\n\u00e9xito de la implementaci\u00f3n de la reforma laboral en la entidad radica en contar\ncon operadores especializados sobre el nuevo modelo que beneficiar\u00e1 a los\ntrabajadores hidalguenses.<\/p>\n\n\n\n<p>En tanto, Ana Mar\u00eda G\u00f3mez Mu\u00f1oz, encargada del despacho del CCLEH, indic\u00f3 que la reforma al Sistema de Impartici\u00f3n de Justicia es la modernizaci\u00f3n de los procedimientos que permitir\u00e1n resolver las controversias entre trabajadores y empleadores con celeridad, accesibilidad, confiabilidad y calidad.<\/p>\n\n\n\n<figure class=\"wp-block-image\"><img decoding=\"async\" src=\"https::\/\/elreporterohgo.com\/noticias\/wp-content\/uploads\/2021\/10\/comprocars-1-40-1024x1024-77.jpg\" alt=\"\" class=\"wp-image-43842\"\/><\/figure>\n\n\n\n<p>El diplomado fue\ndise\u00f1ado por expertos con reconocida trayectoria en el \u00e1mbito laboral y\nacad\u00e9mico, como el Mtro. Juan Jos\u00e9 D\u00edaz Mir\u00f3n, a quien la revista especializada\nChambers&amp;Partners lo ha calificado como un Abogado eminente y el despacho\nal que pertenece, Bufete D\u00edaz Mir\u00f3n y Asociados, S.C., ha sido nombrado miembro\nde las firmas l\u00edderes en M\u00e9xico.<\/p>\n\n\n\n<p>Adem\u00e1s participan\ncomo ponentes, el &nbsp;Dr. en Derecho, Heberardo\nGonz\u00e1lez Garza, actual presidente de la Comisi\u00f3n Laboral de COPARMEX Reynosa, Director\ndel Centro de Estudios Laboral y de Seguridad Social A.C, por mencionar\nalgunos.<\/p>\n\n\n\n<p>Finalmente Eguiluz\nTapia subray\u00f3 que \u201ctransitar a este nuevo modelo significa adaptarnos a una\nnueva cultura laboral a la que debemos observar como una oportunidad, para\nsuperar nuestras debilidades las cuales se pueden convertir en grandes\nfortalezas en el desempe\u00f1o de nuestras actividades\u201d.<\/p>\n\n\n\n<p>. <\/p>\n","protected":false},"excerpt":{"rendered":"<p>I Pachuca, Hgo.-Proporcionar conocimientos necesarios y especializados a las y los operadores del Nuevo Sistema de Justicia Laboral es el objetivo principal del \u201cDiplomado en actualizaci\u00f3n y especializaci\u00f3n sobre la Reforma en Materia de Justicia Laboral en M\u00e9xico\u201d, se\u00f1al\u00f3 la titular de la Secretar\u00eda del Trabajo y Previsi\u00f3n Social de Hidalgo (STPSH), Mar\u00eda de los<\/p>\n","protected":false},"author":2,"featured_media":43841,"comment_status":"open","ping_status":"closed","sticky":false,"template":"","format":"standard","meta":{"footnotes":""},"categories":[10],"tags":[],"class_list":{"0":"post-43840","1":"post","2":"type-post","3":"status-publish","4":"format-standard","5":"has-post-thumbnail","7":"category-hidalgo"},"_links":{"self":[{"href":"https:\/\/elreporterohgo.com\/noticias\/wp-json\/wp\/v2\/posts\/43840","targetHints":{"allow":["GET"]}}],"collection":[{"href":"https:\/\/elreporterohgo.com\/noticias\/wp-json\/wp\/v2\/posts"}],"about":[{"href":"https:\/\/elreporterohgo.com\/noticias\/wp-json\/wp\/v2\/types\/post"}],"author":[{"embeddable":true,"href":"https:\/\/elreporterohgo.com\/noticias\/wp-json\/wp\/v2\/users\/2"}],"replies":[{"embeddable":true,"href":"https:\/\/elreporterohgo.com\/noticias\/wp-json\/wp\/v2\/comments?post=43840"}],"version-history":[{"count":1,"href":"https:\/\/elreporterohgo.com\/noticias\/wp-json\/wp\/v2\/posts\/43840\/revisions"}],"predecessor-version":[{"id":43843,"href":"https:\/\/elreporterohgo.com\/noticias\/wp-json\/wp\/v2\/posts\/43840\/revisions\/43843"}],"wp:featuredmedia":[{"embeddable":true,"href":"https:\/\/elreporterohgo.com\/noticias\/wp-json\/wp\/v2\/media\/43841"}],"wp:attachment":[{"href":"https:\/\/elreporterohgo.com\/noticias\/wp-json\/wp\/v2\/media?parent=43840"}],"wp:term":[{"taxonomy":"category","embeddable":true,"href":"https:\/\/elreporterohgo.com\/noticias\/wp-json\/wp\/v2\/categories?post=43840"},{"taxonomy":"post_tag","embeddable":true,"href":"https:\/\/elreporterohgo.com\/noticias\/wp-json\/wp\/v2\/tags?post=43840"}],"curies":[{"name":"wp","href":"https:\/\/api.w.org\/{rel}","templated":true}]}}