{"id":43806,"date":"2021-10-19T00:02:24","date_gmt":"2021-10-19T05:02:24","guid":{"rendered":"https:\/\/elreporterohgo.com\/noticias\/?p=43806"},"modified":"2021-10-19T00:02:25","modified_gmt":"2021-10-19T05:02:25","slug":"instalacion-de-comisiones-legislativas-en-el-congreso-de-hidalgo","status":"publish","type":"post","link":"https:\/\/elreporterohgo.com\/noticias\/2021\/10\/19\/instalacion-de-comisiones-legislativas-en-el-congreso-de-hidalgo\/","title":{"rendered":"Instalaci\u00f3n de comisiones legislativas en el Congreso de Hidalgo"},"content":{"rendered":"\n<figure class=\"wp-block-image\"><img fetchpriority=\"high\" decoding=\"async\" width=\"1024\" height=\"683\" src=\"https::\/\/elreporterohgo.com\/noticias\/wp-content\/uploads\/2021\/10\/18.10.2021-Comisi\u00f3n-de-Participaci\u00f3n-Ciudadana-INSTALACI\u00d3N-1-1024x683.jpg\" alt=\"\" class=\"wp-image-43807\" srcset=\"https:\/\/elreporterohgo.com\/noticias\/wp-content\/uploads\/2021\/10\/18.10.2021-Comisi\u00f3n-de-Participaci\u00f3n-Ciudadana-INSTALACI\u00d3N-1-1024x683.jpg 1024w, https:\/\/elreporterohgo.com\/noticias\/wp-content\/uploads\/2021\/10\/18.10.2021-Comisi\u00f3n-de-Participaci\u00f3n-Ciudadana-INSTALACI\u00d3N-1-300x200.jpg 300w, https:\/\/elreporterohgo.com\/noticias\/wp-content\/uploads\/2021\/10\/18.10.2021-Comisi\u00f3n-de-Participaci\u00f3n-Ciudadana-INSTALACI\u00d3N-1-768x512.jpg 768w\" sizes=\"(max-width: 1024px) 100vw, 1024px\" \/><\/figure>\n\n\n\n<p>Pachuca, Hgo.- Es lunes 18 de octubre fueron instaladas comisiones legislativas en el Congreso del estado de Hidalgo.<\/p>\n\n\n\n<figure class=\"wp-block-image\"><img decoding=\"async\" width=\"1024\" height=\"708\" src=\"https::\/\/elreporterohgo.com\/noticias\/wp-content\/uploads\/2021\/10\/18.10.2021-Comisi\u00f3n-Derechos-Humanos-y-Atenci\u00f3n-de-las-Personas-con-Discapacidad-INSTALACI\u00d3N-1-1024x708.jpg\" alt=\"\" class=\"wp-image-43808\" srcset=\"https:\/\/elreporterohgo.com\/noticias\/wp-content\/uploads\/2021\/10\/18.10.2021-Comisi\u00f3n-Derechos-Humanos-y-Atenci\u00f3n-de-las-Personas-con-Discapacidad-INSTALACI\u00d3N-1-1024x708.jpg 1024w, https:\/\/elreporterohgo.com\/noticias\/wp-content\/uploads\/2021\/10\/18.10.2021-Comisi\u00f3n-Derechos-Humanos-y-Atenci\u00f3n-de-las-Personas-con-Discapacidad-INSTALACI\u00d3N-1-300x207.jpg 300w, https:\/\/elreporterohgo.com\/noticias\/wp-content\/uploads\/2021\/10\/18.10.2021-Comisi\u00f3n-Derechos-Humanos-y-Atenci\u00f3n-de-las-Personas-con-Discapacidad-INSTALACI\u00d3N-1-768x531.jpg 768w, https:\/\/elreporterohgo.com\/noticias\/wp-content\/uploads\/2021\/10\/18.10.2021-Comisi\u00f3n-Derechos-Humanos-y-Atenci\u00f3n-de-las-Personas-con-Discapacidad-INSTALACI\u00d3N-1.jpg 1280w\" sizes=\"(max-width: 1024px) 100vw, 1024px\" \/><figcaption> <br>Michelle Calder\u00f3n Ram\u00edrez .<\/figcaption><\/figure>\n\n\n\n<p><strong>DERECHOS HUMANOS Y ATENCI\u00d3N A PERSONAS CON\nDISCAPACIDAD<\/strong><\/p>\n\n\n\n<p>Qued\u00f3 formalmente instalada la comisi\u00f3n legislativa de Derechos Humanos y Atenci\u00f3n a Personas con Discapacidad, que preside la diputada Michelle Calder\u00f3n Ram\u00edrez, e integrantes Dip.Lucrecia Lorena Hern\u00e1ndez Romualdo, Dip.Luis \u00c1ngel Tenorio Cruz, Dip.Mar\u00eda Adelaida Mu\u00f1oz Jumilla, Dip.Jes\u00fas Osiris Leines Med\u00e9cigo, estuvieron acompa\u00f1ados de invitados especiales.<\/p>\n\n\n\n<figure class=\"wp-block-image\"><img decoding=\"async\" width=\"1024\" height=\"683\" src=\"https::\/\/elreporterohgo.com\/noticias\/wp-content\/uploads\/2021\/10\/18.10.2021-Comisi\u00f3n-Instructora-INSTALACI\u00d3N-4-1024x683.jpg\" alt=\"\" class=\"wp-image-43809\" srcset=\"https:\/\/elreporterohgo.com\/noticias\/wp-content\/uploads\/2021\/10\/18.10.2021-Comisi\u00f3n-Instructora-INSTALACI\u00d3N-4-1024x683.jpg 1024w, https:\/\/elreporterohgo.com\/noticias\/wp-content\/uploads\/2021\/10\/18.10.2021-Comisi\u00f3n-Instructora-INSTALACI\u00d3N-4-300x200.jpg 300w, https:\/\/elreporterohgo.com\/noticias\/wp-content\/uploads\/2021\/10\/18.10.2021-Comisi\u00f3n-Instructora-INSTALACI\u00d3N-4-768x512.jpg 768w\" sizes=\"(max-width: 1024px) 100vw, 1024px\" \/><figcaption> <br>Jorge Hern\u00e1ndez Ara\u00fas. <\/figcaption><\/figure>\n\n\n\n<p><strong>COMISI\u00d3N LEGISLATIVA INSTRUCTORA&nbsp;<\/strong><\/p>\n\n\n\n<p>Qued\u00f3 formalmente instalada la comisi\u00f3n legislativa Instructora, que preside el diputado Jorge Hern\u00e1ndez Ara\u00fas, e integrantes Dip.Jos\u00e9 No\u00e9 Hern\u00e1ndez Bravo, Dip.Juan de Dios Pontigo Loyola Cruz, Dip.Elvia Yanet Sierra Vite, Dip.Mar\u00eda del Carmen Lozano Moreno, estuvieron acompa\u00f1ados de invitados especiales.<\/p>\n\n\n\n<figure class=\"wp-block-image\"><img loading=\"lazy\" decoding=\"async\" width=\"1024\" height=\"683\" src=\"https::\/\/elreporterohgo.com\/noticias\/wp-content\/uploads\/2021\/10\/18.10.2021-Comisi\u00f3n-de-Participaci\u00f3n-Ciudadana-INSTALACI\u00d3N-3-1024x683.jpg\" alt=\"\" class=\"wp-image-43810\" srcset=\"https:\/\/elreporterohgo.com\/noticias\/wp-content\/uploads\/2021\/10\/18.10.2021-Comisi\u00f3n-de-Participaci\u00f3n-Ciudadana-INSTALACI\u00d3N-3-1024x683.jpg 1024w, https:\/\/elreporterohgo.com\/noticias\/wp-content\/uploads\/2021\/10\/18.10.2021-Comisi\u00f3n-de-Participaci\u00f3n-Ciudadana-INSTALACI\u00d3N-3-300x200.jpg 300w, https:\/\/elreporterohgo.com\/noticias\/wp-content\/uploads\/2021\/10\/18.10.2021-Comisi\u00f3n-de-Participaci\u00f3n-Ciudadana-INSTALACI\u00d3N-3-768x512.jpg 768w\" sizes=\"(max-width: 1024px) 100vw, 1024px\" \/><\/figure>\n\n\n\n<p><strong>PARTICIPACI\u00d3N CIUDADANA<\/strong><\/p>\n\n\n\n<p>Qued\u00f3 formalmente instalada la comisi\u00f3n legislativa de Participaci\u00f3n Ciudadana, que preside la diputada Lucrecia Lorena Hern\u00e1ndez Romualdo, e integrantes Dip.Jorge Hern\u00e1ndez Bravo, Dip.Julio Manuel Valera Piedras, Dip.Tania Valdez Cuellar, Dip.Juan de Dios Pontigo Loyola, Dip. Jorge Hern\u00e1ndez Araus, estuvieron acompa\u00f1ados de invitados especiales.<\/p>\n\n\n\n<figure class=\"wp-block-image\"><img loading=\"lazy\" decoding=\"async\" width=\"1024\" height=\"683\" src=\"https::\/\/elreporterohgo.com\/noticias\/wp-content\/uploads\/2021\/10\/18.10.2021-Comisi\u00f3n-Seguridad-INSTALACI\u00d3N-11-1024x683.jpg\" alt=\"\" class=\"wp-image-43811\" srcset=\"https:\/\/elreporterohgo.com\/noticias\/wp-content\/uploads\/2021\/10\/18.10.2021-Comisi\u00f3n-Seguridad-INSTALACI\u00d3N-11-1024x683.jpg 1024w, https:\/\/elreporterohgo.com\/noticias\/wp-content\/uploads\/2021\/10\/18.10.2021-Comisi\u00f3n-Seguridad-INSTALACI\u00d3N-11-300x200.jpg 300w, https:\/\/elreporterohgo.com\/noticias\/wp-content\/uploads\/2021\/10\/18.10.2021-Comisi\u00f3n-Seguridad-INSTALACI\u00d3N-11-768x512.jpg 768w\" sizes=\"(max-width: 1024px) 100vw, 1024px\" \/><figcaption> <br>Octavio Maga\u00f1a Soto. <\/figcaption><\/figure>\n\n\n\n<p><strong>SEGURIDAD CIUDADANA Y JUSTICIA<\/strong><\/p>\n\n\n\n<p>Qued\u00f3 formalmente instalada la comisi\u00f3n legislativa de Seguridad Ciudadana y Justicia, que preside el diputado Octavio Maga\u00f1a Soto, e integrantes Dip.Elvia Yanet Sierra Vite, Dip.Juan de Dios Pontigo Loyola, Dip.Mar\u00eda Adelaida Mu\u00f1oz Jumilla, Dip.Francisco Berganza Escorza, estuvieron acompa\u00f1ados de invitados especiales.<\/p>\n\n\n\n<figure class=\"wp-block-image\"><img loading=\"lazy\" decoding=\"async\" width=\"1024\" height=\"760\" src=\"https::\/\/elreporterohgo.com\/noticias\/wp-content\/uploads\/2021\/10\/18.10.2021-Comisi\u00f3n-Transparencia-y-Anticorrupci\u00f3n-INSTALACI\u00d3N-13-1024x760.jpg\" alt=\"\" class=\"wp-image-43812\" srcset=\"https:\/\/elreporterohgo.com\/noticias\/wp-content\/uploads\/2021\/10\/18.10.2021-Comisi\u00f3n-Transparencia-y-Anticorrupci\u00f3n-INSTALACI\u00d3N-13-1024x760.jpg 1024w, https:\/\/elreporterohgo.com\/noticias\/wp-content\/uploads\/2021\/10\/18.10.2021-Comisi\u00f3n-Transparencia-y-Anticorrupci\u00f3n-INSTALACI\u00d3N-13-300x223.jpg 300w, https:\/\/elreporterohgo.com\/noticias\/wp-content\/uploads\/2021\/10\/18.10.2021-Comisi\u00f3n-Transparencia-y-Anticorrupci\u00f3n-INSTALACI\u00d3N-13-768x570.jpg 768w\" sizes=\"(max-width: 1024px) 100vw, 1024px\" \/><figcaption> <br>Lisset Marcelino Tovar, <\/figcaption><\/figure>\n\n\n\n<p><strong>TRANSPARENCIA Y ANTICORRUPCI\u00d3N<\/strong><\/p>\n\n\n\n<p>Qued\u00f3 formalmente instalada la comisi\u00f3n legislativa de Transparencia y Anticorrupci\u00f3n, que preside la diputada Lisset Marcelino Tovar, e integrantes Dip.Julio Manuel Valera Piedras, Dip.Vanesa Escalante Arroyo, Dip.Tania Valdez Cuellar, Dip.Citlali Jaramillo Ram\u00edrez, estuvieron acompa\u00f1ados de invitados especiales.<\/p>\n\n\n\n<figure class=\"wp-block-image\"><img decoding=\"async\" src=\"https::\/\/elreporterohgo.com\/noticias\/wp-content\/uploads\/2021\/10\/comprocars-1-40-1024x1024-72.jpg\" alt=\"\" class=\"wp-image-43813\"\/><\/figure>\n","protected":false},"excerpt":{"rendered":"<p>Pachuca, Hgo.- Es lunes 18 de octubre fueron instaladas comisiones legislativas en el Congreso del estado de Hidalgo. DERECHOS HUMANOS Y ATENCI\u00d3N A PERSONAS CON DISCAPACIDAD Qued\u00f3 formalmente instalada la comisi\u00f3n legislativa de Derechos Humanos y Atenci\u00f3n a Personas con Discapacidad, que preside la diputada Michelle Calder\u00f3n Ram\u00edrez, e integrantes Dip.Lucrecia Lorena Hern\u00e1ndez Romualdo, Dip.Luis<\/p>\n","protected":false},"author":2,"featured_media":43807,"comment_status":"open","ping_status":"closed","sticky":false,"template":"","format":"standard","meta":{"footnotes":""},"categories":[10],"tags":[],"class_list":{"0":"post-43806","1":"post","2":"type-post","3":"status-publish","4":"format-standard","5":"has-post-thumbnail","7":"category-hidalgo"},"_links":{"self":[{"href":"https:\/\/elreporterohgo.com\/noticias\/wp-json\/wp\/v2\/posts\/43806","targetHints":{"allow":["GET"]}}],"collection":[{"href":"https:\/\/elreporterohgo.com\/noticias\/wp-json\/wp\/v2\/posts"}],"about":[{"href":"https:\/\/elreporterohgo.com\/noticias\/wp-json\/wp\/v2\/types\/post"}],"author":[{"embeddable":true,"href":"https:\/\/elreporterohgo.com\/noticias\/wp-json\/wp\/v2\/users\/2"}],"replies":[{"embeddable":true,"href":"https:\/\/elreporterohgo.com\/noticias\/wp-json\/wp\/v2\/comments?post=43806"}],"version-history":[{"count":1,"href":"https:\/\/elreporterohgo.com\/noticias\/wp-json\/wp\/v2\/posts\/43806\/revisions"}],"predecessor-version":[{"id":43814,"href":"https:\/\/elreporterohgo.com\/noticias\/wp-json\/wp\/v2\/posts\/43806\/revisions\/43814"}],"wp:featuredmedia":[{"embeddable":true,"href":"https:\/\/elreporterohgo.com\/noticias\/wp-json\/wp\/v2\/media\/43807"}],"wp:attachment":[{"href":"https:\/\/elreporterohgo.com\/noticias\/wp-json\/wp\/v2\/media?parent=43806"}],"wp:term":[{"taxonomy":"category","embeddable":true,"href":"https:\/\/elreporterohgo.com\/noticias\/wp-json\/wp\/v2\/categories?post=43806"},{"taxonomy":"post_tag","embeddable":true,"href":"https:\/\/elreporterohgo.com\/noticias\/wp-json\/wp\/v2\/tags?post=43806"}],"curies":[{"name":"wp","href":"https:\/\/api.w.org\/{rel}","templated":true}]}}