{"id":43802,"date":"2021-10-18T22:30:14","date_gmt":"2021-10-19T03:30:14","guid":{"rendered":"https:\/\/elreporterohgo.com\/noticias\/?p=43802"},"modified":"2021-10-18T22:30:15","modified_gmt":"2021-10-19T03:30:15","slug":"trabajaran-para-sacar-adelante-la-region-de-tula","status":"publish","type":"post","link":"https:\/\/elreporterohgo.com\/noticias\/2021\/10\/18\/trabajaran-para-sacar-adelante-la-region-de-tula\/","title":{"rendered":"Trabajar\u00e1n para sacar adelante la regi\u00f3n de Tula"},"content":{"rendered":"\n<p>El gobernador Omar Fayad se reuni\u00f3 con representantes de sectores l\u00edderes de la regi\u00f3n de Tula y el alcalde de ese municipio, Manuel Hern\u00e1ndez Badillo, con la finalidad de abordar temas que abonen a la recuperaci\u00f3n de esa regi\u00f3n.<\/p>\n\n\n\n<figure class=\"wp-block-image\"><img fetchpriority=\"high\" decoding=\"async\" width=\"1024\" height=\"683\" src=\"https::\/\/elreporterohgo.com\/noticias\/wp-content\/uploads\/2021\/10\/D5CBB599-5244-4CF9-B22A-851FD4271898-1024x683.jpeg\" alt=\"\" class=\"wp-image-43803\" srcset=\"https:\/\/elreporterohgo.com\/noticias\/wp-content\/uploads\/2021\/10\/D5CBB599-5244-4CF9-B22A-851FD4271898-1024x683.jpeg 1024w, https:\/\/elreporterohgo.com\/noticias\/wp-content\/uploads\/2021\/10\/D5CBB599-5244-4CF9-B22A-851FD4271898-300x200.jpeg 300w, https:\/\/elreporterohgo.com\/noticias\/wp-content\/uploads\/2021\/10\/D5CBB599-5244-4CF9-B22A-851FD4271898-768x512.jpeg 768w\" sizes=\"(max-width: 1024px) 100vw, 1024px\" \/><\/figure>\n\n\n\n<p>Acompa\u00f1ado por integrantes de su gabinete, el gobernador Fayad expres\u00f3 que Hidalgo cumple con una misi\u00f3n hist\u00f3rica con el pa\u00eds, \u201cproveemos agua limpia para la zona metropolitana del Valle de M\u00e9xico y recibimos sus aguas residuales\u201d.&nbsp;<\/p>\n\n\n\n<p>Fayad consider\u00f3 que la regi\u00f3n de Tula es un \u201cinfierno ecol\u00f3gico\u201d; en esta se asientan las principales empresas productivas del estado como la Comisi\u00f3n Federal de Electricidad y Pemex; as\u00ed como las principales cementeras del pa\u00eds.\u00a0<br><br><\/p>\n\n\n\n<figure class=\"wp-block-image\"><img decoding=\"async\" width=\"1024\" height=\"683\" src=\"https::\/\/elreporterohgo.com\/noticias\/wp-content\/uploads\/2021\/10\/C879515C-3F98-47FC-9FC8-D49CE3AC4361-1024x683.jpeg\" alt=\"\" class=\"wp-image-43804\" srcset=\"https:\/\/elreporterohgo.com\/noticias\/wp-content\/uploads\/2021\/10\/C879515C-3F98-47FC-9FC8-D49CE3AC4361-1024x683.jpeg 1024w, https:\/\/elreporterohgo.com\/noticias\/wp-content\/uploads\/2021\/10\/C879515C-3F98-47FC-9FC8-D49CE3AC4361-300x200.jpeg 300w, https:\/\/elreporterohgo.com\/noticias\/wp-content\/uploads\/2021\/10\/C879515C-3F98-47FC-9FC8-D49CE3AC4361-768x512.jpeg 768w\" sizes=\"(max-width: 1024px) 100vw, 1024px\" \/><\/figure>\n\n\n\n<p>El mandatario adelant\u00f3 que en breve se llevar\u00e1 a cabo una reuni\u00f3n de trabajo con el presidente Andr\u00e9s Manuel L\u00f3pez Obrador, en la que se abordar\u00e1n temas tan apremiantes para Hidalgo y para Tula; reiter\u00f3 que trabajar\u00e1 de manera coordinada con el Gobierno de M\u00e9xico para sacar adelante a la regi\u00f3n.<\/p>\n\n\n\n<figure class=\"wp-block-image\"><img decoding=\"async\" width=\"1024\" height=\"1024\" src=\"https::\/\/elreporterohgo.com\/noticias\/wp-content\/uploads\/2021\/10\/4C6EAC28-7D17-46D4-BD99-74742D109436-1024x1024.jpeg\" alt=\"\" class=\"wp-image-43789\" srcset=\"https:\/\/elreporterohgo.com\/noticias\/wp-content\/uploads\/2021\/10\/4C6EAC28-7D17-46D4-BD99-74742D109436-1024x1024.jpeg 1024w, https:\/\/elreporterohgo.com\/noticias\/wp-content\/uploads\/2021\/10\/4C6EAC28-7D17-46D4-BD99-74742D109436-150x150.jpeg 150w, https:\/\/elreporterohgo.com\/noticias\/wp-content\/uploads\/2021\/10\/4C6EAC28-7D17-46D4-BD99-74742D109436-300x300.jpeg 300w, https:\/\/elreporterohgo.com\/noticias\/wp-content\/uploads\/2021\/10\/4C6EAC28-7D17-46D4-BD99-74742D109436-768x768.jpeg 768w, https:\/\/elreporterohgo.com\/noticias\/wp-content\/uploads\/2021\/10\/4C6EAC28-7D17-46D4-BD99-74742D109436-160x160.jpeg 160w, https:\/\/elreporterohgo.com\/noticias\/wp-content\/uploads\/2021\/10\/4C6EAC28-7D17-46D4-BD99-74742D109436.jpeg 1200w\" sizes=\"(max-width: 1024px) 100vw, 1024px\" \/><\/figure>\n","protected":false},"excerpt":{"rendered":"<p>El gobernador Omar Fayad se reuni\u00f3 con representantes de sectores l\u00edderes de la regi\u00f3n de Tula y el alcalde de ese municipio, Manuel Hern\u00e1ndez Badillo, con la finalidad de abordar temas que abonen a la recuperaci\u00f3n de esa regi\u00f3n. Acompa\u00f1ado por integrantes de su gabinete, el gobernador Fayad expres\u00f3 que Hidalgo cumple con una misi\u00f3n<\/p>\n","protected":false},"author":2,"featured_media":43803,"comment_status":"open","ping_status":"closed","sticky":false,"template":"","format":"standard","meta":{"footnotes":""},"categories":[10],"tags":[],"class_list":{"0":"post-43802","1":"post","2":"type-post","3":"status-publish","4":"format-standard","5":"has-post-thumbnail","7":"category-hidalgo"},"_links":{"self":[{"href":"https:\/\/elreporterohgo.com\/noticias\/wp-json\/wp\/v2\/posts\/43802","targetHints":{"allow":["GET"]}}],"collection":[{"href":"https:\/\/elreporterohgo.com\/noticias\/wp-json\/wp\/v2\/posts"}],"about":[{"href":"https:\/\/elreporterohgo.com\/noticias\/wp-json\/wp\/v2\/types\/post"}],"author":[{"embeddable":true,"href":"https:\/\/elreporterohgo.com\/noticias\/wp-json\/wp\/v2\/users\/2"}],"replies":[{"embeddable":true,"href":"https:\/\/elreporterohgo.com\/noticias\/wp-json\/wp\/v2\/comments?post=43802"}],"version-history":[{"count":1,"href":"https:\/\/elreporterohgo.com\/noticias\/wp-json\/wp\/v2\/posts\/43802\/revisions"}],"predecessor-version":[{"id":43805,"href":"https:\/\/elreporterohgo.com\/noticias\/wp-json\/wp\/v2\/posts\/43802\/revisions\/43805"}],"wp:featuredmedia":[{"embeddable":true,"href":"https:\/\/elreporterohgo.com\/noticias\/wp-json\/wp\/v2\/media\/43803"}],"wp:attachment":[{"href":"https:\/\/elreporterohgo.com\/noticias\/wp-json\/wp\/v2\/media?parent=43802"}],"wp:term":[{"taxonomy":"category","embeddable":true,"href":"https:\/\/elreporterohgo.com\/noticias\/wp-json\/wp\/v2\/categories?post=43802"},{"taxonomy":"post_tag","embeddable":true,"href":"https:\/\/elreporterohgo.com\/noticias\/wp-json\/wp\/v2\/tags?post=43802"}],"curies":[{"name":"wp","href":"https:\/\/api.w.org\/{rel}","templated":true}]}}