{"id":43799,"date":"2021-10-18T22:23:57","date_gmt":"2021-10-19T03:23:57","guid":{"rendered":"https:\/\/elreporterohgo.com\/noticias\/?p=43799"},"modified":"2021-10-18T22:23:58","modified_gmt":"2021-10-19T03:23:58","slug":"se-instalo-la-comision-de-seguridad-ciudadana-y-justicia","status":"publish","type":"post","link":"https:\/\/elreporterohgo.com\/noticias\/2021\/10\/18\/se-instalo-la-comision-de-seguridad-ciudadana-y-justicia\/","title":{"rendered":"Se instal\u00f3 la Comisi\u00f3n de Seguridad Ciudadana y Justicia"},"content":{"rendered":"\n<p>-Estuvieron presentes representantes de los tres poderes.<br><\/p>\n\n\n\n<p>El secretario de Gobierno del Estado de Hidalgo, Sim\u00f3n Vargas Aguilar, asisti\u00f3 a la instalaci\u00f3n de la Comisi\u00f3n de Seguridad Ciudadana y Justicia, con los integrantes de la LXV Legislatura que la conforman.<\/p>\n\n\n\n<figure class=\"wp-block-image\"><img fetchpriority=\"high\" decoding=\"async\" width=\"1024\" height=\"744\" src=\"https::\/\/elreporterohgo.com\/noticias\/wp-content\/uploads\/2021\/10\/CC844EBA-BD11-43C9-BFAA-1407D102D95F-1024x744.jpeg\" alt=\"\" class=\"wp-image-43800\" srcset=\"https:\/\/elreporterohgo.com\/noticias\/wp-content\/uploads\/2021\/10\/CC844EBA-BD11-43C9-BFAA-1407D102D95F-1024x744.jpeg 1024w, https:\/\/elreporterohgo.com\/noticias\/wp-content\/uploads\/2021\/10\/CC844EBA-BD11-43C9-BFAA-1407D102D95F-300x218.jpeg 300w, https:\/\/elreporterohgo.com\/noticias\/wp-content\/uploads\/2021\/10\/CC844EBA-BD11-43C9-BFAA-1407D102D95F-768x558.jpeg 768w\" sizes=\"(max-width: 1024px) 100vw, 1024px\" \/><\/figure>\n\n\n\n<p>El secretario Vargas, as\u00ed como los representantes de los dem\u00e1s poderes, diputado Francisco Xavier Berganza Escorza, presidente de la Junta Legislativa, y la presidenta del Tribunal Superior de Justicia en el Estado de Hidalgo, Yanet Herrera, se pronunciaron por trabajar de manera coordinada, transparente y conjunta, en favor de las familias de la entidad.<\/p>\n\n\n\n<p>Es con un di\u00e1logo cercano, agenda en com\u00fan y colaborando entre los Poderes de Gobierno, sostuvo Sim\u00f3n Vargas, como se continuar\u00e1n impulsando los temas, programas y acciones que son de inter\u00e9s y demanda la ciudadan\u00eda.<\/p>\n\n\n\n<p>En este caso, dijo, es el de seguridad y justicia, que desde el inicio de la administraci\u00f3n del gobernador Omar Fayad se comprometi\u00f3 en fortalecerlas y velar por las y los hidalguenses.<\/p>\n\n\n\n<figure class=\"wp-block-image\"><img decoding=\"async\" width=\"1024\" height=\"1024\" src=\"https::\/\/elreporterohgo.com\/noticias\/wp-content\/uploads\/2021\/10\/4C6EAC28-7D17-46D4-BD99-74742D109436-1024x1024.jpeg\" alt=\"\" class=\"wp-image-43789\" srcset=\"https:\/\/elreporterohgo.com\/noticias\/wp-content\/uploads\/2021\/10\/4C6EAC28-7D17-46D4-BD99-74742D109436-1024x1024.jpeg 1024w, https:\/\/elreporterohgo.com\/noticias\/wp-content\/uploads\/2021\/10\/4C6EAC28-7D17-46D4-BD99-74742D109436-150x150.jpeg 150w, https:\/\/elreporterohgo.com\/noticias\/wp-content\/uploads\/2021\/10\/4C6EAC28-7D17-46D4-BD99-74742D109436-300x300.jpeg 300w, https:\/\/elreporterohgo.com\/noticias\/wp-content\/uploads\/2021\/10\/4C6EAC28-7D17-46D4-BD99-74742D109436-768x768.jpeg 768w, https:\/\/elreporterohgo.com\/noticias\/wp-content\/uploads\/2021\/10\/4C6EAC28-7D17-46D4-BD99-74742D109436-160x160.jpeg 160w, https:\/\/elreporterohgo.com\/noticias\/wp-content\/uploads\/2021\/10\/4C6EAC28-7D17-46D4-BD99-74742D109436.jpeg 1200w\" sizes=\"(max-width: 1024px) 100vw, 1024px\" \/><\/figure>\n\n\n\n<p>De ah\u00ed, manifest\u00f3 el secretario, que impuls\u00f3 la construcci\u00f3n del C5i, su operaci\u00f3n, as\u00ed como capacitaci\u00f3n de los elementos de seguridad para con ello aportar a la paz y tranquilidad social; mantener a Hidalgo como uno de los estados m\u00e1s seguros; garantizar entornos adecuados y as\u00ed consolidar la confianza de los inversionistas para asentarse en Hidalgo y generar empleos para la poblaci\u00f3n.<\/p>\n\n\n\n<p>El presidente de la comisi\u00f3n instalada, diputado Octavio Maga\u00f1a Soto, reconoci\u00f3 la visi\u00f3n y compromiso tanto del presidente de M\u00e9xico, Andr\u00e9s Manuel L\u00f3pez Obrador, como del gobernador Omar Fayad, de fomentar un trabajo democr\u00e1tico y responsable, a trav\u00e9s de una relaci\u00f3n cordial y cercana, que beneficia a las y los hidalguenses.&nbsp;<\/p>\n\n\n\n<p>Finalmente, el presidente de la Junta de Gobierno del Congreso, Francisco Xavier Berganza, se\u00f1al\u00f3 que la presencia de todos los convocados y el trabajo que se impulse a trav\u00e9s de la comisi\u00f3n -y en los siguientes d\u00edas durante las comparecencias con los secretarios del gabinete-, es y ser\u00e1 ejemplo de lo que puede hacerse para bien de la ciudadan\u00eda, a trav\u00e9s de la construcci\u00f3n, de ser proactivos, sumando y con base en los encuentros.<\/p>\n\n\n\n<p>Tambi\u00e9n estuvieron presentes en esta instalaci\u00f3n, los secretarios de Seguridad P\u00fablica, Mauricio Delmar, y el procurador Alejandro Habib, entre otros.<\/p>\n","protected":false},"excerpt":{"rendered":"<p>-Estuvieron presentes representantes de los tres poderes. El secretario de Gobierno del Estado de Hidalgo, Sim\u00f3n Vargas Aguilar, asisti\u00f3 a la instalaci\u00f3n de la Comisi\u00f3n de Seguridad Ciudadana y Justicia, con los integrantes de la LXV Legislatura que la conforman. El secretario Vargas, as\u00ed como los representantes de los dem\u00e1s poderes, diputado Francisco Xavier Berganza<\/p>\n","protected":false},"author":2,"featured_media":43800,"comment_status":"open","ping_status":"closed","sticky":false,"template":"","format":"standard","meta":{"footnotes":""},"categories":[10],"tags":[],"class_list":{"0":"post-43799","1":"post","2":"type-post","3":"status-publish","4":"format-standard","5":"has-post-thumbnail","7":"category-hidalgo"},"_links":{"self":[{"href":"https:\/\/elreporterohgo.com\/noticias\/wp-json\/wp\/v2\/posts\/43799","targetHints":{"allow":["GET"]}}],"collection":[{"href":"https:\/\/elreporterohgo.com\/noticias\/wp-json\/wp\/v2\/posts"}],"about":[{"href":"https:\/\/elreporterohgo.com\/noticias\/wp-json\/wp\/v2\/types\/post"}],"author":[{"embeddable":true,"href":"https:\/\/elreporterohgo.com\/noticias\/wp-json\/wp\/v2\/users\/2"}],"replies":[{"embeddable":true,"href":"https:\/\/elreporterohgo.com\/noticias\/wp-json\/wp\/v2\/comments?post=43799"}],"version-history":[{"count":1,"href":"https:\/\/elreporterohgo.com\/noticias\/wp-json\/wp\/v2\/posts\/43799\/revisions"}],"predecessor-version":[{"id":43801,"href":"https:\/\/elreporterohgo.com\/noticias\/wp-json\/wp\/v2\/posts\/43799\/revisions\/43801"}],"wp:featuredmedia":[{"embeddable":true,"href":"https:\/\/elreporterohgo.com\/noticias\/wp-json\/wp\/v2\/media\/43800"}],"wp:attachment":[{"href":"https:\/\/elreporterohgo.com\/noticias\/wp-json\/wp\/v2\/media?parent=43799"}],"wp:term":[{"taxonomy":"category","embeddable":true,"href":"https:\/\/elreporterohgo.com\/noticias\/wp-json\/wp\/v2\/categories?post=43799"},{"taxonomy":"post_tag","embeddable":true,"href":"https:\/\/elreporterohgo.com\/noticias\/wp-json\/wp\/v2\/tags?post=43799"}],"curies":[{"name":"wp","href":"https:\/\/api.w.org\/{rel}","templated":true}]}}