{"id":43791,"date":"2021-10-18T22:09:03","date_gmt":"2021-10-19T03:09:03","guid":{"rendered":"https:\/\/elreporterohgo.com\/noticias\/?p=43791"},"modified":"2021-10-18T22:09:05","modified_gmt":"2021-10-19T03:09:05","slug":"detenido-por-robar-un-taxi","status":"publish","type":"post","link":"https:\/\/elreporterohgo.com\/noticias\/2021\/10\/18\/detenido-por-robar-un-taxi\/","title":{"rendered":"Detenido por robar un taxi"},"content":{"rendered":"\n<p><br>En coordinado operativo,\u00a0instrumentado por\u00a0la Secretar\u00eda\u00a0de Seguridad P\u00fablica de Hidalgo,\u00a0se logr\u00f3 la recuperaci\u00f3n de un veh\u00edculo de transporte p\u00fablico reportado como robado y la detenci\u00f3n de la persona que lo conduc\u00eda.<\/p>\n\n\n\n<figure class=\"wp-block-image\"><img fetchpriority=\"high\" decoding=\"async\" width=\"1024\" height=\"576\" src=\"https::\/\/elreporterohgo.com\/noticias\/wp-content\/uploads\/2021\/10\/D32E02EE-7D0B-424F-8F5E-70709D1A3396-1024x576.jpeg\" alt=\"\" class=\"wp-image-43793\" srcset=\"https:\/\/elreporterohgo.com\/noticias\/wp-content\/uploads\/2021\/10\/D32E02EE-7D0B-424F-8F5E-70709D1A3396-1024x576.jpeg 1024w, https:\/\/elreporterohgo.com\/noticias\/wp-content\/uploads\/2021\/10\/D32E02EE-7D0B-424F-8F5E-70709D1A3396-300x169.jpeg 300w, https:\/\/elreporterohgo.com\/noticias\/wp-content\/uploads\/2021\/10\/D32E02EE-7D0B-424F-8F5E-70709D1A3396-768x432.jpeg 768w, https:\/\/elreporterohgo.com\/noticias\/wp-content\/uploads\/2021\/10\/D32E02EE-7D0B-424F-8F5E-70709D1A3396.jpeg 1280w\" sizes=\"(max-width: 1024px) 100vw, 1024px\" \/><\/figure>\n\n\n\n<p>Fue&nbsp;con&nbsp;una llamada de alerta al&nbsp;C5i de Hidalgo, a trav\u00e9s&nbsp;del&nbsp;911 de&nbsp;Emergencias,&nbsp;que se dio a conocer el robo&nbsp;con violencia&nbsp;de un taxi&nbsp;metropolitano&nbsp;Nissan&nbsp;Tsuru, en la carretera federal M\u00e9xico-Laredo, a la altura de&nbsp;El&nbsp;Durazno,&nbsp;municipio de San Agust\u00edn Tlaxiaca.&nbsp;<\/p>\n\n\n\n<figure class=\"wp-block-image\"><img decoding=\"async\" width=\"812\" height=\"1024\" src=\"https::\/\/elreporterohgo.com\/noticias\/wp-content\/uploads\/2021\/10\/D91321C3-6516-4404-BCA7-408DE48BA8F8-812x1024.jpeg\" alt=\"\" class=\"wp-image-43792\" srcset=\"https:\/\/elreporterohgo.com\/noticias\/wp-content\/uploads\/2021\/10\/D91321C3-6516-4404-BCA7-408DE48BA8F8-812x1024.jpeg 812w, https:\/\/elreporterohgo.com\/noticias\/wp-content\/uploads\/2021\/10\/D91321C3-6516-4404-BCA7-408DE48BA8F8-238x300.jpeg 238w, https:\/\/elreporterohgo.com\/noticias\/wp-content\/uploads\/2021\/10\/D91321C3-6516-4404-BCA7-408DE48BA8F8-768x969.jpeg 768w, https:\/\/elreporterohgo.com\/noticias\/wp-content\/uploads\/2021\/10\/D91321C3-6516-4404-BCA7-408DE48BA8F8.jpeg 1015w\" sizes=\"(max-width: 812px) 100vw, 812px\" \/><\/figure>\n\n\n\n<p>De inmediato&nbsp;se desplegaron&nbsp;el sistema de videovigilancia y&nbsp;unidades de patrullaje&nbsp;de la Polic\u00eda Estatal,&nbsp;que&nbsp;intervinieron&nbsp;el autom\u00f3vil&nbsp;a la altura de la comunidad de&nbsp;El Huizache, en la misma demarcaci\u00f3n.<\/p>\n\n\n\n<p>Con\u00a0ello\u00a0fue\u00a0intervenida la persona que conduc\u00eda\u00a0el veh\u00edculo,\u00a0del\u00a0que no pudo acreditar la propiedad,\u00a0por lo que fue detenida\u00a0y puesta\u00a0a disposici\u00f3n del Ministerio P\u00fablico del fuero com\u00fan;\u00a0el hombre se identific\u00f3 como A.F.C.,\u00a0de 34 a\u00f1os.<\/p>\n\n\n\n<figure class=\"wp-block-image\"><img decoding=\"async\" width=\"1024\" height=\"1024\" src=\"https::\/\/elreporterohgo.com\/noticias\/wp-content\/uploads\/2021\/10\/4C6EAC28-7D17-46D4-BD99-74742D109436-1024x1024.jpeg\" alt=\"\" class=\"wp-image-43789\" srcset=\"https:\/\/elreporterohgo.com\/noticias\/wp-content\/uploads\/2021\/10\/4C6EAC28-7D17-46D4-BD99-74742D109436-1024x1024.jpeg 1024w, https:\/\/elreporterohgo.com\/noticias\/wp-content\/uploads\/2021\/10\/4C6EAC28-7D17-46D4-BD99-74742D109436-150x150.jpeg 150w, https:\/\/elreporterohgo.com\/noticias\/wp-content\/uploads\/2021\/10\/4C6EAC28-7D17-46D4-BD99-74742D109436-300x300.jpeg 300w, https:\/\/elreporterohgo.com\/noticias\/wp-content\/uploads\/2021\/10\/4C6EAC28-7D17-46D4-BD99-74742D109436-768x768.jpeg 768w, https:\/\/elreporterohgo.com\/noticias\/wp-content\/uploads\/2021\/10\/4C6EAC28-7D17-46D4-BD99-74742D109436-160x160.jpeg 160w, https:\/\/elreporterohgo.com\/noticias\/wp-content\/uploads\/2021\/10\/4C6EAC28-7D17-46D4-BD99-74742D109436.jpeg 1200w\" sizes=\"(max-width: 1024px) 100vw, 1024px\" \/><\/figure>\n","protected":false},"excerpt":{"rendered":"<p>En coordinado operativo,\u00a0instrumentado por\u00a0la Secretar\u00eda\u00a0de Seguridad P\u00fablica de Hidalgo,\u00a0se logr\u00f3 la recuperaci\u00f3n de un veh\u00edculo de transporte p\u00fablico reportado como robado y la detenci\u00f3n de la persona que lo conduc\u00eda. Fue&nbsp;con&nbsp;una llamada de alerta al&nbsp;C5i de Hidalgo, a trav\u00e9s&nbsp;del&nbsp;911 de&nbsp;Emergencias,&nbsp;que se dio a conocer el robo&nbsp;con violencia&nbsp;de un taxi&nbsp;metropolitano&nbsp;Nissan&nbsp;Tsuru, en la carretera federal M\u00e9xico-Laredo, a<\/p>\n","protected":false},"author":2,"featured_media":43792,"comment_status":"open","ping_status":"closed","sticky":false,"template":"","format":"standard","meta":{"footnotes":""},"categories":[10],"tags":[],"class_list":{"0":"post-43791","1":"post","2":"type-post","3":"status-publish","4":"format-standard","5":"has-post-thumbnail","7":"category-hidalgo"},"_links":{"self":[{"href":"https:\/\/elreporterohgo.com\/noticias\/wp-json\/wp\/v2\/posts\/43791","targetHints":{"allow":["GET"]}}],"collection":[{"href":"https:\/\/elreporterohgo.com\/noticias\/wp-json\/wp\/v2\/posts"}],"about":[{"href":"https:\/\/elreporterohgo.com\/noticias\/wp-json\/wp\/v2\/types\/post"}],"author":[{"embeddable":true,"href":"https:\/\/elreporterohgo.com\/noticias\/wp-json\/wp\/v2\/users\/2"}],"replies":[{"embeddable":true,"href":"https:\/\/elreporterohgo.com\/noticias\/wp-json\/wp\/v2\/comments?post=43791"}],"version-history":[{"count":1,"href":"https:\/\/elreporterohgo.com\/noticias\/wp-json\/wp\/v2\/posts\/43791\/revisions"}],"predecessor-version":[{"id":43794,"href":"https:\/\/elreporterohgo.com\/noticias\/wp-json\/wp\/v2\/posts\/43791\/revisions\/43794"}],"wp:featuredmedia":[{"embeddable":true,"href":"https:\/\/elreporterohgo.com\/noticias\/wp-json\/wp\/v2\/media\/43792"}],"wp:attachment":[{"href":"https:\/\/elreporterohgo.com\/noticias\/wp-json\/wp\/v2\/media?parent=43791"}],"wp:term":[{"taxonomy":"category","embeddable":true,"href":"https:\/\/elreporterohgo.com\/noticias\/wp-json\/wp\/v2\/categories?post=43791"},{"taxonomy":"post_tag","embeddable":true,"href":"https:\/\/elreporterohgo.com\/noticias\/wp-json\/wp\/v2\/tags?post=43791"}],"curies":[{"name":"wp","href":"https:\/\/api.w.org\/{rel}","templated":true}]}}