{"id":43783,"date":"2021-10-18T03:19:29","date_gmt":"2021-10-18T08:19:29","guid":{"rendered":"https:\/\/elreporterohgo.com\/noticias\/?p=43783"},"modified":"2021-10-18T03:19:30","modified_gmt":"2021-10-18T08:19:30","slug":"edgar-bulmaro-puesto-tras-las-rejas-por-violacion","status":"publish","type":"post","link":"https:\/\/elreporterohgo.com\/noticias\/2021\/10\/18\/edgar-bulmaro-puesto-tras-las-rejas-por-violacion\/","title":{"rendered":"Edgar Bulmaro puesto tras las rejas por violaci\u00f3n"},"content":{"rendered":"\n<figure class=\"wp-block-image\"><img fetchpriority=\"high\" decoding=\"async\" width=\"359\" height=\"233\" src=\"https::\/\/elreporterohgo.com\/noticias\/wp-content\/uploads\/2021\/10\/safe_image-2-1.jpg\" alt=\"\" class=\"wp-image-43784\" srcset=\"https:\/\/elreporterohgo.com\/noticias\/wp-content\/uploads\/2021\/10\/safe_image-2-1.jpg 359w, https:\/\/elreporterohgo.com\/noticias\/wp-content\/uploads\/2021\/10\/safe_image-2-1-300x195.jpg 300w\" sizes=\"(max-width: 359px) 100vw, 359px\" \/><\/figure>\n\n\n\n<p>APAN, HGO.- La\nSubprocuradur\u00eda de Procedimientos Penales regi\u00f3n poniente, de la Procuradur\u00eda\nGeneral de Justicia del estado de Hidalgo, obtuvo de un juez de control la\nvinculaci\u00f3n a proceso de una persona por violaci\u00f3n equiparada, ocurrida en\nApan.<\/p>\n\n\n\n<p>Los\nhechos por los que es investigado Edgar Bulmaro \u201cN\u201d, ocurrieron en el interior\nde un domicilio en el que una persona menor de edad fue agredida&nbsp; sexualmente.<\/p>\n\n\n\n<p>De\nlo ocurrido, tuvo conocimiento esta representaci\u00f3n social mediante la denuncia\nque dio origen a la carpeta de investigaci\u00f3n por violaci\u00f3n equiparada.<\/p>\n\n\n\n<p>El\nagente del Ministerio P\u00fablico a cargo de las investigaciones reuni\u00f3 los datos\nde prueba contra el probable y en audiencia inicial formul\u00f3 la imputaci\u00f3n\ncorrespondiente.<\/p>\n\n\n\n<p>Como resultado de dicha audiencia, el imputado fue vinculado a proceso por el juez de control, quien impuso como medida cautelar la prisi\u00f3n preventiva oficiosa y fij\u00f3 un plazo de tres meses para el cierre de la investigaci\u00f3n complementaria.<\/p>\n\n\n\n<figure class=\"wp-block-image\"><img decoding=\"async\" width=\"1024\" height=\"1024\" src=\"https::\/\/elreporterohgo.com\/noticias\/wp-content\/uploads\/2021\/10\/comprocars-1-40-1024x1024-71.jpg\" alt=\"\" class=\"wp-image-43785\" srcset=\"https:\/\/elreporterohgo.com\/noticias\/wp-content\/uploads\/2021\/10\/comprocars-1-40-1024x1024-71.jpg 1024w, https:\/\/elreporterohgo.com\/noticias\/wp-content\/uploads\/2021\/10\/comprocars-1-40-1024x1024-71-150x150.jpg 150w, https:\/\/elreporterohgo.com\/noticias\/wp-content\/uploads\/2021\/10\/comprocars-1-40-1024x1024-71-300x300.jpg 300w, https:\/\/elreporterohgo.com\/noticias\/wp-content\/uploads\/2021\/10\/comprocars-1-40-1024x1024-71-768x768.jpg 768w, https:\/\/elreporterohgo.com\/noticias\/wp-content\/uploads\/2021\/10\/comprocars-1-40-1024x1024-71-160x160.jpg 160w\" sizes=\"(max-width: 1024px) 100vw, 1024px\" \/><\/figure>\n","protected":false},"excerpt":{"rendered":"<p>APAN, HGO.- La Subprocuradur\u00eda de Procedimientos Penales regi\u00f3n poniente, de la Procuradur\u00eda General de Justicia del estado de Hidalgo, obtuvo de un juez de control la vinculaci\u00f3n a proceso de una persona por violaci\u00f3n equiparada, ocurrida en Apan. Los hechos por los que es investigado Edgar Bulmaro \u201cN\u201d, ocurrieron en el interior de un domicilio<\/p>\n","protected":false},"author":2,"featured_media":43784,"comment_status":"open","ping_status":"closed","sticky":false,"template":"","format":"standard","meta":{"footnotes":""},"categories":[10],"tags":[],"class_list":{"0":"post-43783","1":"post","2":"type-post","3":"status-publish","4":"format-standard","5":"has-post-thumbnail","7":"category-hidalgo"},"_links":{"self":[{"href":"https:\/\/elreporterohgo.com\/noticias\/wp-json\/wp\/v2\/posts\/43783","targetHints":{"allow":["GET"]}}],"collection":[{"href":"https:\/\/elreporterohgo.com\/noticias\/wp-json\/wp\/v2\/posts"}],"about":[{"href":"https:\/\/elreporterohgo.com\/noticias\/wp-json\/wp\/v2\/types\/post"}],"author":[{"embeddable":true,"href":"https:\/\/elreporterohgo.com\/noticias\/wp-json\/wp\/v2\/users\/2"}],"replies":[{"embeddable":true,"href":"https:\/\/elreporterohgo.com\/noticias\/wp-json\/wp\/v2\/comments?post=43783"}],"version-history":[{"count":1,"href":"https:\/\/elreporterohgo.com\/noticias\/wp-json\/wp\/v2\/posts\/43783\/revisions"}],"predecessor-version":[{"id":43786,"href":"https:\/\/elreporterohgo.com\/noticias\/wp-json\/wp\/v2\/posts\/43783\/revisions\/43786"}],"wp:featuredmedia":[{"embeddable":true,"href":"https:\/\/elreporterohgo.com\/noticias\/wp-json\/wp\/v2\/media\/43784"}],"wp:attachment":[{"href":"https:\/\/elreporterohgo.com\/noticias\/wp-json\/wp\/v2\/media?parent=43783"}],"wp:term":[{"taxonomy":"category","embeddable":true,"href":"https:\/\/elreporterohgo.com\/noticias\/wp-json\/wp\/v2\/categories?post=43783"},{"taxonomy":"post_tag","embeddable":true,"href":"https:\/\/elreporterohgo.com\/noticias\/wp-json\/wp\/v2\/tags?post=43783"}],"curies":[{"name":"wp","href":"https:\/\/api.w.org\/{rel}","templated":true}]}}