{"id":43769,"date":"2021-10-17T11:55:36","date_gmt":"2021-10-17T16:55:36","guid":{"rendered":"https:\/\/elreporterohgo.com\/noticias\/?p=43769"},"modified":"2021-10-17T11:55:37","modified_gmt":"2021-10-17T16:55:37","slug":"%ef%bb%bfpaseo-dominical-en-avenida-revolucion","status":"publish","type":"post","link":"https:\/\/elreporterohgo.com\/noticias\/2021\/10\/17\/%ef%bb%bfpaseo-dominical-en-avenida-revolucion\/","title":{"rendered":"\ufeffPaseo dominical en Avenida Revoluci\u00f3n"},"content":{"rendered":"\n<figure class=\"wp-block-image\"><img fetchpriority=\"high\" decoding=\"async\" width=\"1024\" height=\"684\" src=\"https::\/\/elreporterohgo.com\/noticias\/wp-content\/uploads\/2021\/10\/e57cae85-7710-48a2-a966-86b63e9576cc-1024x684.jpg\" alt=\"\" class=\"wp-image-43770\" srcset=\"https:\/\/elreporterohgo.com\/noticias\/wp-content\/uploads\/2021\/10\/e57cae85-7710-48a2-a966-86b63e9576cc-1024x684.jpg 1024w, https:\/\/elreporterohgo.com\/noticias\/wp-content\/uploads\/2021\/10\/e57cae85-7710-48a2-a966-86b63e9576cc-300x200.jpg 300w, https:\/\/elreporterohgo.com\/noticias\/wp-content\/uploads\/2021\/10\/e57cae85-7710-48a2-a966-86b63e9576cc-768x513.jpg 768w, https:\/\/elreporterohgo.com\/noticias\/wp-content\/uploads\/2021\/10\/e57cae85-7710-48a2-a966-86b63e9576cc.jpg 1336w\" sizes=\"(max-width: 1024px) 100vw, 1024px\" \/><\/figure>\n\n\n\n<figure class=\"wp-block-image\"><img decoding=\"async\" width=\"1024\" height=\"683\" src=\"https::\/\/elreporterohgo.com\/noticias\/wp-content\/uploads\/2021\/10\/8b66dd33-f1ac-42ea-81c9-366647661c2a-1024x683.jpg\" alt=\"\" class=\"wp-image-43771\" srcset=\"https:\/\/elreporterohgo.com\/noticias\/wp-content\/uploads\/2021\/10\/8b66dd33-f1ac-42ea-81c9-366647661c2a-1024x683.jpg 1024w, https:\/\/elreporterohgo.com\/noticias\/wp-content\/uploads\/2021\/10\/8b66dd33-f1ac-42ea-81c9-366647661c2a-300x200.jpg 300w, https:\/\/elreporterohgo.com\/noticias\/wp-content\/uploads\/2021\/10\/8b66dd33-f1ac-42ea-81c9-366647661c2a-768x512.jpg 768w, https:\/\/elreporterohgo.com\/noticias\/wp-content\/uploads\/2021\/10\/8b66dd33-f1ac-42ea-81c9-366647661c2a.jpg 1531w\" sizes=\"(max-width: 1024px) 100vw, 1024px\" \/><\/figure>\n\n\n\n<p>Pachuca de Soto, Hidalgo.- Hoy, domingo 17 de octubre la avenida\nRevoluci\u00f3n ser\u00e1 exclusivamente peatonal, de 7 de la ma\u00f1ana a 2 de la tarde. <\/p>\n\n\n\n<p>El objetivo es incentivar la convivencia familiar y la pr\u00e1ctica de\nactividades deportivas como andar en bicicleta, patines o patineta. <\/p>\n\n\n\n<p>La presidencia municipal de Pachuca instalar\u00e1 un m\u00f3dulo de pr\u00e9stamo de bicicletas a un costado de La Casa de las y los Adolescentes, con el \u00fanico requisito de presentar una identificaci\u00f3n oficial. <\/p>\n\n\n\n<figure class=\"wp-block-image\"><img decoding=\"async\" width=\"1024\" height=\"1024\" src=\"https::\/\/elreporterohgo.com\/noticias\/wp-content\/uploads\/2021\/10\/comprocars-1-40-1024x1024-68.jpg\" alt=\"\" class=\"wp-image-43772\" srcset=\"https:\/\/elreporterohgo.com\/noticias\/wp-content\/uploads\/2021\/10\/comprocars-1-40-1024x1024-68.jpg 1024w, https:\/\/elreporterohgo.com\/noticias\/wp-content\/uploads\/2021\/10\/comprocars-1-40-1024x1024-68-150x150.jpg 150w, https:\/\/elreporterohgo.com\/noticias\/wp-content\/uploads\/2021\/10\/comprocars-1-40-1024x1024-68-300x300.jpg 300w, https:\/\/elreporterohgo.com\/noticias\/wp-content\/uploads\/2021\/10\/comprocars-1-40-1024x1024-68-768x768.jpg 768w, https:\/\/elreporterohgo.com\/noticias\/wp-content\/uploads\/2021\/10\/comprocars-1-40-1024x1024-68-160x160.jpg 160w\" sizes=\"(max-width: 1024px) 100vw, 1024px\" \/><\/figure>\n\n\n\n<p>Todos los comerciantes establecidos en esta avenida, est\u00e1n autorizados\npara abrir sus negocios, sacar sus mesas y colocar sombrilla, adem\u00e1s pueden\npreparar algunas promociones para de esta manera reactivar la econom\u00eda.<\/p>\n\n\n\n<p>De igual forma se pide a la poblaci\u00f3n en general usar en todo momento el\ncubrebocas y guardar la sana distancia.<\/p>\n","protected":false},"excerpt":{"rendered":"<p>Pachuca de Soto, Hidalgo.- Hoy, domingo 17 de octubre la avenida Revoluci\u00f3n ser\u00e1 exclusivamente peatonal, de 7 de la ma\u00f1ana a 2 de la tarde. El objetivo es incentivar la convivencia familiar y la pr\u00e1ctica de actividades deportivas como andar en bicicleta, patines o patineta. La presidencia municipal de Pachuca instalar\u00e1 un m\u00f3dulo de pr\u00e9stamo<\/p>\n","protected":false},"author":2,"featured_media":43770,"comment_status":"open","ping_status":"closed","sticky":false,"template":"","format":"standard","meta":{"footnotes":""},"categories":[10],"tags":[],"class_list":{"0":"post-43769","1":"post","2":"type-post","3":"status-publish","4":"format-standard","5":"has-post-thumbnail","7":"category-hidalgo"},"_links":{"self":[{"href":"https:\/\/elreporterohgo.com\/noticias\/wp-json\/wp\/v2\/posts\/43769","targetHints":{"allow":["GET"]}}],"collection":[{"href":"https:\/\/elreporterohgo.com\/noticias\/wp-json\/wp\/v2\/posts"}],"about":[{"href":"https:\/\/elreporterohgo.com\/noticias\/wp-json\/wp\/v2\/types\/post"}],"author":[{"embeddable":true,"href":"https:\/\/elreporterohgo.com\/noticias\/wp-json\/wp\/v2\/users\/2"}],"replies":[{"embeddable":true,"href":"https:\/\/elreporterohgo.com\/noticias\/wp-json\/wp\/v2\/comments?post=43769"}],"version-history":[{"count":1,"href":"https:\/\/elreporterohgo.com\/noticias\/wp-json\/wp\/v2\/posts\/43769\/revisions"}],"predecessor-version":[{"id":43773,"href":"https:\/\/elreporterohgo.com\/noticias\/wp-json\/wp\/v2\/posts\/43769\/revisions\/43773"}],"wp:featuredmedia":[{"embeddable":true,"href":"https:\/\/elreporterohgo.com\/noticias\/wp-json\/wp\/v2\/media\/43770"}],"wp:attachment":[{"href":"https:\/\/elreporterohgo.com\/noticias\/wp-json\/wp\/v2\/media?parent=43769"}],"wp:term":[{"taxonomy":"category","embeddable":true,"href":"https:\/\/elreporterohgo.com\/noticias\/wp-json\/wp\/v2\/categories?post=43769"},{"taxonomy":"post_tag","embeddable":true,"href":"https:\/\/elreporterohgo.com\/noticias\/wp-json\/wp\/v2\/tags?post=43769"}],"curies":[{"name":"wp","href":"https:\/\/api.w.org\/{rel}","templated":true}]}}