{"id":43745,"date":"2021-10-16T23:58:29","date_gmt":"2021-10-17T04:58:29","guid":{"rendered":"https:\/\/elreporterohgo.com\/noticias\/?p=43745"},"modified":"2021-10-17T00:06:16","modified_gmt":"2021-10-17T05:06:16","slug":"prepotente-y-agresivo-oficial-de-seguridad-y-vialidad-municipal","status":"publish","type":"post","link":"https:\/\/elreporterohgo.com\/noticias\/2021\/10\/16\/prepotente-y-agresivo-oficial-de-seguridad-y-vialidad-municipal\/","title":{"rendered":"Prepotente y agresivo oficial de Seguridad y Vialidad Municipal"},"content":{"rendered":"\n<figure class=\"wp-block-image\"><img fetchpriority=\"high\" decoding=\"async\" width=\"1024\" height=\"626\" src=\"https::\/\/elreporterohgo.com\/noticias\/wp-content\/uploads\/2021\/10\/0000poliu-2-1024x626.jpg\" alt=\"\" class=\"wp-image-43748\" srcset=\"https:\/\/elreporterohgo.com\/noticias\/wp-content\/uploads\/2021\/10\/0000poliu-2-1024x626.jpg 1024w, https:\/\/elreporterohgo.com\/noticias\/wp-content\/uploads\/2021\/10\/0000poliu-2-300x183.jpg 300w, https:\/\/elreporterohgo.com\/noticias\/wp-content\/uploads\/2021\/10\/0000poliu-2-768x470.jpg 768w, https:\/\/elreporterohgo.com\/noticias\/wp-content\/uploads\/2021\/10\/0000poliu-2.jpg 1612w\" sizes=\"(max-width: 1024px) 100vw, 1024px\" \/><figcaption>A la izquierda el violento y mal polic\u00eda, a la derecha el fundamento del porque no debe oponerse a ser captado en video.<\/figcaption><\/figure>\n\n\n\n<p>Es un peligro para la ciudadan\u00eda en general<\/p>\n\n\n\n<p>Por Juan Sabino Cruz<\/p>\n\n\n\n<p>Ciudad Sahag\u00fan.- Sin duda debe ser retirado de las calles un prepotente\nsujeto que abusa de portar un uniforme para amedrentar a gente de bien que\ntiene la necesidad de realizar sus compras en el primer cuadro de esta ciudad.<\/p>\n\n\n\n<p>Un afectado plenamente identificado que pidi\u00f3 omitir su identidad por\ntemor a represalias del mal polic\u00eda, inform\u00f3 que aproximadamente a las 10.45\nhoras de hoy, s\u00e1bado 16 de octubre, se encontraba estacionado en los\nalrededores del mercado municipal.<\/p>\n\n\n\n<p>Hasta ah\u00ed llego un uniformado que en forma prepotente les exige se\ntienen que retirar del lugar, as\u00ed que abordan su autom\u00f3vil y se dirigen al\nestacionamiento de la tienda Elektra.<\/p>\n\n\n\n<p>Sin embargo, el oficial que se neg\u00f3 a dar su nombre, sin motivo, lo\nsigue y ofende, inclusive, pidi\u00f3 apoyo a una unidad motociclista.<\/p>\n\n\n\n<p>El conductor de la motocicleta que lleg\u00f3 de apoyo se dio cuenta que no hab\u00eda\nninguna falta y recomienda a su propio compa\u00f1ero recomend\u00f3 al abusivo gendarme\nque lo dejara ir porque no hab\u00edan cometido agravio alguno.<\/p>\n\n\n\n<p>Precis\u00f3 que el mal polic\u00eda le quer\u00eda quitar su tel\u00e9fono celular con el\nargumento de que lo estaba grabando, as\u00ed que se meti\u00f3 al carro de su hija para\nponerse a salvo.<\/p>\n\n\n\n<p>Finalmente, le permiti\u00f3 revisar el celular y el gendarme se dio cuenta\nque jam\u00e1s le tomaron video y opto por retirarse.<\/p>\n\n\n\n<p>El agraviado preciso que est\u00e1 en total desacuerdo por la actitud del mal\npolic\u00eda que por sus acciones afecta la imagen de toda la corporaci\u00f3n en que\ndirige Eduardo Mota, quien debe tomar cartas en el asunto para evitar perder el\ncontrol de la corporaci\u00f3n.<\/p>\n\n\n\n<p>Aclaro que al final pudo tomar una fotograf\u00eda al mal polic\u00eda, la misma que ahora publicamos. Inclusive, qued\u00f3 claro que en caso de existir la intenci\u00f3n de iniciar una investigaci\u00f3n, se pueden utilizar los videos de las c\u00e1maras de seguridad que se supone abundan en el centro de la ciudad.<\/p>\n\n\n\n<figure class=\"wp-block-image\"><img decoding=\"async\" width=\"1024\" height=\"1024\" src=\"https::\/\/elreporterohgo.com\/noticias\/wp-content\/uploads\/2021\/10\/comprocars-1-40-1024x1024-64.jpg\" alt=\"\" class=\"wp-image-43749\" srcset=\"https:\/\/elreporterohgo.com\/noticias\/wp-content\/uploads\/2021\/10\/comprocars-1-40-1024x1024-64.jpg 1024w, https:\/\/elreporterohgo.com\/noticias\/wp-content\/uploads\/2021\/10\/comprocars-1-40-1024x1024-64-150x150.jpg 150w, https:\/\/elreporterohgo.com\/noticias\/wp-content\/uploads\/2021\/10\/comprocars-1-40-1024x1024-64-300x300.jpg 300w, https:\/\/elreporterohgo.com\/noticias\/wp-content\/uploads\/2021\/10\/comprocars-1-40-1024x1024-64-768x768.jpg 768w, https:\/\/elreporterohgo.com\/noticias\/wp-content\/uploads\/2021\/10\/comprocars-1-40-1024x1024-64-160x160.jpg 160w\" sizes=\"(max-width: 1024px) 100vw, 1024px\" \/><\/figure>\n","protected":false},"excerpt":{"rendered":"<p>Es un peligro para la ciudadan\u00eda en general Por Juan Sabino Cruz Ciudad Sahag\u00fan.- Sin duda debe ser retirado de las calles un prepotente sujeto que abusa de portar un uniforme para amedrentar a gente de bien que tiene la necesidad de realizar sus compras en el primer cuadro de esta ciudad. Un afectado plenamente<\/p>\n","protected":false},"author":2,"featured_media":43748,"comment_status":"open","ping_status":"closed","sticky":false,"template":"","format":"standard","meta":{"footnotes":""},"categories":[10],"tags":[],"class_list":{"0":"post-43745","1":"post","2":"type-post","3":"status-publish","4":"format-standard","5":"has-post-thumbnail","7":"category-hidalgo"},"_links":{"self":[{"href":"https:\/\/elreporterohgo.com\/noticias\/wp-json\/wp\/v2\/posts\/43745","targetHints":{"allow":["GET"]}}],"collection":[{"href":"https:\/\/elreporterohgo.com\/noticias\/wp-json\/wp\/v2\/posts"}],"about":[{"href":"https:\/\/elreporterohgo.com\/noticias\/wp-json\/wp\/v2\/types\/post"}],"author":[{"embeddable":true,"href":"https:\/\/elreporterohgo.com\/noticias\/wp-json\/wp\/v2\/users\/2"}],"replies":[{"embeddable":true,"href":"https:\/\/elreporterohgo.com\/noticias\/wp-json\/wp\/v2\/comments?post=43745"}],"version-history":[{"count":2,"href":"https:\/\/elreporterohgo.com\/noticias\/wp-json\/wp\/v2\/posts\/43745\/revisions"}],"predecessor-version":[{"id":43750,"href":"https:\/\/elreporterohgo.com\/noticias\/wp-json\/wp\/v2\/posts\/43745\/revisions\/43750"}],"wp:featuredmedia":[{"embeddable":true,"href":"https:\/\/elreporterohgo.com\/noticias\/wp-json\/wp\/v2\/media\/43748"}],"wp:attachment":[{"href":"https:\/\/elreporterohgo.com\/noticias\/wp-json\/wp\/v2\/media?parent=43745"}],"wp:term":[{"taxonomy":"category","embeddable":true,"href":"https:\/\/elreporterohgo.com\/noticias\/wp-json\/wp\/v2\/categories?post=43745"},{"taxonomy":"post_tag","embeddable":true,"href":"https:\/\/elreporterohgo.com\/noticias\/wp-json\/wp\/v2\/tags?post=43745"}],"curies":[{"name":"wp","href":"https:\/\/api.w.org\/{rel}","templated":true}]}}