{"id":43740,"date":"2021-10-16T23:50:38","date_gmt":"2021-10-17T04:50:38","guid":{"rendered":"https:\/\/elreporterohgo.com\/noticias\/?p=43740"},"modified":"2021-10-16T23:51:56","modified_gmt":"2021-10-17T04:51:56","slug":"vinculado-a-proceso-por-despojo-cambio-la-chapa-de-un-inmueble","status":"publish","type":"post","link":"https:\/\/elreporterohgo.com\/noticias\/2021\/10\/16\/vinculado-a-proceso-por-despojo-cambio-la-chapa-de-un-inmueble\/","title":{"rendered":"Vinculado a proceso por despojo: cambi\u00f3 la chapa de un inmueble"},"content":{"rendered":"\n<p>TLAHUELILPAN, Hgo.- Mediante investigaciones de un agente del Ministerio P\u00fablico adscrito a la Subprocuradur\u00eda de Procedimientos Penales regi\u00f3n poniente, un juez de control dict\u00f3 vinculaci\u00f3n a proceso para una persona por despojo.<\/p>\n\n\n\n<p>Los hechos denunciados ocurrieron el 13 de mayo del 2018 en\u00a0Tlahuelilpan, situaci\u00f3n que origin\u00f3 el inicio de una carpeta de investigaci\u00f3n contra el probable, a quien la agraviada se\u00f1ala como quien habr\u00eda cambiado la chapa de un inmueble impidiendo el acceso de la v\u00edctima, la cual es copropietaria.<\/p>\n\n\n\n<figure class=\"wp-block-image\"><img fetchpriority=\"high\" decoding=\"async\" width=\"275\" height=\"183\" src=\"https::\/\/elreporterohgo.com\/noticias\/wp-content\/uploads\/2021\/07\/prision.jpg\" alt=\"\" class=\"wp-image-42021\"\/><\/figure>\n\n\n\n<p>Una vez que la v\u00edctima requiri\u00f3 intervenci\u00f3n de la PGJEH, un agente del Ministerio P\u00fablico se alleg\u00f3 de datos de prueba contra la persona imputada, identificada como&nbsp;Lucino&nbsp;\u201cN\u201d, mismos que present\u00f3 ante la autoridad judicial para solicitar la vinculaci\u00f3n a proceso.<\/p>\n\n\n\n<p>Con lo aportado por esta representaci\u00f3n social la autoridad judicial dict\u00f3 la vinculaci\u00f3n a proceso e impuso como medida cautelar la firma peri\u00f3dica mensual; se establecieron dos meses como plazo para el cierre de la investigaci\u00f3n complementaria.<\/p>\n\n\n\n<figure class=\"wp-block-image\"><img decoding=\"async\" width=\"1024\" height=\"1024\" src=\"https::\/\/elreporterohgo.com\/noticias\/wp-content\/uploads\/2021\/10\/comprocars-1-40-1024x1024-63.jpg\" alt=\"\" class=\"wp-image-43729\" srcset=\"https:\/\/elreporterohgo.com\/noticias\/wp-content\/uploads\/2021\/10\/comprocars-1-40-1024x1024-63.jpg 1024w, https:\/\/elreporterohgo.com\/noticias\/wp-content\/uploads\/2021\/10\/comprocars-1-40-1024x1024-63-150x150.jpg 150w, https:\/\/elreporterohgo.com\/noticias\/wp-content\/uploads\/2021\/10\/comprocars-1-40-1024x1024-63-300x300.jpg 300w, https:\/\/elreporterohgo.com\/noticias\/wp-content\/uploads\/2021\/10\/comprocars-1-40-1024x1024-63-768x768.jpg 768w, https:\/\/elreporterohgo.com\/noticias\/wp-content\/uploads\/2021\/10\/comprocars-1-40-1024x1024-63-160x160.jpg 160w\" sizes=\"(max-width: 1024px) 100vw, 1024px\" \/><\/figure>\n","protected":false},"excerpt":{"rendered":"<p>TLAHUELILPAN, Hgo.- Mediante investigaciones de un agente del Ministerio P\u00fablico adscrito a la Subprocuradur\u00eda de Procedimientos Penales regi\u00f3n poniente, un juez de control dict\u00f3 vinculaci\u00f3n a proceso para una persona por despojo. Los hechos denunciados ocurrieron el 13 de mayo del 2018 en\u00a0Tlahuelilpan, situaci\u00f3n que origin\u00f3 el inicio de una carpeta de investigaci\u00f3n contra el<\/p>\n","protected":false},"author":2,"featured_media":42021,"comment_status":"open","ping_status":"closed","sticky":false,"template":"","format":"standard","meta":{"footnotes":""},"categories":[10],"tags":[],"class_list":{"0":"post-43740","1":"post","2":"type-post","3":"status-publish","4":"format-standard","5":"has-post-thumbnail","7":"category-hidalgo"},"_links":{"self":[{"href":"https:\/\/elreporterohgo.com\/noticias\/wp-json\/wp\/v2\/posts\/43740","targetHints":{"allow":["GET"]}}],"collection":[{"href":"https:\/\/elreporterohgo.com\/noticias\/wp-json\/wp\/v2\/posts"}],"about":[{"href":"https:\/\/elreporterohgo.com\/noticias\/wp-json\/wp\/v2\/types\/post"}],"author":[{"embeddable":true,"href":"https:\/\/elreporterohgo.com\/noticias\/wp-json\/wp\/v2\/users\/2"}],"replies":[{"embeddable":true,"href":"https:\/\/elreporterohgo.com\/noticias\/wp-json\/wp\/v2\/comments?post=43740"}],"version-history":[{"count":1,"href":"https:\/\/elreporterohgo.com\/noticias\/wp-json\/wp\/v2\/posts\/43740\/revisions"}],"predecessor-version":[{"id":43741,"href":"https:\/\/elreporterohgo.com\/noticias\/wp-json\/wp\/v2\/posts\/43740\/revisions\/43741"}],"wp:featuredmedia":[{"embeddable":true,"href":"https:\/\/elreporterohgo.com\/noticias\/wp-json\/wp\/v2\/media\/42021"}],"wp:attachment":[{"href":"https:\/\/elreporterohgo.com\/noticias\/wp-json\/wp\/v2\/media?parent=43740"}],"wp:term":[{"taxonomy":"category","embeddable":true,"href":"https:\/\/elreporterohgo.com\/noticias\/wp-json\/wp\/v2\/categories?post=43740"},{"taxonomy":"post_tag","embeddable":true,"href":"https:\/\/elreporterohgo.com\/noticias\/wp-json\/wp\/v2\/tags?post=43740"}],"curies":[{"name":"wp","href":"https:\/\/api.w.org\/{rel}","templated":true}]}}