{"id":43732,"date":"2021-10-15T23:50:47","date_gmt":"2021-10-16T04:50:47","guid":{"rendered":"https:\/\/elreporterohgo.com\/noticias\/?p=43732"},"modified":"2021-10-15T23:50:48","modified_gmt":"2021-10-16T04:50:48","slug":"certifican-a-servidores-publicos-municipales","status":"publish","type":"post","link":"https:\/\/elreporterohgo.com\/noticias\/2021\/10\/15\/certifican-a-servidores-publicos-municipales\/","title":{"rendered":"Certifican a servidores p\u00fablicos municipales"},"content":{"rendered":"\n<p>-A trav\u00e9s del Indemun<\/p>\n\n\n\n<p>El Gobierno del Estado de Hidalgo a trav\u00e9s del Instituto Hidalguense para el Desarrollo Municipal (Indemun) certific\u00f3 a 251 servidoras y servidores p\u00fablicos municipales de toda la entidad.<\/p>\n\n\n\n<p>Durante la primera entrega de Certificados de Competencia Laboral, el titular de la Secretar\u00eda de Gobierno, Sim\u00f3n Vargas Aguilar, y la directora general del Indemun, Alma Nayelli Mart\u00ednez Lozada, reconocieron el esfuerzo de las y los servidores p\u00fablicos por concluir satisfactoriamente el proceso de evaluaci\u00f3n y certificaci\u00f3n correspondiente.<\/p>\n\n\n\n<figure class=\"wp-block-image\"><img fetchpriority=\"high\" decoding=\"async\" width=\"1024\" height=\"643\" src=\"https::\/\/elreporterohgo.com\/noticias\/wp-content\/uploads\/2021\/10\/13E24411-9129-462F-994C-83BD89F95FE1-1024x643.jpeg\" alt=\"\" class=\"wp-image-43733\" srcset=\"https:\/\/elreporterohgo.com\/noticias\/wp-content\/uploads\/2021\/10\/13E24411-9129-462F-994C-83BD89F95FE1-1024x643.jpeg 1024w, https:\/\/elreporterohgo.com\/noticias\/wp-content\/uploads\/2021\/10\/13E24411-9129-462F-994C-83BD89F95FE1-300x188.jpeg 300w, https:\/\/elreporterohgo.com\/noticias\/wp-content\/uploads\/2021\/10\/13E24411-9129-462F-994C-83BD89F95FE1-768x482.jpeg 768w\" sizes=\"(max-width: 1024px) 100vw, 1024px\" \/><\/figure>\n\n\n\n<p>La certificaci\u00f3n forma parte de la pol\u00edtica implementada por el gobierno de Omar Fayad en materia de capacitaci\u00f3n, con la finalidad de elevar el desempe\u00f1o laboral de servidores p\u00fablicos, tanto estatales como municipales, en coordinaci\u00f3n con los 84 ayuntamientos.<\/p>\n\n\n\n<p>Vargas Aguilar agradeci\u00f3 y destac\u00f3 el inter\u00e9s de quienes se interesan por reforzar sus conocimientos y habilidades para brindar una mejor atenci\u00f3n a la poblaci\u00f3n en el ejercicio de sus labores, en particular en el orden municipal que es el de primer contacto con la poblaci\u00f3n.<\/p>\n\n\n\n<figure class=\"wp-block-image\"><img decoding=\"async\" width=\"1024\" height=\"683\" src=\"https::\/\/elreporterohgo.com\/noticias\/wp-content\/uploads\/2021\/10\/5F7A76EE-76D5-424F-A73F-7856E6303B8A-1024x683.jpeg\" alt=\"\" class=\"wp-image-43734\" srcset=\"https:\/\/elreporterohgo.com\/noticias\/wp-content\/uploads\/2021\/10\/5F7A76EE-76D5-424F-A73F-7856E6303B8A-1024x683.jpeg 1024w, https:\/\/elreporterohgo.com\/noticias\/wp-content\/uploads\/2021\/10\/5F7A76EE-76D5-424F-A73F-7856E6303B8A-300x200.jpeg 300w, https:\/\/elreporterohgo.com\/noticias\/wp-content\/uploads\/2021\/10\/5F7A76EE-76D5-424F-A73F-7856E6303B8A-768x512.jpeg 768w\" sizes=\"(max-width: 1024px) 100vw, 1024px\" \/><\/figure>\n\n\n\n<p>\u201cCon acciones como \u00e9sta, creamos y fortalecemos estrategias comunes de comunicaci\u00f3n, cooperaci\u00f3n y coordinaci\u00f3n que nos permiten trabajar en equipo logrando alcanzar metas en com\u00fan\u201d, expres\u00f3 el secretario de Gobierno.<\/p>\n\n\n\n<p>Convencido de que la mejor inversi\u00f3n es la educaci\u00f3n y la capacitaci\u00f3n, Vargas Aguilar pidi\u00f3 a los asistentes continuar su labor bajo tres rubros principales:<\/p>\n\n\n\n<ul class=\"wp-block-list\"><li>Trabajar e impulsar la participaci\u00f3n y capacitaci\u00f3n teniendo como ejes la integridad, la honestidad, la seguridad y la preparaci\u00f3n.<\/li><li>Recuperar la confianza de la poblaci\u00f3n en las instituciones, a trav\u00e9s de la labor como servidores p\u00fablicos.<\/li><li>Continuar con el servicio a la ciudadan\u00eda a trav\u00e9s de iniciativas y propuestas innovadoras.<\/li><\/ul>\n\n\n\n<p>El personal municipal certificado labora en las siguientes \u00e1reas:\u00a0\u00a0Secretar\u00eda general, Tesorer\u00eda, Contralor\u00eda, Instancia municipal de la mujer, Obras p\u00fablicas, Registro del estado familiar, Planeaci\u00f3n y Protecci\u00f3n civil.<\/p>\n\n\n\n<figure class=\"wp-block-image\"><img decoding=\"async\" width=\"1024\" height=\"1024\" src=\"https::\/\/elreporterohgo.com\/noticias\/wp-content\/uploads\/2021\/10\/comprocars-1-40-1024x1024-46.jpg\" alt=\"\" class=\"wp-image-43648\" srcset=\"https:\/\/elreporterohgo.com\/noticias\/wp-content\/uploads\/2021\/10\/comprocars-1-40-1024x1024-46.jpg 1024w, https:\/\/elreporterohgo.com\/noticias\/wp-content\/uploads\/2021\/10\/comprocars-1-40-1024x1024-46-150x150.jpg 150w, https:\/\/elreporterohgo.com\/noticias\/wp-content\/uploads\/2021\/10\/comprocars-1-40-1024x1024-46-300x300.jpg 300w, https:\/\/elreporterohgo.com\/noticias\/wp-content\/uploads\/2021\/10\/comprocars-1-40-1024x1024-46-768x768.jpg 768w, https:\/\/elreporterohgo.com\/noticias\/wp-content\/uploads\/2021\/10\/comprocars-1-40-1024x1024-46-160x160.jpg 160w\" sizes=\"(max-width: 1024px) 100vw, 1024px\" \/><\/figure>\n","protected":false},"excerpt":{"rendered":"<p>-A trav\u00e9s del Indemun El Gobierno del Estado de Hidalgo a trav\u00e9s del Instituto Hidalguense para el Desarrollo Municipal (Indemun) certific\u00f3 a 251 servidoras y servidores p\u00fablicos municipales de toda la entidad. Durante la primera entrega de Certificados de Competencia Laboral, el titular de la Secretar\u00eda de Gobierno, Sim\u00f3n Vargas Aguilar, y la directora general<\/p>\n","protected":false},"author":2,"featured_media":43733,"comment_status":"open","ping_status":"closed","sticky":false,"template":"","format":"standard","meta":{"footnotes":""},"categories":[10],"tags":[],"class_list":{"0":"post-43732","1":"post","2":"type-post","3":"status-publish","4":"format-standard","5":"has-post-thumbnail","7":"category-hidalgo"},"_links":{"self":[{"href":"https:\/\/elreporterohgo.com\/noticias\/wp-json\/wp\/v2\/posts\/43732","targetHints":{"allow":["GET"]}}],"collection":[{"href":"https:\/\/elreporterohgo.com\/noticias\/wp-json\/wp\/v2\/posts"}],"about":[{"href":"https:\/\/elreporterohgo.com\/noticias\/wp-json\/wp\/v2\/types\/post"}],"author":[{"embeddable":true,"href":"https:\/\/elreporterohgo.com\/noticias\/wp-json\/wp\/v2\/users\/2"}],"replies":[{"embeddable":true,"href":"https:\/\/elreporterohgo.com\/noticias\/wp-json\/wp\/v2\/comments?post=43732"}],"version-history":[{"count":1,"href":"https:\/\/elreporterohgo.com\/noticias\/wp-json\/wp\/v2\/posts\/43732\/revisions"}],"predecessor-version":[{"id":43735,"href":"https:\/\/elreporterohgo.com\/noticias\/wp-json\/wp\/v2\/posts\/43732\/revisions\/43735"}],"wp:featuredmedia":[{"embeddable":true,"href":"https:\/\/elreporterohgo.com\/noticias\/wp-json\/wp\/v2\/media\/43733"}],"wp:attachment":[{"href":"https:\/\/elreporterohgo.com\/noticias\/wp-json\/wp\/v2\/media?parent=43732"}],"wp:term":[{"taxonomy":"category","embeddable":true,"href":"https:\/\/elreporterohgo.com\/noticias\/wp-json\/wp\/v2\/categories?post=43732"},{"taxonomy":"post_tag","embeddable":true,"href":"https:\/\/elreporterohgo.com\/noticias\/wp-json\/wp\/v2\/tags?post=43732"}],"curies":[{"name":"wp","href":"https:\/\/api.w.org\/{rel}","templated":true}]}}