{"id":43723,"date":"2021-10-14T20:55:17","date_gmt":"2021-10-15T01:55:17","guid":{"rendered":"https:\/\/elreporterohgo.com\/noticias\/?p=43723"},"modified":"2021-10-14T20:55:18","modified_gmt":"2021-10-15T01:55:18","slug":"capturado-con-mota-y-coche-de-dudosa-procedencia","status":"publish","type":"post","link":"https:\/\/elreporterohgo.com\/noticias\/2021\/10\/14\/capturado-con-mota-y-coche-de-dudosa-procedencia\/","title":{"rendered":"Capturado con mota y coche de dudosa procedencia"},"content":{"rendered":"\n<figure class=\"wp-block-image\"><img fetchpriority=\"high\" decoding=\"async\" width=\"1024\" height=\"676\" src=\"https::\/\/elreporterohgo.com\/noticias\/wp-content\/uploads\/2021\/10\/0000000ap-2-1024x676.jpg\" alt=\"\" class=\"wp-image-43724\" srcset=\"https:\/\/elreporterohgo.com\/noticias\/wp-content\/uploads\/2021\/10\/0000000ap-2-1024x676.jpg 1024w, https:\/\/elreporterohgo.com\/noticias\/wp-content\/uploads\/2021\/10\/0000000ap-2-300x198.jpg 300w, https:\/\/elreporterohgo.com\/noticias\/wp-content\/uploads\/2021\/10\/0000000ap-2-768x507.jpg 768w, https:\/\/elreporterohgo.com\/noticias\/wp-content\/uploads\/2021\/10\/0000000ap-2.jpg 1437w\" sizes=\"(max-width: 1024px) 100vw, 1024px\" \/><\/figure>\n\n\n\n<p>Efectivo trabajo de la Polic\u00eda de Investigaci\u00f3n<\/p>\n\n\n\n<p>Por Gerardo Sol<\/p>\n\n\n\n<p>APAN, HGO.- Agentes de la Polic\u00eda de Investigaci\u00f3n (Grupo\nApan), la tarde del martes, aseguraron a un sujeto sospechoso que circulaba en\nun lujoso autom\u00f3vil Audi con placas del estado de Jalisco.<\/p>\n\n\n\n<p>Los agentes investigadores establecieron que al realizar actos\nde investigaci\u00f3n en Apan, circulaban por la calle Jaime Nun\u00f3, lugar donde\ndetectaron un veh\u00edculo marca Audi, color azul, matr\u00edcula JHG-1812, de Jalisco.<\/p>\n\n\n\n<p>Marcaron el auto al conductor para checar el estatus legal\ndel veh\u00edculo, pero el operador arroj\u00f3 un envoltorio del lado del copiloto.<\/p>\n\n\n\n<p>Fue as\u00ed que se dieron cuenta que el objeto tirado era hierba\nverde y seca, as\u00ed que detuvieron al conductor identificado por sus iniciales\ncomo J.J.O.F., el mismo fue trasladado a las oficinas de la polic\u00eda de\ninvestigaci\u00f3n grupo Apan.<\/p>\n\n\n\n<p>Conforme al Registro Nacional de Detenciones, hasta hace unos minutos, el detenido est\u00e1 a disposici\u00f3n del Agente del Ministerio P\u00fablico dependiente de la Procuradur\u00eda General de Justicia en Hidalgo.<\/p>\n\n\n\n<figure class=\"wp-block-image\"><img decoding=\"async\" width=\"1024\" height=\"1024\" src=\"https::\/\/elreporterohgo.com\/noticias\/wp-content\/uploads\/2021\/10\/comprocars-1-40-1024x1024-62.jpg\" alt=\"\" class=\"wp-image-43725\" srcset=\"https:\/\/elreporterohgo.com\/noticias\/wp-content\/uploads\/2021\/10\/comprocars-1-40-1024x1024-62.jpg 1024w, https:\/\/elreporterohgo.com\/noticias\/wp-content\/uploads\/2021\/10\/comprocars-1-40-1024x1024-62-150x150.jpg 150w, https:\/\/elreporterohgo.com\/noticias\/wp-content\/uploads\/2021\/10\/comprocars-1-40-1024x1024-62-300x300.jpg 300w, https:\/\/elreporterohgo.com\/noticias\/wp-content\/uploads\/2021\/10\/comprocars-1-40-1024x1024-62-768x768.jpg 768w, https:\/\/elreporterohgo.com\/noticias\/wp-content\/uploads\/2021\/10\/comprocars-1-40-1024x1024-62-160x160.jpg 160w\" sizes=\"(max-width: 1024px) 100vw, 1024px\" \/><\/figure>\n","protected":false},"excerpt":{"rendered":"<p>Efectivo trabajo de la Polic\u00eda de Investigaci\u00f3n Por Gerardo Sol APAN, HGO.- Agentes de la Polic\u00eda de Investigaci\u00f3n (Grupo Apan), la tarde del martes, aseguraron a un sujeto sospechoso que circulaba en un lujoso autom\u00f3vil Audi con placas del estado de Jalisco. Los agentes investigadores establecieron que al realizar actos de investigaci\u00f3n en Apan, circulaban<\/p>\n","protected":false},"author":2,"featured_media":43724,"comment_status":"open","ping_status":"closed","sticky":false,"template":"","format":"standard","meta":{"footnotes":""},"categories":[10],"tags":[],"class_list":{"0":"post-43723","1":"post","2":"type-post","3":"status-publish","4":"format-standard","5":"has-post-thumbnail","7":"category-hidalgo"},"_links":{"self":[{"href":"https:\/\/elreporterohgo.com\/noticias\/wp-json\/wp\/v2\/posts\/43723","targetHints":{"allow":["GET"]}}],"collection":[{"href":"https:\/\/elreporterohgo.com\/noticias\/wp-json\/wp\/v2\/posts"}],"about":[{"href":"https:\/\/elreporterohgo.com\/noticias\/wp-json\/wp\/v2\/types\/post"}],"author":[{"embeddable":true,"href":"https:\/\/elreporterohgo.com\/noticias\/wp-json\/wp\/v2\/users\/2"}],"replies":[{"embeddable":true,"href":"https:\/\/elreporterohgo.com\/noticias\/wp-json\/wp\/v2\/comments?post=43723"}],"version-history":[{"count":1,"href":"https:\/\/elreporterohgo.com\/noticias\/wp-json\/wp\/v2\/posts\/43723\/revisions"}],"predecessor-version":[{"id":43726,"href":"https:\/\/elreporterohgo.com\/noticias\/wp-json\/wp\/v2\/posts\/43723\/revisions\/43726"}],"wp:featuredmedia":[{"embeddable":true,"href":"https:\/\/elreporterohgo.com\/noticias\/wp-json\/wp\/v2\/media\/43724"}],"wp:attachment":[{"href":"https:\/\/elreporterohgo.com\/noticias\/wp-json\/wp\/v2\/media?parent=43723"}],"wp:term":[{"taxonomy":"category","embeddable":true,"href":"https:\/\/elreporterohgo.com\/noticias\/wp-json\/wp\/v2\/categories?post=43723"},{"taxonomy":"post_tag","embeddable":true,"href":"https:\/\/elreporterohgo.com\/noticias\/wp-json\/wp\/v2\/tags?post=43723"}],"curies":[{"name":"wp","href":"https:\/\/api.w.org\/{rel}","templated":true}]}}