{"id":43703,"date":"2021-10-14T01:46:17","date_gmt":"2021-10-14T06:46:17","guid":{"rendered":"https:\/\/elreporterohgo.com\/noticias\/?p=43703"},"modified":"2021-10-14T01:56:35","modified_gmt":"2021-10-14T06:56:35","slug":"ricardo-silva-cumple-como-contralor-del-congreso-de-hidalgo","status":"publish","type":"post","link":"https:\/\/elreporterohgo.com\/noticias\/2021\/10\/14\/ricardo-silva-cumple-como-contralor-del-congreso-de-hidalgo\/","title":{"rendered":"Ricardo Silva cumple como contralor del Congreso de Hidalgo"},"content":{"rendered":"\n<figure class=\"wp-block-image\"><img fetchpriority=\"high\" decoding=\"async\" width=\"1024\" height=\"682\" src=\"https::\/\/elreporterohgo.com\/noticias\/wp-content\/uploads\/2021\/10\/66be792e-5003-4b94-99d0-690ef9e4b09c-1024x682.jpg\" alt=\"\" class=\"wp-image-43704\" srcset=\"https:\/\/elreporterohgo.com\/noticias\/wp-content\/uploads\/2021\/10\/66be792e-5003-4b94-99d0-690ef9e4b09c-1024x682.jpg 1024w, https:\/\/elreporterohgo.com\/noticias\/wp-content\/uploads\/2021\/10\/66be792e-5003-4b94-99d0-690ef9e4b09c-300x200.jpg 300w, https:\/\/elreporterohgo.com\/noticias\/wp-content\/uploads\/2021\/10\/66be792e-5003-4b94-99d0-690ef9e4b09c-768x512.jpg 768w, https:\/\/elreporterohgo.com\/noticias\/wp-content\/uploads\/2021\/10\/66be792e-5003-4b94-99d0-690ef9e4b09c.jpg 1280w\" sizes=\"(max-width: 1024px) 100vw, 1024px\" \/><\/figure>\n\n\n\n<p>Pachuca, Hgo. Octubre 13 del 2021 (Redacci\u00f3n). &#8211; En los \u00faltimos 31 a\u00f1os, Ricardo Silva Morteo, se ha desempe\u00f1ado en los \u00e1mbitos federal y estatal como responsable de auditor\u00edas financieras y de cumplimiento, de obra p\u00fablica y de control interno. <\/p>\n\n\n\n<p>Su visi\u00f3n- misi\u00f3n ha sido contribuir desde lo profesional a la transparencia y rendici\u00f3n de cuentas y con ello abonar a un tema tan importante como el combate a la corrupci\u00f3n.<\/p>\n\n\n\n<p>Es Contador P\u00fablico y Auditor por la Universidad Veracruzana, en la Facultad Unidad de Ciencias Econ\u00f3micas y Administrativas (UDICA)<\/p>\n\n\n\n<p>Silva Morteo est\u00e1 certificado en competencia laboral por el Consejo Nacional de Normalizaci\u00f3n y Certificaci\u00f3n de Competencias Laborales, CDMX.<\/p>\n\n\n\n<p>Por los conocimientos, habilidades y destrezas que cuenta, tiene la capacidad de cumplir funciones de un alto nivel de desempe\u00f1o como el reto en que ahora se ha comprometido ante el pleno del Congreso del Estado de Hidalgo.<\/p>\n\n\n\n<p>El liderazgo, capacidad para tomar decisiones y resolver problemas, capacidad de an\u00e1lisis e investigaci\u00f3n, capacidad de organizaci\u00f3n y planificaci\u00f3n de trabajo en equipo son m\u00e1s que necesarias en la encomienda.<\/p>\n\n\n\n<p>Ricardo Silva ha trabajado en la Secretar\u00eda de la Funci\u00f3n P\u00fablica, CDMX; Instituto del Fondo Nacional de la Vivienda para los Trabajadores de Hidalgo; Fiscal\u00eda General de la Rep\u00fablica, CDMX, entre otros.<\/p>\n\n\n\n<p>Seg\u00fan oficio No. 110.UAJ\/1645\/2021,  Edmundo L\u00f3pez Pi\u00f1a, director Legal de la Funci\u00f3n P\u00fablica CDMX, comunic\u00f3 al Lic. Omar Gonz\u00e1lez Vera, Titular de la Unidad de Auditor\u00eda Gubernamental, que terminaron anticipadamente el contrato con fecha 16 de marzo del 2021 de Silva Morteo como prestador de servicios profesionales como auditor de dicha Unidad.<\/p>\n\n\n\n<p><\/p>\n\n\n\n<figure class=\"wp-block-image\"><img decoding=\"async\" width=\"1024\" height=\"1024\" src=\"https::\/\/elreporterohgo.com\/noticias\/wp-content\/uploads\/2021\/10\/comprocars-1-40-1024x1024-58.jpg\" alt=\"\" class=\"wp-image-43705\" srcset=\"https:\/\/elreporterohgo.com\/noticias\/wp-content\/uploads\/2021\/10\/comprocars-1-40-1024x1024-58.jpg 1024w, https:\/\/elreporterohgo.com\/noticias\/wp-content\/uploads\/2021\/10\/comprocars-1-40-1024x1024-58-150x150.jpg 150w, https:\/\/elreporterohgo.com\/noticias\/wp-content\/uploads\/2021\/10\/comprocars-1-40-1024x1024-58-300x300.jpg 300w, https:\/\/elreporterohgo.com\/noticias\/wp-content\/uploads\/2021\/10\/comprocars-1-40-1024x1024-58-768x768.jpg 768w, https:\/\/elreporterohgo.com\/noticias\/wp-content\/uploads\/2021\/10\/comprocars-1-40-1024x1024-58-160x160.jpg 160w\" sizes=\"(max-width: 1024px) 100vw, 1024px\" \/><\/figure>\n","protected":false},"excerpt":{"rendered":"<p>Pachuca, Hgo. Octubre 13 del 2021 (Redacci\u00f3n). &#8211; En los \u00faltimos 31 a\u00f1os, Ricardo Silva Morteo, se ha desempe\u00f1ado en los \u00e1mbitos federal y estatal como responsable de auditor\u00edas financieras y de cumplimiento, de obra p\u00fablica y de control interno. Su visi\u00f3n- misi\u00f3n ha sido contribuir desde lo profesional a la transparencia y rendici\u00f3n de<\/p>\n","protected":false},"author":2,"featured_media":43704,"comment_status":"open","ping_status":"closed","sticky":false,"template":"","format":"standard","meta":{"footnotes":""},"categories":[10],"tags":[],"class_list":{"0":"post-43703","1":"post","2":"type-post","3":"status-publish","4":"format-standard","5":"has-post-thumbnail","7":"category-hidalgo"},"_links":{"self":[{"href":"https:\/\/elreporterohgo.com\/noticias\/wp-json\/wp\/v2\/posts\/43703","targetHints":{"allow":["GET"]}}],"collection":[{"href":"https:\/\/elreporterohgo.com\/noticias\/wp-json\/wp\/v2\/posts"}],"about":[{"href":"https:\/\/elreporterohgo.com\/noticias\/wp-json\/wp\/v2\/types\/post"}],"author":[{"embeddable":true,"href":"https:\/\/elreporterohgo.com\/noticias\/wp-json\/wp\/v2\/users\/2"}],"replies":[{"embeddable":true,"href":"https:\/\/elreporterohgo.com\/noticias\/wp-json\/wp\/v2\/comments?post=43703"}],"version-history":[{"count":2,"href":"https:\/\/elreporterohgo.com\/noticias\/wp-json\/wp\/v2\/posts\/43703\/revisions"}],"predecessor-version":[{"id":43707,"href":"https:\/\/elreporterohgo.com\/noticias\/wp-json\/wp\/v2\/posts\/43703\/revisions\/43707"}],"wp:featuredmedia":[{"embeddable":true,"href":"https:\/\/elreporterohgo.com\/noticias\/wp-json\/wp\/v2\/media\/43704"}],"wp:attachment":[{"href":"https:\/\/elreporterohgo.com\/noticias\/wp-json\/wp\/v2\/media?parent=43703"}],"wp:term":[{"taxonomy":"category","embeddable":true,"href":"https:\/\/elreporterohgo.com\/noticias\/wp-json\/wp\/v2\/categories?post=43703"},{"taxonomy":"post_tag","embeddable":true,"href":"https:\/\/elreporterohgo.com\/noticias\/wp-json\/wp\/v2\/tags?post=43703"}],"curies":[{"name":"wp","href":"https:\/\/api.w.org\/{rel}","templated":true}]}}