{"id":43687,"date":"2021-10-14T01:01:05","date_gmt":"2021-10-14T06:01:05","guid":{"rendered":"https:\/\/elreporterohgo.com\/noticias\/?p=43687"},"modified":"2021-10-14T01:01:07","modified_gmt":"2021-10-14T06:01:07","slug":"sancion-a-funcionarios-que-filtren-imagenes-de-victimas","status":"publish","type":"post","link":"https:\/\/elreporterohgo.com\/noticias\/2021\/10\/14\/sancion-a-funcionarios-que-filtren-imagenes-de-victimas\/","title":{"rendered":"Sanci\u00f3n a funcionarios que filtren im\u00e1genes de v\u00edctimas"},"content":{"rendered":"\n<figure class=\"wp-block-image\"><img fetchpriority=\"high\" decoding=\"async\" width=\"1024\" height=\"711\" src=\"https::\/\/elreporterohgo.com\/noticias\/wp-content\/uploads\/2021\/10\/0000dty-2-1024x711.jpg\" alt=\"\" class=\"wp-image-43688\" srcset=\"https:\/\/elreporterohgo.com\/noticias\/wp-content\/uploads\/2021\/10\/0000dty-2-1024x711.jpg 1024w, https:\/\/elreporterohgo.com\/noticias\/wp-content\/uploads\/2021\/10\/0000dty-2-300x208.jpg 300w, https:\/\/elreporterohgo.com\/noticias\/wp-content\/uploads\/2021\/10\/0000dty-2-768x533.jpg 768w, https:\/\/elreporterohgo.com\/noticias\/wp-content\/uploads\/2021\/10\/0000dty-2.jpg 1358w\" sizes=\"(max-width: 1024px) 100vw, 1024px\" \/><\/figure>\n\n\n\n<p>PACHUCA, Hgo.- Derivado de la situaci\u00f3n de violencia que padecen las mujeres en M\u00e9xico y el mundo, los integrantes del Grupo Legislativo Partido del Trabajo (GLPT), presentaron la iniciativa con proyecto de decreto por el que se adiciona el art\u00edculo 299 Bis al c\u00f3digo penal para el estado de Hidalgo.<br><\/p>\n\n\n\n<p>Durante la exposici\u00f3n de motivos, el legislador por el Distrito XVII de Mineral de la Reforma y Epazoyucan, Osiris Leines Med\u00e9cigo, se\u00f1al\u00f3 que la iniciativa tiene como objetivo tipificar en el C\u00f3digo Penal para el Estado de Hidalgo, las conductas que realicen los servidores p\u00fablicos, cuando de manera indebida revelen o difundan por cualquier medio, im\u00e1genes, videos, grabaciones, archivos y\/o informaci\u00f3n de una investigaci\u00f3n penal, que atente contra la dignidad de las v\u00edctimas.<br><\/p>\n\n\n\n<p>En este sentido Osiris Leines, indic\u00f3 que las y los integrantes del GLPT tiene como prioridad que toda iniciativa, acuerdo econ\u00f3mico y cualquier producto de nuestro trabajo como representantes debe incluir de manera transversal la erradicaci\u00f3n de todo tipo de desigualdad, discriminaci\u00f3n y forma de violencia en contra de las mujeres.<br><\/p>\n\n\n\n<p>\u201cEstoy convencido que toda acci\u00f3n p\u00fablica que proteja los derechos de las mujeres y revierta las condiciones de inequidad preestablecidas, gozar\u00e1 del respaldo de quienes conformamos esta legislatura, pero, ante todo, corresponde a nuestra obligaci\u00f3n como representantes del pueblo, reformar el marco jur\u00eddico del Estado para otorgarles el ejercicio pleno de sus derechos\u201d, se\u00f1al\u00f3.<br><\/p>\n\n\n\n<p>De igual forma, asever\u00f3 que la violencia en contra de las mujeres debe ser un tema permanente en la agenda p\u00fablica, ya que resulta inconcebible que lejos de acrecentar acciones afirmativas en todas las dimensiones para su desarrollo pleno de est\u00e1s, se siga incrementando el n\u00famero de desaparecidas, feminicidios, as\u00ed como se multiplican los casos de delitos cometidos en contra de las ellas solo por el hecho de ser mujeres.<\/p>\n\n\n\n<p><br><\/p>\n\n\n\n<figure class=\"wp-block-image\"><img decoding=\"async\" width=\"1024\" height=\"1024\" src=\"https::\/\/elreporterohgo.com\/noticias\/wp-content\/uploads\/2021\/10\/comprocars-1-40-1024x1024-54.jpg\" alt=\"\" class=\"wp-image-43689\" srcset=\"https:\/\/elreporterohgo.com\/noticias\/wp-content\/uploads\/2021\/10\/comprocars-1-40-1024x1024-54.jpg 1024w, https:\/\/elreporterohgo.com\/noticias\/wp-content\/uploads\/2021\/10\/comprocars-1-40-1024x1024-54-150x150.jpg 150w, https:\/\/elreporterohgo.com\/noticias\/wp-content\/uploads\/2021\/10\/comprocars-1-40-1024x1024-54-300x300.jpg 300w, https:\/\/elreporterohgo.com\/noticias\/wp-content\/uploads\/2021\/10\/comprocars-1-40-1024x1024-54-768x768.jpg 768w, https:\/\/elreporterohgo.com\/noticias\/wp-content\/uploads\/2021\/10\/comprocars-1-40-1024x1024-54-160x160.jpg 160w\" sizes=\"(max-width: 1024px) 100vw, 1024px\" \/><\/figure>\n\n\n\n<p>Agreg\u00f3 que esta iniciativa nace del caso de Ingrid Escamilla, joven de 25 a\u00f1os, que el pasado 9 de febrero del 2020, fue presuntamente asesinada por su pareja quien desoll\u00f3 el cuerpo de la mujer y lo mantuvo en su domicilio en la alcald\u00eda Gustavo A. Madero de la Ciudad de M\u00e9xico. Despu\u00e9s de haberse realizado el reporte del suceso, las im\u00e1genes del cuerpo de Ingrid fueron filtradas y difundidas en las redes sociales, y en algunos peri\u00f3dicos.<br><\/p>\n\n\n\n<p>Osiris Leines manifest\u00f3 que esta Ley que se presenta es una respuesta y una urgente necesidad para inhibir las conductas personales e institucionales que reafirman la cosificaci\u00f3n y revictimizaci\u00f3n, que sufren las mujeres, tanto en su vida, en su muerte y en la violencia que hist\u00f3ricamente han estado sometidas, indic\u00f3 que la filtraci\u00f3n de dichas im\u00e1genes son producto de una cultura de violencia institucional y que no solo Ingrid, sino muchas mujeres, han sufrido estas faltas, que se traducen en una revictimizaci\u00f3n, \u201clas autoridades est\u00e1n obligadas a realizar investigaciones con perspectiva de g\u00e9nero, con el fin de garantizar el acceso a la justicia y proteger los datos de las v\u00edctimas\u201d.<br><\/p>\n\n\n\n<p>El legislador del Partido del Trabajo indic\u00f3 que lo que se busca evitar es la exposici\u00f3n de las personas ante los medios para proteger la intimidad y dignidad de las v\u00edctimas y sus familiares, adem\u00e1s de combatir la violencia medi\u00e1tica de g\u00e9nero y su normalizaci\u00f3n; sancionando a las personas y servidores p\u00fablicos que realicen dichas conductas.<br><\/p>\n\n\n\n<p>Apunt\u00f3 que, a trav\u00e9s de la Ley Ingrid, que contempla la modificaci\u00f3n del c\u00f3digo penal del estado de Hidalgo, se impondr\u00e1 una pena de dos a siete a\u00f1os de prisi\u00f3n y multa de 50 a 200 d\u00edas, as\u00ed como el aumento de la punibilidad una tercera parte m\u00e1s, cuando el delito sea cometido en contra de mujeres, adolescentes y ni\u00f1as, y constituya una posible lesi\u00f3n a la dignidad o a la memoria de las v\u00edctimas directas o indirectas.<br><\/p>\n","protected":false},"excerpt":{"rendered":"<p>PACHUCA, Hgo.- Derivado de la situaci\u00f3n de violencia que padecen las mujeres en M\u00e9xico y el mundo, los integrantes del Grupo Legislativo Partido del Trabajo (GLPT), presentaron la iniciativa con proyecto de decreto por el que se adiciona el art\u00edculo 299 Bis al c\u00f3digo penal para el estado de Hidalgo. Durante la exposici\u00f3n de motivos,<\/p>\n","protected":false},"author":2,"featured_media":43688,"comment_status":"open","ping_status":"closed","sticky":false,"template":"","format":"standard","meta":{"footnotes":""},"categories":[10],"tags":[],"class_list":{"0":"post-43687","1":"post","2":"type-post","3":"status-publish","4":"format-standard","5":"has-post-thumbnail","7":"category-hidalgo"},"_links":{"self":[{"href":"https:\/\/elreporterohgo.com\/noticias\/wp-json\/wp\/v2\/posts\/43687","targetHints":{"allow":["GET"]}}],"collection":[{"href":"https:\/\/elreporterohgo.com\/noticias\/wp-json\/wp\/v2\/posts"}],"about":[{"href":"https:\/\/elreporterohgo.com\/noticias\/wp-json\/wp\/v2\/types\/post"}],"author":[{"embeddable":true,"href":"https:\/\/elreporterohgo.com\/noticias\/wp-json\/wp\/v2\/users\/2"}],"replies":[{"embeddable":true,"href":"https:\/\/elreporterohgo.com\/noticias\/wp-json\/wp\/v2\/comments?post=43687"}],"version-history":[{"count":1,"href":"https:\/\/elreporterohgo.com\/noticias\/wp-json\/wp\/v2\/posts\/43687\/revisions"}],"predecessor-version":[{"id":43690,"href":"https:\/\/elreporterohgo.com\/noticias\/wp-json\/wp\/v2\/posts\/43687\/revisions\/43690"}],"wp:featuredmedia":[{"embeddable":true,"href":"https:\/\/elreporterohgo.com\/noticias\/wp-json\/wp\/v2\/media\/43688"}],"wp:attachment":[{"href":"https:\/\/elreporterohgo.com\/noticias\/wp-json\/wp\/v2\/media?parent=43687"}],"wp:term":[{"taxonomy":"category","embeddable":true,"href":"https:\/\/elreporterohgo.com\/noticias\/wp-json\/wp\/v2\/categories?post=43687"},{"taxonomy":"post_tag","embeddable":true,"href":"https:\/\/elreporterohgo.com\/noticias\/wp-json\/wp\/v2\/tags?post=43687"}],"curies":[{"name":"wp","href":"https:\/\/api.w.org\/{rel}","templated":true}]}}