{"id":43669,"date":"2021-10-12T17:59:12","date_gmt":"2021-10-12T22:59:12","guid":{"rendered":"https:\/\/elreporterohgo.com\/noticias\/?p=43669"},"modified":"2021-10-12T17:59:14","modified_gmt":"2021-10-12T22:59:14","slug":"%ef%bb%bflxv-legislatura-solicita-incremento-a-favor-de-la-agricultura","status":"publish","type":"post","link":"https:\/\/elreporterohgo.com\/noticias\/2021\/10\/12\/%ef%bb%bflxv-legislatura-solicita-incremento-a-favor-de-la-agricultura\/","title":{"rendered":"\ufeffLXV legislatura solicita incremento a favor de la agricultura"},"content":{"rendered":"\n<p><strong>L<\/strong><\/p>\n\n\n\n<figure class=\"wp-block-image\"><img fetchpriority=\"high\" decoding=\"async\" width=\"1024\" height=\"683\" src=\"https::\/\/elreporterohgo.com\/noticias\/wp-content\/uploads\/2021\/10\/Sesi\u00f3n-12.10.2021A-19-1024x683.jpg\" alt=\"\" class=\"wp-image-43670\" srcset=\"https:\/\/elreporterohgo.com\/noticias\/wp-content\/uploads\/2021\/10\/Sesi\u00f3n-12.10.2021A-19-1024x683.jpg 1024w, https:\/\/elreporterohgo.com\/noticias\/wp-content\/uploads\/2021\/10\/Sesi\u00f3n-12.10.2021A-19-300x200.jpg 300w, https:\/\/elreporterohgo.com\/noticias\/wp-content\/uploads\/2021\/10\/Sesi\u00f3n-12.10.2021A-19-768x512.jpg 768w\" sizes=\"(max-width: 1024px) 100vw, 1024px\" \/><\/figure>\n\n\n\n<p>PACHUCA, Hgo.- El\ndiputado Julio Manuel Valera Piedras, a voz del Grupo Legislativo del Partido\nRevolucionario Institucional, present\u00f3 la iniciativa con proyecto de decreto\npor el que se reforma el C\u00f3digo Penal para el Estado de Hidalgo, en materia de\nacceso il\u00edcito a sistemas y equipos de inform\u00e1tica. El prop\u00f3sito de la presente\niniciativa es tipificar en el C\u00f3digo Penal del Estado de Hidalgo el delito de\nacceso il\u00edcito a sistemas y equipos de inform\u00e1tica; a fin de proteger la\ninformaci\u00f3n contenida en los mismos. Se propuso de tres meses a dos a\u00f1os de\nprisi\u00f3n, y de 100 a 300 d\u00edas multa al que dolosamente y sin consentimiento cometa\nalg\u00fan delito en este sentido.&nbsp;<\/p>\n\n\n\n<p>Posteriormente, el\ndiputado Jes\u00fas Osiris Leines Med\u00e9cigo, miembro del Grupo Legislativo del\nPartido del Trabajo, expuso la iniciativa con proyecto de decreto que adiciona\nal art\u00edculo 299 BIS al C\u00f3digo Penal para el Estado de Hidalgo; con el objetivo\nde tipificar las conductas que realicen los servidores p\u00fablicos, cuando de\nmanera indebida revelen o difundan por cualquier medio, im\u00e1genes, videos,\ngrabaciones, archivos y\/o informaci\u00f3n de una investigaci\u00f3n penal que atente\ncontra la dignidad de las v\u00edctimas. Asimismo, la presente iniciativa est\u00e1\ndise\u00f1ada para fortalecer la protecci\u00f3n de datos de las v\u00edctimas y combatir la\nviolencia de g\u00e9nero medi\u00e1tica.<\/p>\n\n\n\n<p>En otra\nparticipaci\u00f3n, el diputado Jos\u00e9 No\u00e9 Hern\u00e1ndez Bravo, integrante del Grupo\nLegislativo del Partido Nueva Alianza Hidalgo, present\u00f3 una iniciativa con\nproyecto de decreto que se adiciona el art\u00edculo 48 de la Ley de Educaci\u00f3n para\nel Estado de Hidalgo. Busca que se garantice que la educaci\u00f3n que se imparta en\npueblos y comunidades ind\u00edgenas sea instruida por docentes capacitados en\nlenguas ind\u00edgenas.<\/p>\n\n\n\n<p>Posteriormente, la\ndiputada Lisset Marcelino Tovar, del Grupo Legislativo de MORENA, sugiri\u00f3 la\niniciativa con proyecto de decreto por el que se adicionan dos p\u00e1rrafos al art\u00edculo\n4 de la Constituci\u00f3n Pol\u00edtica del Estado de Hidalgo, para incorporar el derecho\na la ciudad.<\/p>\n\n\n\n<p>La iniciativa busca\nreconocer el derecho de las personas a habitar, utilizar, ocupar, producir,\ntransformar, gobernar y disfrutar de ciudades, pueblos, comunidades y\nasentamientos humanos justos, inclusivos, seguros, sostenibles y democr\u00e1ticos,\ndefinidos como bienes comunes para una vida digna. Por tanto, los \u00f3rdenes de\ngobierno y poderes del Estado, de acuerdo con sus respectivas facultades,\ndeber\u00e1n incorporar en sus planes, programas y acciones que permitan la\nconstrucci\u00f3n, rescate y mejoramiento de dichos espacios.<\/p>\n\n\n\n<p>Seguidamente, la\niniciativa con proyecto de decreto por la que se reforma la Ley Org\u00e1nica de la\nAdministraci\u00f3n P\u00fablica y la Ley de Educaci\u00f3n, ambas del Estado de Hidalgo, en\nmateria de salud mental, fue aportada por la diputada del Grupo Legislativo de\nNueva Alianza Hidalgo, Mar\u00eda Adelaida Mu\u00f1oz Jumilla. Con el prop\u00f3sito de\ndise\u00f1ar e implementar programas y acciones, en coordinaci\u00f3n con las\ndependencias correspondientes, para la prevenci\u00f3n, detecci\u00f3n y atenci\u00f3n de la\nsalud mental de los educandos. La iniciativa tambi\u00e9n busca promover entornos\neducativos que garanticen la salud f\u00edsica, mental y el desarrollo\nsocioemocional, a efecto de asegurar el bienestar integral del menor en el\nproceso de ense\u00f1anza aprendizaje.<\/p>\n\n\n\n<p>Posterior a esto, el diputado Jos\u00e9 No\u00e9 Hern\u00e1ndez Bravo, present\u00f3 el acuerdo de la Junta de Gobierno relativo a la designaci\u00f3n del Titular de la Contralor\u00eda Interna del Congreso del Estado Libre y Soberano de Hidalgo. Nombrando al Contador P\u00fablico Ricardo Silva Morteo, para ocupar la Titularidad de la Contralor\u00eda Interna del Congreso del Estado Libre y Soberano de Hidalgo, a partir del d\u00eda 12 de octubre de 2021.<\/p>\n\n\n\n<figure class=\"wp-block-image\"><img decoding=\"async\" width=\"1024\" height=\"1024\" src=\"https::\/\/elreporterohgo.com\/noticias\/wp-content\/uploads\/2021\/10\/comprocars-1-40-1024x1024-50.jpg\" alt=\"\" class=\"wp-image-43671\" srcset=\"https:\/\/elreporterohgo.com\/noticias\/wp-content\/uploads\/2021\/10\/comprocars-1-40-1024x1024-50.jpg 1024w, https:\/\/elreporterohgo.com\/noticias\/wp-content\/uploads\/2021\/10\/comprocars-1-40-1024x1024-50-150x150.jpg 150w, https:\/\/elreporterohgo.com\/noticias\/wp-content\/uploads\/2021\/10\/comprocars-1-40-1024x1024-50-300x300.jpg 300w, https:\/\/elreporterohgo.com\/noticias\/wp-content\/uploads\/2021\/10\/comprocars-1-40-1024x1024-50-768x768.jpg 768w, https:\/\/elreporterohgo.com\/noticias\/wp-content\/uploads\/2021\/10\/comprocars-1-40-1024x1024-50-160x160.jpg 160w\" sizes=\"(max-width: 1024px) 100vw, 1024px\" \/><\/figure>\n","protected":false},"excerpt":{"rendered":"<p>L PACHUCA, Hgo.- El diputado Julio Manuel Valera Piedras, a voz del Grupo Legislativo del Partido Revolucionario Institucional, present\u00f3 la iniciativa con proyecto de decreto por el que se reforma el C\u00f3digo Penal para el Estado de Hidalgo, en materia de acceso il\u00edcito a sistemas y equipos de inform\u00e1tica. El prop\u00f3sito de la presente iniciativa<\/p>\n","protected":false},"author":2,"featured_media":43670,"comment_status":"open","ping_status":"closed","sticky":false,"template":"","format":"standard","meta":{"footnotes":""},"categories":[10],"tags":[],"class_list":{"0":"post-43669","1":"post","2":"type-post","3":"status-publish","4":"format-standard","5":"has-post-thumbnail","7":"category-hidalgo"},"_links":{"self":[{"href":"https:\/\/elreporterohgo.com\/noticias\/wp-json\/wp\/v2\/posts\/43669","targetHints":{"allow":["GET"]}}],"collection":[{"href":"https:\/\/elreporterohgo.com\/noticias\/wp-json\/wp\/v2\/posts"}],"about":[{"href":"https:\/\/elreporterohgo.com\/noticias\/wp-json\/wp\/v2\/types\/post"}],"author":[{"embeddable":true,"href":"https:\/\/elreporterohgo.com\/noticias\/wp-json\/wp\/v2\/users\/2"}],"replies":[{"embeddable":true,"href":"https:\/\/elreporterohgo.com\/noticias\/wp-json\/wp\/v2\/comments?post=43669"}],"version-history":[{"count":1,"href":"https:\/\/elreporterohgo.com\/noticias\/wp-json\/wp\/v2\/posts\/43669\/revisions"}],"predecessor-version":[{"id":43672,"href":"https:\/\/elreporterohgo.com\/noticias\/wp-json\/wp\/v2\/posts\/43669\/revisions\/43672"}],"wp:featuredmedia":[{"embeddable":true,"href":"https:\/\/elreporterohgo.com\/noticias\/wp-json\/wp\/v2\/media\/43670"}],"wp:attachment":[{"href":"https:\/\/elreporterohgo.com\/noticias\/wp-json\/wp\/v2\/media?parent=43669"}],"wp:term":[{"taxonomy":"category","embeddable":true,"href":"https:\/\/elreporterohgo.com\/noticias\/wp-json\/wp\/v2\/categories?post=43669"},{"taxonomy":"post_tag","embeddable":true,"href":"https:\/\/elreporterohgo.com\/noticias\/wp-json\/wp\/v2\/tags?post=43669"}],"curies":[{"name":"wp","href":"https:\/\/api.w.org\/{rel}","templated":true}]}}