{"id":43626,"date":"2021-10-11T22:20:12","date_gmt":"2021-10-12T03:20:12","guid":{"rendered":"https:\/\/elreporterohgo.com\/noticias\/?p=43626"},"modified":"2021-10-11T22:20:13","modified_gmt":"2021-10-12T03:20:13","slug":"el-grupo-musical-nees-enestrilla-estata-en-106-9-de-fm","status":"publish","type":"post","link":"https:\/\/elreporterohgo.com\/noticias\/2021\/10\/11\/el-grupo-musical-nees-enestrilla-estata-en-106-9-de-fm\/","title":{"rendered":"El grupo musical Nees Enestrilla estata en 106.9 de FM"},"content":{"rendered":"\n<figure class=\"wp-block-image\"><img fetchpriority=\"high\" decoding=\"async\" width=\"582\" height=\"534\" src=\"https::\/\/elreporterohgo.com\/noticias\/wp-content\/uploads\/2021\/10\/d9210adf-6992-40b6-865c-ea2c605afd45.jpg\" alt=\"\" class=\"wp-image-43627\" srcset=\"https:\/\/elreporterohgo.com\/noticias\/wp-content\/uploads\/2021\/10\/d9210adf-6992-40b6-865c-ea2c605afd45.jpg 582w, https:\/\/elreporterohgo.com\/noticias\/wp-content\/uploads\/2021\/10\/d9210adf-6992-40b6-865c-ea2c605afd45-300x275.jpg 300w\" sizes=\"(max-width: 582px) 100vw, 582px\" \/><\/figure>\n\n\n\n<p>A las 8 horas de este martes<\/p>\n\n\n\n<p>APAN, Hgo.- El\ns\u00faper grupo musical \u201cNees Enestrilla\u201d la ma\u00f1ana de este martes 12 de octubre estar\u00e1\nen vivo en la estaci\u00f3n de radio 106.9 FM altiplania.<\/p>\n\n\n\n<p>Los m\u00fasicos hidalguenses\nen entrevista en vivo hablar\u00e1n de sus casi 28 a\u00f1os de carrera art\u00edstica, sus\nexperiencias an\u00e9cdotas y todo lo vivido en el mundo de la m\u00fasica.<\/p>\n\n\n\n<p>Los artistas\nque con su m\u00fasica han hecho a bailar a millones de personas, unido corazones\nahora presentaran su nueva producci\u00f3n discogr\u00e1fica que, de permitirlo la\npandemia, sonar\u00e1 en serio durante las ya pr\u00f3ximas fiestas decembrinas.<\/p>\n\n\n\n<p>Recuerda que la cita es ma\u00f1ana martes, a las 8 de la ma\u00f1ana, sintoniza 106.9 de FM y podr\u00e1s interactuar con tus artistas originarios de la localidad de Jos\u00e9 Mar\u00eda Morelos. <\/p>\n\n\n\n<figure class=\"wp-block-image\"><img decoding=\"async\" width=\"1024\" height=\"1024\" src=\"https::\/\/elreporterohgo.com\/noticias\/wp-content\/uploads\/2021\/10\/comprocars-1-40-1024x1024-42.jpg\" alt=\"\" class=\"wp-image-43628\" srcset=\"https:\/\/elreporterohgo.com\/noticias\/wp-content\/uploads\/2021\/10\/comprocars-1-40-1024x1024-42.jpg 1024w, https:\/\/elreporterohgo.com\/noticias\/wp-content\/uploads\/2021\/10\/comprocars-1-40-1024x1024-42-150x150.jpg 150w, https:\/\/elreporterohgo.com\/noticias\/wp-content\/uploads\/2021\/10\/comprocars-1-40-1024x1024-42-300x300.jpg 300w, https:\/\/elreporterohgo.com\/noticias\/wp-content\/uploads\/2021\/10\/comprocars-1-40-1024x1024-42-768x768.jpg 768w, https:\/\/elreporterohgo.com\/noticias\/wp-content\/uploads\/2021\/10\/comprocars-1-40-1024x1024-42-160x160.jpg 160w\" sizes=\"(max-width: 1024px) 100vw, 1024px\" \/><\/figure>\n","protected":false},"excerpt":{"rendered":"<p>A las 8 horas de este martes APAN, Hgo.- El s\u00faper grupo musical \u201cNees Enestrilla\u201d la ma\u00f1ana de este martes 12 de octubre estar\u00e1 en vivo en la estaci\u00f3n de radio 106.9 FM altiplania. Los m\u00fasicos hidalguenses en entrevista en vivo hablar\u00e1n de sus casi 28 a\u00f1os de carrera art\u00edstica, sus experiencias an\u00e9cdotas y todo<\/p>\n","protected":false},"author":2,"featured_media":43627,"comment_status":"open","ping_status":"closed","sticky":false,"template":"","format":"standard","meta":{"footnotes":""},"categories":[10],"tags":[],"class_list":{"0":"post-43626","1":"post","2":"type-post","3":"status-publish","4":"format-standard","5":"has-post-thumbnail","7":"category-hidalgo"},"_links":{"self":[{"href":"https:\/\/elreporterohgo.com\/noticias\/wp-json\/wp\/v2\/posts\/43626","targetHints":{"allow":["GET"]}}],"collection":[{"href":"https:\/\/elreporterohgo.com\/noticias\/wp-json\/wp\/v2\/posts"}],"about":[{"href":"https:\/\/elreporterohgo.com\/noticias\/wp-json\/wp\/v2\/types\/post"}],"author":[{"embeddable":true,"href":"https:\/\/elreporterohgo.com\/noticias\/wp-json\/wp\/v2\/users\/2"}],"replies":[{"embeddable":true,"href":"https:\/\/elreporterohgo.com\/noticias\/wp-json\/wp\/v2\/comments?post=43626"}],"version-history":[{"count":1,"href":"https:\/\/elreporterohgo.com\/noticias\/wp-json\/wp\/v2\/posts\/43626\/revisions"}],"predecessor-version":[{"id":43629,"href":"https:\/\/elreporterohgo.com\/noticias\/wp-json\/wp\/v2\/posts\/43626\/revisions\/43629"}],"wp:featuredmedia":[{"embeddable":true,"href":"https:\/\/elreporterohgo.com\/noticias\/wp-json\/wp\/v2\/media\/43627"}],"wp:attachment":[{"href":"https:\/\/elreporterohgo.com\/noticias\/wp-json\/wp\/v2\/media?parent=43626"}],"wp:term":[{"taxonomy":"category","embeddable":true,"href":"https:\/\/elreporterohgo.com\/noticias\/wp-json\/wp\/v2\/categories?post=43626"},{"taxonomy":"post_tag","embeddable":true,"href":"https:\/\/elreporterohgo.com\/noticias\/wp-json\/wp\/v2\/tags?post=43626"}],"curies":[{"name":"wp","href":"https:\/\/api.w.org\/{rel}","templated":true}]}}