{"id":43622,"date":"2021-10-11T22:09:00","date_gmt":"2021-10-12T03:09:00","guid":{"rendered":"https:\/\/elreporterohgo.com\/noticias\/?p=43622"},"modified":"2021-10-11T22:09:01","modified_gmt":"2021-10-12T03:09:01","slug":"evacuacion-de-la-prision-de-ixmiquilpan","status":"publish","type":"post","link":"https:\/\/elreporterohgo.com\/noticias\/2021\/10\/11\/evacuacion-de-la-prision-de-ixmiquilpan\/","title":{"rendered":"Evacuaci\u00f3n de la prisi\u00f3n de Ixmiquilpan"},"content":{"rendered":"\n<figure class=\"wp-block-image\"><img fetchpriority=\"high\" decoding=\"async\" width=\"768\" height=\"1024\" src=\"https::\/\/elreporterohgo.com\/noticias\/wp-content\/uploads\/2021\/10\/d7b2db7d-757a-4fe0-bc6b-76d741899ecc-768x1024.jpg\" alt=\"\" class=\"wp-image-43623\" srcset=\"https:\/\/elreporterohgo.com\/noticias\/wp-content\/uploads\/2021\/10\/d7b2db7d-757a-4fe0-bc6b-76d741899ecc.jpg 768w, https:\/\/elreporterohgo.com\/noticias\/wp-content\/uploads\/2021\/10\/d7b2db7d-757a-4fe0-bc6b-76d741899ecc-225x300.jpg 225w\" sizes=\"(max-width: 768px) 100vw, 768px\" \/><\/figure>\n\n\n\n<p>Alerta por la crecida del r\u00edo Tula<\/p>\n\n\n\n<p>IXMIQUILPAN, Hgo.- Luego de la evacuaci\u00f3n preventiva del Centro de Reinserci\u00f3n Social de Ixmiquilpan ante las alertas por crecidas del r\u00edo Tula, la noche de este lunes la Secretar\u00eda de Seguridad P\u00fablica de Hidalgo desarroll\u00f3 un dispositivo para el reinternamiento de las personas privadas de la libertad en dicho inmueble.<\/p>\n\n\n\n<p>A trav\u00e9s de la Subsecretar\u00eda de Reinserci\u00f3n Social, la dependencia estatal, bajo detalladas medidas de seguridad, llev\u00f3 a cabo el traslado de 196 personas (176 hombres y 20 mujeres) desde el Centro de Reinserci\u00f3n Social de Pachuca.<\/p>\n\n\n\n<p>Personal de Seguridad Penitenciaria, con el apoyo de la Agencia de Seguridad Estatal y seguimiento del C5i Hidalgo, a bordo de autobuses, implement\u00f3 el operativo que concluy\u00f3 sin incidencias. <\/p>\n\n\n\n<figure class=\"wp-block-image\"><img decoding=\"async\" width=\"1024\" height=\"1024\" src=\"https::\/\/elreporterohgo.com\/noticias\/wp-content\/uploads\/2021\/10\/comprocars-1-40-1024x1024-41.jpg\" alt=\"\" class=\"wp-image-43624\" srcset=\"https:\/\/elreporterohgo.com\/noticias\/wp-content\/uploads\/2021\/10\/comprocars-1-40-1024x1024-41.jpg 1024w, https:\/\/elreporterohgo.com\/noticias\/wp-content\/uploads\/2021\/10\/comprocars-1-40-1024x1024-41-150x150.jpg 150w, https:\/\/elreporterohgo.com\/noticias\/wp-content\/uploads\/2021\/10\/comprocars-1-40-1024x1024-41-300x300.jpg 300w, https:\/\/elreporterohgo.com\/noticias\/wp-content\/uploads\/2021\/10\/comprocars-1-40-1024x1024-41-768x768.jpg 768w, https:\/\/elreporterohgo.com\/noticias\/wp-content\/uploads\/2021\/10\/comprocars-1-40-1024x1024-41-160x160.jpg 160w\" sizes=\"(max-width: 1024px) 100vw, 1024px\" \/><\/figure>\n","protected":false},"excerpt":{"rendered":"<p>Alerta por la crecida del r\u00edo Tula IXMIQUILPAN, Hgo.- Luego de la evacuaci\u00f3n preventiva del Centro de Reinserci\u00f3n Social de Ixmiquilpan ante las alertas por crecidas del r\u00edo Tula, la noche de este lunes la Secretar\u00eda de Seguridad P\u00fablica de Hidalgo desarroll\u00f3 un dispositivo para el reinternamiento de las personas privadas de la libertad en<\/p>\n","protected":false},"author":2,"featured_media":43623,"comment_status":"open","ping_status":"closed","sticky":false,"template":"","format":"standard","meta":{"footnotes":""},"categories":[10],"tags":[],"class_list":{"0":"post-43622","1":"post","2":"type-post","3":"status-publish","4":"format-standard","5":"has-post-thumbnail","7":"category-hidalgo"},"_links":{"self":[{"href":"https:\/\/elreporterohgo.com\/noticias\/wp-json\/wp\/v2\/posts\/43622","targetHints":{"allow":["GET"]}}],"collection":[{"href":"https:\/\/elreporterohgo.com\/noticias\/wp-json\/wp\/v2\/posts"}],"about":[{"href":"https:\/\/elreporterohgo.com\/noticias\/wp-json\/wp\/v2\/types\/post"}],"author":[{"embeddable":true,"href":"https:\/\/elreporterohgo.com\/noticias\/wp-json\/wp\/v2\/users\/2"}],"replies":[{"embeddable":true,"href":"https:\/\/elreporterohgo.com\/noticias\/wp-json\/wp\/v2\/comments?post=43622"}],"version-history":[{"count":1,"href":"https:\/\/elreporterohgo.com\/noticias\/wp-json\/wp\/v2\/posts\/43622\/revisions"}],"predecessor-version":[{"id":43625,"href":"https:\/\/elreporterohgo.com\/noticias\/wp-json\/wp\/v2\/posts\/43622\/revisions\/43625"}],"wp:featuredmedia":[{"embeddable":true,"href":"https:\/\/elreporterohgo.com\/noticias\/wp-json\/wp\/v2\/media\/43623"}],"wp:attachment":[{"href":"https:\/\/elreporterohgo.com\/noticias\/wp-json\/wp\/v2\/media?parent=43622"}],"wp:term":[{"taxonomy":"category","embeddable":true,"href":"https:\/\/elreporterohgo.com\/noticias\/wp-json\/wp\/v2\/categories?post=43622"},{"taxonomy":"post_tag","embeddable":true,"href":"https:\/\/elreporterohgo.com\/noticias\/wp-json\/wp\/v2\/tags?post=43622"}],"curies":[{"name":"wp","href":"https:\/\/api.w.org\/{rel}","templated":true}]}}