{"id":43618,"date":"2021-10-11T21:39:53","date_gmt":"2021-10-12T02:39:53","guid":{"rendered":"https:\/\/elreporterohgo.com\/noticias\/?p=43618"},"modified":"2021-10-11T23:51:03","modified_gmt":"2021-10-12T04:51:03","slug":"%ef%bb%bfcasi-50-mil-pachuquenos-olvidados-para-aplicarles-segunda-dosis-de-astrazeneca","status":"publish","type":"post","link":"https:\/\/elreporterohgo.com\/noticias\/2021\/10\/11\/%ef%bb%bfcasi-50-mil-pachuquenos-olvidados-para-aplicarles-segunda-dosis-de-astrazeneca\/","title":{"rendered":"\ufeffCasi 50 mil pachuque\u00f1os olvidados para aplicarles segunda dosis de AstraZeneca"},"content":{"rendered":"\n<figure class=\"wp-block-image\"><img fetchpriority=\"high\" decoding=\"async\" width=\"1024\" height=\"768\" src=\"https::\/\/elreporterohgo.com\/noticias\/wp-content\/uploads\/2021\/10\/2e6572a5-5145-4052-b01b-7462d6e3b18a-1024x768.jpg\" alt=\"\" class=\"wp-image-43619\" srcset=\"https:\/\/elreporterohgo.com\/noticias\/wp-content\/uploads\/2021\/10\/2e6572a5-5145-4052-b01b-7462d6e3b18a-1024x768.jpg 1024w, https:\/\/elreporterohgo.com\/noticias\/wp-content\/uploads\/2021\/10\/2e6572a5-5145-4052-b01b-7462d6e3b18a-300x225.jpg 300w, https:\/\/elreporterohgo.com\/noticias\/wp-content\/uploads\/2021\/10\/2e6572a5-5145-4052-b01b-7462d6e3b18a-768x576.jpg 768w, https:\/\/elreporterohgo.com\/noticias\/wp-content\/uploads\/2021\/10\/2e6572a5-5145-4052-b01b-7462d6e3b18a.jpg 1280w\" sizes=\"(max-width: 1024px) 100vw, 1024px\" \/><\/figure>\n\n\n\n<p>*\u00bfD\u00f3nde est\u00e1 el s\u00faper delegado de Hidalgo?<\/p>\n\n\n\n<p>*Evidente negligencia en la inoculaci\u00f3n a\npachuque\u00f1os de 30 a 39 a\u00f1os.<\/p>\n\n\n\n<p>*En unas horas se cumplen los 84 d\u00edas desde la\nprimera aplicaci\u00f3n.<\/p>\n\n\n\n<p>PACHUCA, Hgo.- En la incertidumbre se\nencuentran miles de habitantes de la capital del Hidalgo, toda vez no han sido\nanunciadas las fechas para ser vacunados y, en pr\u00f3ximas horas est\u00e1 por fenecer\nel plazo para recibir la segunda dosis del biol\u00f3gico AstraZeneca a los treinta\u00f1eros\nque fueron vacunados del 20 al 23 de julio. <\/p>\n\n\n\n<p>Durante el fin de semana, se dio a conocer a\nla activaci\u00f3n de los 23 municipios que aplicar\u00edan vacunas contra el SARS-CoV-2,\ndurante la semana del 11 al 17 de octubre, sin embargo, en la lista no figura\nla capital del Estado, generando incertidumbre entre la poblaci\u00f3n.<\/p>\n\n\n\n<p>Ante esto, Abraham Mendoza, Delegado de\nProgramas para el Bienestar en Hidalgo anunci\u00f3 v\u00eda twitter: \u201cSe sumar\u00e1n otros\nmunicipios y tambi\u00e9n se aplicar\u00e1 segunda dosis a personas de 30 a 39 a\u00f1os en\n#Pachuca Espera el aviso oficial\u201d.<\/p>\n\n\n\n<p>Desde ese momento, miles de pachuque\u00f1os han\nestado a la espera del anuncio oficial, monitorean las redes sociales de la\nDelegaci\u00f3n de Programas para el Bienestar en Hidalgo, se comunican a las\noficinas y no obtienen una respuesta favorable.<\/p>\n\n\n\n<p>Lectores se comunicaron a la redacci\u00f3n de este\nmedio para solicitar informaci\u00f3n, llamamos a la Delegaci\u00f3n de Programas para el\nBienestar en Hidalgo solicitando nos comunicaran con el responsable de la\nvacunaci\u00f3n o al \u00e1rea de comunicaci\u00f3n social, entrevist\u00e1ndonos con Arely Valdez\nde Vacunaci\u00f3n, quien en un primer momento nos tom\u00f3 nuestros datos y dijo que\nnos llamar\u00edan en el transcurso del d\u00eda, preguntamos el nombre de qui\u00e9n\natender\u00eda nuestro llamado o el \u00e1rea que se comunicar\u00eda con nosotros,\nlimit\u00e1ndose a responder \u201cel \u00e1rea correspondiente\u201d.<\/p>\n\n\n\n<p>Dejamos pasar un par de horas, comprometidos\ncon nuestros lectores volvimos a entablar comunicaci\u00f3n con Arely Valdez y\nobtuvimos como respuesta que nos llamar\u00edan del Despacho de la Delegaci\u00f3n, que\nfu\u00e9ramos pacientes ya que ese personal estaba atendiendo \u201cotros asuntos\u201d, hasta\nel momento de la publicaci\u00f3n de la presente no hemos recibido llamada alguna.<\/p>\n\n\n\n<p>** De acuerdo a la \u201cGu\u00eda T\u00e9cnica para la aplicaci\u00f3n de la vacuna AstraZeneca contra el virus SARS-CoV-2\u201d, se requiere la aplicaci\u00f3n de dos dosis, con un intervalo entre ambas dosis de 8 a 12 semanas (56 a 84 d\u00edas). Las personas que recibieron la vacuna el pasado 20 de julio el d\u00eda de ma\u00f1ana 12 de octubre estar\u00edan cumpliendo las 12 semanas o los 84 d\u00edas.<\/p>\n\n\n\n<figure class=\"wp-block-image\"><img decoding=\"async\" width=\"1024\" height=\"1024\" src=\"https::\/\/elreporterohgo.com\/noticias\/wp-content\/uploads\/2021\/10\/comprocars-1-40-1024x1024-40.jpg\" alt=\"\" class=\"wp-image-43620\" srcset=\"https:\/\/elreporterohgo.com\/noticias\/wp-content\/uploads\/2021\/10\/comprocars-1-40-1024x1024-40.jpg 1024w, https:\/\/elreporterohgo.com\/noticias\/wp-content\/uploads\/2021\/10\/comprocars-1-40-1024x1024-40-150x150.jpg 150w, https:\/\/elreporterohgo.com\/noticias\/wp-content\/uploads\/2021\/10\/comprocars-1-40-1024x1024-40-300x300.jpg 300w, https:\/\/elreporterohgo.com\/noticias\/wp-content\/uploads\/2021\/10\/comprocars-1-40-1024x1024-40-768x768.jpg 768w, https:\/\/elreporterohgo.com\/noticias\/wp-content\/uploads\/2021\/10\/comprocars-1-40-1024x1024-40-160x160.jpg 160w\" sizes=\"(max-width: 1024px) 100vw, 1024px\" \/><\/figure>\n","protected":false},"excerpt":{"rendered":"<p>*\u00bfD\u00f3nde est\u00e1 el s\u00faper delegado de Hidalgo? *Evidente negligencia en la inoculaci\u00f3n a pachuque\u00f1os de 30 a 39 a\u00f1os. *En unas horas se cumplen los 84 d\u00edas desde la primera aplicaci\u00f3n. PACHUCA, Hgo.- En la incertidumbre se encuentran miles de habitantes de la capital del Hidalgo, toda vez no han sido anunciadas las fechas para<\/p>\n","protected":false},"author":2,"featured_media":43619,"comment_status":"open","ping_status":"closed","sticky":false,"template":"","format":"standard","meta":{"footnotes":""},"categories":[10],"tags":[],"class_list":{"0":"post-43618","1":"post","2":"type-post","3":"status-publish","4":"format-standard","5":"has-post-thumbnail","7":"category-hidalgo"},"_links":{"self":[{"href":"https:\/\/elreporterohgo.com\/noticias\/wp-json\/wp\/v2\/posts\/43618","targetHints":{"allow":["GET"]}}],"collection":[{"href":"https:\/\/elreporterohgo.com\/noticias\/wp-json\/wp\/v2\/posts"}],"about":[{"href":"https:\/\/elreporterohgo.com\/noticias\/wp-json\/wp\/v2\/types\/post"}],"author":[{"embeddable":true,"href":"https:\/\/elreporterohgo.com\/noticias\/wp-json\/wp\/v2\/users\/2"}],"replies":[{"embeddable":true,"href":"https:\/\/elreporterohgo.com\/noticias\/wp-json\/wp\/v2\/comments?post=43618"}],"version-history":[{"count":2,"href":"https:\/\/elreporterohgo.com\/noticias\/wp-json\/wp\/v2\/posts\/43618\/revisions"}],"predecessor-version":[{"id":43630,"href":"https:\/\/elreporterohgo.com\/noticias\/wp-json\/wp\/v2\/posts\/43618\/revisions\/43630"}],"wp:featuredmedia":[{"embeddable":true,"href":"https:\/\/elreporterohgo.com\/noticias\/wp-json\/wp\/v2\/media\/43619"}],"wp:attachment":[{"href":"https:\/\/elreporterohgo.com\/noticias\/wp-json\/wp\/v2\/media?parent=43618"}],"wp:term":[{"taxonomy":"category","embeddable":true,"href":"https:\/\/elreporterohgo.com\/noticias\/wp-json\/wp\/v2\/categories?post=43618"},{"taxonomy":"post_tag","embeddable":true,"href":"https:\/\/elreporterohgo.com\/noticias\/wp-json\/wp\/v2\/tags?post=43618"}],"curies":[{"name":"wp","href":"https:\/\/api.w.org\/{rel}","templated":true}]}}