{"id":43601,"date":"2021-10-10T22:59:25","date_gmt":"2021-10-11T03:59:25","guid":{"rendered":"https:\/\/elreporterohgo.com\/noticias\/?p=43601"},"modified":"2021-10-10T23:09:40","modified_gmt":"2021-10-11T04:09:40","slug":"atencion-este-lunes-regresan-a-clases-alumnos-de-educacion-superior-en-hidalgo","status":"publish","type":"post","link":"https:\/\/elreporterohgo.com\/noticias\/2021\/10\/10\/atencion-este-lunes-regresan-a-clases-alumnos-de-educacion-superior-en-hidalgo\/","title":{"rendered":"Atenci\u00f3n: Este lunes regresan a clases alumnos de educaci\u00f3n superior en Hidalgo"},"content":{"rendered":"\n<figure class=\"wp-block-image\"><img fetchpriority=\"high\" decoding=\"async\" width=\"1024\" height=\"728\" src=\"https::\/\/elreporterohgo.com\/noticias\/wp-content\/uploads\/2021\/10\/alumnos-2-1024x728.jpg\" alt=\"\" class=\"wp-image-43602\" srcset=\"https:\/\/elreporterohgo.com\/noticias\/wp-content\/uploads\/2021\/10\/alumnos-2-1024x728.jpg 1024w, https:\/\/elreporterohgo.com\/noticias\/wp-content\/uploads\/2021\/10\/alumnos-2-300x213.jpg 300w, https:\/\/elreporterohgo.com\/noticias\/wp-content\/uploads\/2021\/10\/alumnos-2-768x546.jpg 768w, https:\/\/elreporterohgo.com\/noticias\/wp-content\/uploads\/2021\/10\/alumnos-2.jpg 1536w\" sizes=\"(max-width: 1024px) 100vw, 1024px\" \/><\/figure>\n\n\n\n<p>PACHUCA, Hgo.- El regreso a clases presenciales en Instituciones de Educaci\u00f3n Superior en Hidalgo a partir de este lunes 11 de octubre del a\u00f1o en curso ser\u00e1 de manera responsable, con base en los protocolos sanitarios, gradual, controlado, con vigilancia y escalonado, con el fin de salvaguardar la salud e integridad de la comunidad educativa y de la poblaci\u00f3n en general.<\/p>\n\n\n\n<p>De\nacuerdo a cifras proyectadas en Educaci\u00f3n Superior, en este ciclo escolar\n2021-2022, en el estado Hidalgo hay una matr\u00edcula de 116 mil 483 estudiantes,\nquienes son atendidos por 9 mil 222 docentes de 148 escuelas. <\/p>\n\n\n\n<p>Este\nlunes, en que inicia el regreso gradual y progresivo, se reincorpora a las\naulas el 10% del alumnado de dicho nivel educativo, que acude a instituciones\nubicadas en los municipios de: Atlapexco, Nopala, Chapulhuac\u00e1n, Pacula,\nEloxochitl\u00e1n, Tianguistengo, Huasca, Tlanchinol, Huautla, Xochiatipan,\nHuazalingo, Xochicoatl\u00e1n, Ju\u00e1rez Hidalgo, Yahualica, San Agust\u00edn Metzquititl\u00e1n,\nNicol\u00e1s Flores, Tecozautla, Lolotla, Tlahuiltepa y Jaltoc\u00e1n.<\/p>\n\n\n\n<p>Como es instrucci\u00f3n del gobernador Omar Fayad de brindar un servicio educativo de calidad, preservando en todo momento la salud de las y los j\u00f3venes, el regreso a clases presenciales ser\u00e1 con cautela, de manera paulatina, con supervisi\u00f3n y siguiendo el protocolo de intervenci\u00f3n oportuna en casos de brotes en las escuelas. <\/p>\n\n\n\n<figure class=\"wp-block-image\"><img decoding=\"async\" width=\"1024\" height=\"1024\" src=\"https::\/\/elreporterohgo.com\/noticias\/wp-content\/uploads\/2021\/10\/comprocars-1-40-1024x1024-36.jpg\" alt=\"\" class=\"wp-image-43603\" srcset=\"https:\/\/elreporterohgo.com\/noticias\/wp-content\/uploads\/2021\/10\/comprocars-1-40-1024x1024-36.jpg 1024w, https:\/\/elreporterohgo.com\/noticias\/wp-content\/uploads\/2021\/10\/comprocars-1-40-1024x1024-36-150x150.jpg 150w, https:\/\/elreporterohgo.com\/noticias\/wp-content\/uploads\/2021\/10\/comprocars-1-40-1024x1024-36-300x300.jpg 300w, https:\/\/elreporterohgo.com\/noticias\/wp-content\/uploads\/2021\/10\/comprocars-1-40-1024x1024-36-768x768.jpg 768w, https:\/\/elreporterohgo.com\/noticias\/wp-content\/uploads\/2021\/10\/comprocars-1-40-1024x1024-36-160x160.jpg 160w\" sizes=\"(max-width: 1024px) 100vw, 1024px\" \/><\/figure>\n\n\n\n<p>Mediante\nun trabajo coordinado entre la Secretar\u00eda de Educaci\u00f3n P\u00fablica de Hidalgo\n(SEPH) y la Secretar\u00eda de Salud (SSH), as\u00ed como con el Consejo Estatal de Salud\nde Hidalgo, se ha determinado una serie de protocolos a seguir para el regreso\na clases presenciales. <\/p>\n","protected":false},"excerpt":{"rendered":"<p>PACHUCA, Hgo.- El regreso a clases presenciales en Instituciones de Educaci\u00f3n Superior en Hidalgo a partir de este lunes 11 de octubre del a\u00f1o en curso ser\u00e1 de manera responsable, con base en los protocolos sanitarios, gradual, controlado, con vigilancia y escalonado, con el fin de salvaguardar la salud e integridad de la comunidad educativa<\/p>\n","protected":false},"author":2,"featured_media":43602,"comment_status":"open","ping_status":"closed","sticky":false,"template":"","format":"standard","meta":{"footnotes":""},"categories":[10],"tags":[],"class_list":{"0":"post-43601","1":"post","2":"type-post","3":"status-publish","4":"format-standard","5":"has-post-thumbnail","7":"category-hidalgo"},"_links":{"self":[{"href":"https:\/\/elreporterohgo.com\/noticias\/wp-json\/wp\/v2\/posts\/43601","targetHints":{"allow":["GET"]}}],"collection":[{"href":"https:\/\/elreporterohgo.com\/noticias\/wp-json\/wp\/v2\/posts"}],"about":[{"href":"https:\/\/elreporterohgo.com\/noticias\/wp-json\/wp\/v2\/types\/post"}],"author":[{"embeddable":true,"href":"https:\/\/elreporterohgo.com\/noticias\/wp-json\/wp\/v2\/users\/2"}],"replies":[{"embeddable":true,"href":"https:\/\/elreporterohgo.com\/noticias\/wp-json\/wp\/v2\/comments?post=43601"}],"version-history":[{"count":1,"href":"https:\/\/elreporterohgo.com\/noticias\/wp-json\/wp\/v2\/posts\/43601\/revisions"}],"predecessor-version":[{"id":43604,"href":"https:\/\/elreporterohgo.com\/noticias\/wp-json\/wp\/v2\/posts\/43601\/revisions\/43604"}],"wp:featuredmedia":[{"embeddable":true,"href":"https:\/\/elreporterohgo.com\/noticias\/wp-json\/wp\/v2\/media\/43602"}],"wp:attachment":[{"href":"https:\/\/elreporterohgo.com\/noticias\/wp-json\/wp\/v2\/media?parent=43601"}],"wp:term":[{"taxonomy":"category","embeddable":true,"href":"https:\/\/elreporterohgo.com\/noticias\/wp-json\/wp\/v2\/categories?post=43601"},{"taxonomy":"post_tag","embeddable":true,"href":"https:\/\/elreporterohgo.com\/noticias\/wp-json\/wp\/v2\/tags?post=43601"}],"curies":[{"name":"wp","href":"https:\/\/api.w.org\/{rel}","templated":true}]}}