{"id":43571,"date":"2021-10-08T13:52:32","date_gmt":"2021-10-08T18:52:32","guid":{"rendered":"https:\/\/elreporterohgo.com\/noticias\/?p=43571"},"modified":"2021-10-08T13:52:34","modified_gmt":"2021-10-08T18:52:34","slug":"detenido-en-bosques-del-penar","status":"publish","type":"post","link":"https:\/\/elreporterohgo.com\/noticias\/2021\/10\/08\/detenido-en-bosques-del-penar\/","title":{"rendered":"Detenido en Bosques del Pe\u00f1ar"},"content":{"rendered":"\n<p><em>En operativo coordinado, aseguran SSP Hidalgo y seguridad privada a individuo por presunto allanamiento <\/em><\/p>\n\n\n\n<figure class=\"wp-block-image\"><img fetchpriority=\"high\" decoding=\"async\" width=\"812\" height=\"1024\" src=\"https::\/\/elreporterohgo.com\/noticias\/wp-content\/uploads\/2021\/10\/EF0C779E-D4CA-4BE7-904C-CB7F0E9E9050-812x1024.jpeg\" alt=\"\" class=\"wp-image-43572\" srcset=\"https:\/\/elreporterohgo.com\/noticias\/wp-content\/uploads\/2021\/10\/EF0C779E-D4CA-4BE7-904C-CB7F0E9E9050-812x1024.jpeg 812w, https:\/\/elreporterohgo.com\/noticias\/wp-content\/uploads\/2021\/10\/EF0C779E-D4CA-4BE7-904C-CB7F0E9E9050-238x300.jpeg 238w, https:\/\/elreporterohgo.com\/noticias\/wp-content\/uploads\/2021\/10\/EF0C779E-D4CA-4BE7-904C-CB7F0E9E9050-768x969.jpeg 768w, https:\/\/elreporterohgo.com\/noticias\/wp-content\/uploads\/2021\/10\/EF0C779E-D4CA-4BE7-904C-CB7F0E9E9050.jpeg 1015w\" sizes=\"(max-width: 812px) 100vw, 812px\" \/><\/figure>\n\n\n\n<p>En operativo coordinado de la Agencia de Seguridad Estatal y la empresa de seguridad privada A.G.CH, un individuo relacionado con hechos posiblemente constitutivos de delito fue asegurado en el fraccionamiento Bosques del Pe\u00f1ar, en Pachuca.<\/p>\n\n\n\n<p>Fue en la calle Circuito Do\u00f1a Mina donde se report\u00f3 que un individuo presuntamente allan\u00f3 un domicilio, por lo que se solicit\u00f3 la presencia policial en la zona.<\/p>\n\n\n\n<p>Al sitio arribaron polic\u00edas estatales y guardias de seguridad privada del fraccionamiento, que detectaron al hombre y le aseguraron herramienta de corte.<\/p>\n\n\n\n<figure class=\"wp-block-image\"><img decoding=\"async\" width=\"1024\" height=\"1024\" src=\"https::\/\/elreporterohgo.com\/noticias\/wp-content\/uploads\/2021\/10\/comprocars-1-40-1024x1024-30.jpg\" alt=\"\" class=\"wp-image-43566\" srcset=\"https:\/\/elreporterohgo.com\/noticias\/wp-content\/uploads\/2021\/10\/comprocars-1-40-1024x1024-30.jpg 1024w, https:\/\/elreporterohgo.com\/noticias\/wp-content\/uploads\/2021\/10\/comprocars-1-40-1024x1024-30-150x150.jpg 150w, https:\/\/elreporterohgo.com\/noticias\/wp-content\/uploads\/2021\/10\/comprocars-1-40-1024x1024-30-300x300.jpg 300w, https:\/\/elreporterohgo.com\/noticias\/wp-content\/uploads\/2021\/10\/comprocars-1-40-1024x1024-30-768x768.jpg 768w, https:\/\/elreporterohgo.com\/noticias\/wp-content\/uploads\/2021\/10\/comprocars-1-40-1024x1024-30-160x160.jpg 160w\" sizes=\"(max-width: 1024px) 100vw, 1024px\" \/><\/figure>\n\n\n\n<p>El sujeto, identificado como C.A.R.P., de 31 a\u00f1os, fue detenido y puesto a disposici\u00f3n del Ministerio P\u00fablico del fuero com\u00fan, relacionado con la carpeta de  por el propietario de la vivienda.<br><\/p>\n\n\n\n<p><br><\/p>\n","protected":false},"excerpt":{"rendered":"<p>En operativo coordinado, aseguran SSP Hidalgo y seguridad privada a individuo por presunto allanamiento En operativo coordinado de la Agencia de Seguridad Estatal y la empresa de seguridad privada A.G.CH, un individuo relacionado con hechos posiblemente constitutivos de delito fue asegurado en el fraccionamiento Bosques del Pe\u00f1ar, en Pachuca. Fue en la calle Circuito Do\u00f1a<\/p>\n","protected":false},"author":2,"featured_media":43572,"comment_status":"open","ping_status":"closed","sticky":false,"template":"","format":"standard","meta":{"footnotes":""},"categories":[10],"tags":[],"class_list":{"0":"post-43571","1":"post","2":"type-post","3":"status-publish","4":"format-standard","5":"has-post-thumbnail","7":"category-hidalgo"},"_links":{"self":[{"href":"https:\/\/elreporterohgo.com\/noticias\/wp-json\/wp\/v2\/posts\/43571","targetHints":{"allow":["GET"]}}],"collection":[{"href":"https:\/\/elreporterohgo.com\/noticias\/wp-json\/wp\/v2\/posts"}],"about":[{"href":"https:\/\/elreporterohgo.com\/noticias\/wp-json\/wp\/v2\/types\/post"}],"author":[{"embeddable":true,"href":"https:\/\/elreporterohgo.com\/noticias\/wp-json\/wp\/v2\/users\/2"}],"replies":[{"embeddable":true,"href":"https:\/\/elreporterohgo.com\/noticias\/wp-json\/wp\/v2\/comments?post=43571"}],"version-history":[{"count":1,"href":"https:\/\/elreporterohgo.com\/noticias\/wp-json\/wp\/v2\/posts\/43571\/revisions"}],"predecessor-version":[{"id":43573,"href":"https:\/\/elreporterohgo.com\/noticias\/wp-json\/wp\/v2\/posts\/43571\/revisions\/43573"}],"wp:featuredmedia":[{"embeddable":true,"href":"https:\/\/elreporterohgo.com\/noticias\/wp-json\/wp\/v2\/media\/43572"}],"wp:attachment":[{"href":"https:\/\/elreporterohgo.com\/noticias\/wp-json\/wp\/v2\/media?parent=43571"}],"wp:term":[{"taxonomy":"category","embeddable":true,"href":"https:\/\/elreporterohgo.com\/noticias\/wp-json\/wp\/v2\/categories?post=43571"},{"taxonomy":"post_tag","embeddable":true,"href":"https:\/\/elreporterohgo.com\/noticias\/wp-json\/wp\/v2\/tags?post=43571"}],"curies":[{"name":"wp","href":"https:\/\/api.w.org\/{rel}","templated":true}]}}