{"id":43559,"date":"2021-10-08T10:01:02","date_gmt":"2021-10-08T15:01:02","guid":{"rendered":"https:\/\/elreporterohgo.com\/noticias\/?p=43559"},"modified":"2021-10-08T10:01:03","modified_gmt":"2021-10-08T15:01:03","slug":"pri-nacional-se-juega-todo-con-hidalgo-senala-julio-valera","status":"publish","type":"post","link":"https:\/\/elreporterohgo.com\/noticias\/2021\/10\/08\/pri-nacional-se-juega-todo-con-hidalgo-senala-julio-valera\/","title":{"rendered":"PRI NACIONAL SE JUEGA TODO CON HIDALGO, SE\u00d1ALA JULIO VALERA"},"content":{"rendered":"\n<p><strong>P<\/strong><\/p>\n\n\n\n<figure class=\"wp-block-image\"><img fetchpriority=\"high\" decoding=\"async\" width=\"1024\" height=\"683\" src=\"https::\/\/elreporterohgo.com\/noticias\/wp-content\/uploads\/2021\/10\/Foto-3-5-1024x683.jpeg\" alt=\"\" class=\"wp-image-43560\" srcset=\"https:\/\/elreporterohgo.com\/noticias\/wp-content\/uploads\/2021\/10\/Foto-3-5-1024x683.jpeg 1024w, https:\/\/elreporterohgo.com\/noticias\/wp-content\/uploads\/2021\/10\/Foto-3-5-300x200.jpeg 300w, https:\/\/elreporterohgo.com\/noticias\/wp-content\/uploads\/2021\/10\/Foto-3-5-768x512.jpeg 768w, https:\/\/elreporterohgo.com\/noticias\/wp-content\/uploads\/2021\/10\/Foto-3-5.jpeg 1500w\" sizes=\"(max-width: 1024px) 100vw, 1024px\" \/><\/figure>\n\n\n\n<ul class=\"wp-block-list\"><li>Los dirigentes del\nRevolucionario Institucional se reunieron con las estructuras y operadores\npol\u00edticos de Apan y Almoloya.<\/li><li>Julio Valera refiri\u00f3\nque un factor determinante para ganar la elecci\u00f3n 2022 es Omar Fayad.<\/li><\/ul>\n\n\n\n<p>La dirigencia del Partido\nRevolucionario Institucional (PRI) en Hidalgo, encabezada por Julio Valera\nPiedras y Paola Dom\u00ednguez Olmedo, presidente y secretaria general\nrespectivamente, comenzaron su gira de trabajo donde visitar\u00e1n los 84\nmunicipios que comprende la entidad.<\/p>\n\n\n\n<p>Almoloya y Apan fueron las\nprimeras demarcaciones a las que asistieron, donde se reunieron con la clase\npol\u00edtica, adem\u00e1s de un di\u00e1logo con la se\u00f1ora Agustina Ram\u00edrez Cort\u00e9s, quien ha\nsido seccional del partido por 27 a\u00f1os y tiene 44 a\u00f1os de ser militante\ntricolor. <\/p>\n\n\n\n<p>M\u00e1s tarde en Apan, los\ndirigentes del Revolucionario Institucional se reunieron con las estructuras y\noperadores pol\u00edticos del municipio.<\/p>\n\n\n\n<p>Al dirigir su mensaje,\nJulio Valera, refiri\u00f3 que el partido tricolor tiene en puerta una elecci\u00f3n el\nsiguiente a\u00f1o, la cual ser\u00e1 crucial para las aspiraciones del PRI a nivel\nnacional.<\/p>\n\n\n\n<p>En ese sentido, el\ndirigente estatal acentu\u00f3 que el priismo nacional pondr\u00e1 toda su fortaleza,\ntodo su empuje y toda su mira en lo que suceda en Hidalgo, ya que el objetivo\nes que la entidad siga siendo el basti\u00f3n del PRI tal y como lo es actualmente.<\/p>\n\n\n\n<p>Refiri\u00f3 sentirse seguro de\nganar la siguiente elecci\u00f3n, puesto que el Revolucionario Institucional es el\n\u00fanico partido que tiene representantes en todas las regiones del estado, con dirigencias\nmunicipales y representantes distritales. <\/p>\n\n\n\n<p>\u201cTodo el priismo nacional\nlo que quiere es que Hidalgo siga siendo el basti\u00f3n priista y que gane la\nelecci\u00f3n como lo haremos. Tenemos estructura, tenemos partido, tenemos\nresultados, tenemos un priismo nacional que aqu\u00ed se va a jugar todo\u201d.<\/p>\n\n\n\n<p>Julio Valera subray\u00f3 que si bien habr\u00e1 elecciones en otras cinco entidades m\u00e1s, Hidalgo juega el rol m\u00e1s importante, pues es el basti\u00f3n priista el que est\u00e1 en juego. <\/p>\n\n\n\n<figure class=\"wp-block-image\"><img decoding=\"async\" width=\"1024\" height=\"1024\" src=\"https::\/\/elreporterohgo.com\/noticias\/wp-content\/uploads\/2021\/10\/comprocars-1-40-1024x1024-29.jpg\" alt=\"\" class=\"wp-image-43561\" srcset=\"https:\/\/elreporterohgo.com\/noticias\/wp-content\/uploads\/2021\/10\/comprocars-1-40-1024x1024-29.jpg 1024w, https:\/\/elreporterohgo.com\/noticias\/wp-content\/uploads\/2021\/10\/comprocars-1-40-1024x1024-29-150x150.jpg 150w, https:\/\/elreporterohgo.com\/noticias\/wp-content\/uploads\/2021\/10\/comprocars-1-40-1024x1024-29-300x300.jpg 300w, https:\/\/elreporterohgo.com\/noticias\/wp-content\/uploads\/2021\/10\/comprocars-1-40-1024x1024-29-768x768.jpg 768w, https:\/\/elreporterohgo.com\/noticias\/wp-content\/uploads\/2021\/10\/comprocars-1-40-1024x1024-29-160x160.jpg 160w\" sizes=\"(max-width: 1024px) 100vw, 1024px\" \/><\/figure>\n\n\n\n<p>Aprovech\u00f3 la oportunidad\npara se\u00f1alar que un factor clave para la obtenci\u00f3n del triunfo el siguiente\na\u00f1o, es la capacidad de trabajo, el liderazgo y las acciones que ha emprendido\nel gobernador Omar Fayad Meneses en pro de la ciudadan\u00eda de Hidalgo.<\/p>\n\n\n\n<p>\u201cHoy tenemos un l\u00edder que\nes respetado y que es reconocido a nivel nacional. Nadie puede contradecir en\nse\u00f1alar que los priistas gobernamos mejor, pues tenemos al mejor gobernador a\nnivel nacional, gracias a la administraci\u00f3n y a los resultados de Omar Fayad.<\/p>\n\n\n\n<p>Para finalizar, Julio Valera exhort\u00f3 a quienes se dieron cita a\nmantener la unidad, pues como siempre, esa ser\u00e1 la clave para salir victoriosos\nen el siguiente reto que tendr\u00e1 el instituto pol\u00edtico.<\/p>\n\n\n\n<p>\u201cEstamos fuertes, tenemos estructura, vamos en unidad, somos m\u00e1s, gobernamos mejor. Con el respaldo de nuestro l\u00edder Omar Fayad y el trabajo de cada uno de ustedes vamos a ganar\u201d.<\/p>\n\n\n\n<figure class=\"wp-block-image\"><img decoding=\"async\" width=\"1024\" height=\"768\" src=\"https::\/\/elreporterohgo.com\/noticias\/wp-content\/uploads\/2021\/10\/Foto-1-5-1024x768.jpeg\" alt=\"\" class=\"wp-image-43562\" srcset=\"https:\/\/elreporterohgo.com\/noticias\/wp-content\/uploads\/2021\/10\/Foto-1-5-1024x768.jpeg 1024w, https:\/\/elreporterohgo.com\/noticias\/wp-content\/uploads\/2021\/10\/Foto-1-5-300x225.jpeg 300w, https:\/\/elreporterohgo.com\/noticias\/wp-content\/uploads\/2021\/10\/Foto-1-5-768x576.jpeg 768w, https:\/\/elreporterohgo.com\/noticias\/wp-content\/uploads\/2021\/10\/Foto-1-5.jpeg 1600w\" sizes=\"(max-width: 1024px) 100vw, 1024px\" \/><\/figure>\n","protected":false},"excerpt":{"rendered":"<p>P Los dirigentes del Revolucionario Institucional se reunieron con las estructuras y operadores pol\u00edticos de Apan y Almoloya. Julio Valera refiri\u00f3 que un factor determinante para ganar la elecci\u00f3n 2022 es Omar Fayad. La dirigencia del Partido Revolucionario Institucional (PRI) en Hidalgo, encabezada por Julio Valera Piedras y Paola Dom\u00ednguez Olmedo, presidente y secretaria general<\/p>\n","protected":false},"author":2,"featured_media":43560,"comment_status":"open","ping_status":"closed","sticky":false,"template":"","format":"standard","meta":{"footnotes":""},"categories":[10],"tags":[],"class_list":{"0":"post-43559","1":"post","2":"type-post","3":"status-publish","4":"format-standard","5":"has-post-thumbnail","7":"category-hidalgo"},"_links":{"self":[{"href":"https:\/\/elreporterohgo.com\/noticias\/wp-json\/wp\/v2\/posts\/43559","targetHints":{"allow":["GET"]}}],"collection":[{"href":"https:\/\/elreporterohgo.com\/noticias\/wp-json\/wp\/v2\/posts"}],"about":[{"href":"https:\/\/elreporterohgo.com\/noticias\/wp-json\/wp\/v2\/types\/post"}],"author":[{"embeddable":true,"href":"https:\/\/elreporterohgo.com\/noticias\/wp-json\/wp\/v2\/users\/2"}],"replies":[{"embeddable":true,"href":"https:\/\/elreporterohgo.com\/noticias\/wp-json\/wp\/v2\/comments?post=43559"}],"version-history":[{"count":1,"href":"https:\/\/elreporterohgo.com\/noticias\/wp-json\/wp\/v2\/posts\/43559\/revisions"}],"predecessor-version":[{"id":43563,"href":"https:\/\/elreporterohgo.com\/noticias\/wp-json\/wp\/v2\/posts\/43559\/revisions\/43563"}],"wp:featuredmedia":[{"embeddable":true,"href":"https:\/\/elreporterohgo.com\/noticias\/wp-json\/wp\/v2\/media\/43560"}],"wp:attachment":[{"href":"https:\/\/elreporterohgo.com\/noticias\/wp-json\/wp\/v2\/media?parent=43559"}],"wp:term":[{"taxonomy":"category","embeddable":true,"href":"https:\/\/elreporterohgo.com\/noticias\/wp-json\/wp\/v2\/categories?post=43559"},{"taxonomy":"post_tag","embeddable":true,"href":"https:\/\/elreporterohgo.com\/noticias\/wp-json\/wp\/v2\/tags?post=43559"}],"curies":[{"name":"wp","href":"https:\/\/api.w.org\/{rel}","templated":true}]}}