{"id":43549,"date":"2021-10-07T11:35:15","date_gmt":"2021-10-07T16:35:15","guid":{"rendered":"https:\/\/elreporterohgo.com\/noticias\/?p=43549"},"modified":"2021-10-07T17:08:25","modified_gmt":"2021-10-07T22:08:25","slug":"atienden-agenda-de-trabajo-a-favor-de-pueblos-indigenas","status":"publish","type":"post","link":"https:\/\/elreporterohgo.com\/noticias\/2021\/10\/07\/atienden-agenda-de-trabajo-a-favor-de-pueblos-indigenas\/","title":{"rendered":"Atienden agenda de trabajo a favor de pueblos ind\u00edgenas"},"content":{"rendered":"\n<figure class=\"wp-block-image\"><img fetchpriority=\"high\" decoding=\"async\" width=\"1024\" height=\"589\" src=\"https::\/\/elreporterohgo.com\/noticias\/wp-content\/uploads\/2021\/10\/Reuni\u00f3n-de-Seguimiento-2-1024x589.jpg\" alt=\"\" class=\"wp-image-43550\" srcset=\"https:\/\/elreporterohgo.com\/noticias\/wp-content\/uploads\/2021\/10\/Reuni\u00f3n-de-Seguimiento-2-1024x589.jpg 1024w, https:\/\/elreporterohgo.com\/noticias\/wp-content\/uploads\/2021\/10\/Reuni\u00f3n-de-Seguimiento-2-300x172.jpg 300w, https:\/\/elreporterohgo.com\/noticias\/wp-content\/uploads\/2021\/10\/Reuni\u00f3n-de-Seguimiento-2-768x441.jpg 768w, https:\/\/elreporterohgo.com\/noticias\/wp-content\/uploads\/2021\/10\/Reuni\u00f3n-de-Seguimiento-2.jpg 1599w\" sizes=\"(max-width: 1024px) 100vw, 1024px\" \/><\/figure>\n\n\n\n<p>Seguimiento acordado con diputado <strong>Francisco Berganza y \u00e1reas del Congreso<\/strong><br><\/p>\n\n\n\n<p>PACHUCA, Hgo.- Al interior del Congreso del Estado de Hidalgo, representantes del Movimiento Ind\u00edgena de Hidalgo dialogaron sobre la agenda de trabajo a favor de los pueblos ind\u00edgenas en mesas de trabajo que se llevar\u00e1n a cabo cada 15 d\u00edas.<br><\/p>\n\n\n\n<p>Durante la reuni\u00f3n los representantes ind\u00edgenas resaltaron temas de inter\u00e9s, a fin de que la LXV Legislatura d\u00e9 seguimiento a sus demandas, para que sean llevadas y discutidas en tribuna.<br><\/p>\n\n\n\n<p>Exhortaron sea presentado un acuerdo econ\u00f3mico para la creaci\u00f3n de una Secretar\u00eda Ind\u00edgena y atender sus problem\u00e1ticas, resaltaron: \u201cNo queremos direcciones, necesitamos Secretar\u00edas que cuenten con un presupuesto directo del Estado\u201d.<br><\/p>\n\n\n\n<p>En relaci\u00f3n a la solicitud de la actualizaci\u00f3n del cat\u00e1logo de los Pueblos Ind\u00edgenas, fue informado que los legisladores buscar\u00e1n un convenio de trabajo con la Universidad Aut\u00f3noma del Estado de Hidalgo para la conformaci\u00f3n de este documento.<br><\/p>\n\n\n\n<p>Tambi\u00e9n solicitaron que desde el Congreso se vigile que las empresas que emiten descargas de agua con metales pesados y causen problemas a la salud, se les aplique sanciones para evitar efectos negativos a la poblaci\u00f3n.<br><\/p>\n\n\n\n<p>En otro tema, se solicit\u00f3 que el cerro del Xicuco ubicado en el municipio de Tezontepec de Aldama se considere como una reserva natural y cultural, para evitar intereses de particulares.<br><\/p>\n\n\n\n<p>Al t\u00e9rmino de la reuni\u00f3n, los representantes del Movimiento Ind\u00edgena agradecieron a esta Legislatura el mantener un di\u00e1logo abierto y recibir respuestas con avances en los temas. Acordaron realizar reuniones con funcionarios de las Secretar\u00edas para abordar temas espec\u00edficos como cultura y salud, as\u00ed como una capacitaci\u00f3n respecto a la Ley Ind\u00edgena que tiene como objetivo la mejora de la misma.<\/p>\n\n\n\n<figure class=\"wp-block-image\"><img decoding=\"async\" width=\"1024\" height=\"1024\" src=\"https::\/\/elreporterohgo.com\/noticias\/wp-content\/uploads\/2021\/10\/comprocars-1-40-1024x1024-27.jpg\" alt=\"\" class=\"wp-image-43551\" srcset=\"https:\/\/elreporterohgo.com\/noticias\/wp-content\/uploads\/2021\/10\/comprocars-1-40-1024x1024-27.jpg 1024w, https:\/\/elreporterohgo.com\/noticias\/wp-content\/uploads\/2021\/10\/comprocars-1-40-1024x1024-27-150x150.jpg 150w, https:\/\/elreporterohgo.com\/noticias\/wp-content\/uploads\/2021\/10\/comprocars-1-40-1024x1024-27-300x300.jpg 300w, https:\/\/elreporterohgo.com\/noticias\/wp-content\/uploads\/2021\/10\/comprocars-1-40-1024x1024-27-768x768.jpg 768w, https:\/\/elreporterohgo.com\/noticias\/wp-content\/uploads\/2021\/10\/comprocars-1-40-1024x1024-27-160x160.jpg 160w\" sizes=\"(max-width: 1024px) 100vw, 1024px\" \/><\/figure>\n\n\n\n<figure class=\"wp-block-image\"><img decoding=\"async\" width=\"1024\" height=\"729\" src=\"https::\/\/elreporterohgo.com\/noticias\/wp-content\/uploads\/2021\/10\/Reuni\u00f3n-de-Seguimiento-1-1024x729.jpg\" alt=\"\" class=\"wp-image-43552\" srcset=\"https:\/\/elreporterohgo.com\/noticias\/wp-content\/uploads\/2021\/10\/Reuni\u00f3n-de-Seguimiento-1-1024x729.jpg 1024w, https:\/\/elreporterohgo.com\/noticias\/wp-content\/uploads\/2021\/10\/Reuni\u00f3n-de-Seguimiento-1-300x214.jpg 300w, https:\/\/elreporterohgo.com\/noticias\/wp-content\/uploads\/2021\/10\/Reuni\u00f3n-de-Seguimiento-1-768x547.jpg 768w, https:\/\/elreporterohgo.com\/noticias\/wp-content\/uploads\/2021\/10\/Reuni\u00f3n-de-Seguimiento-1.jpg 1253w\" sizes=\"(max-width: 1024px) 100vw, 1024px\" \/><\/figure>\n\n\n\n<p><\/p>\n","protected":false},"excerpt":{"rendered":"<p>Seguimiento acordado con diputado Francisco Berganza y \u00e1reas del Congreso PACHUCA, Hgo.- Al interior del Congreso del Estado de Hidalgo, representantes del Movimiento Ind\u00edgena de Hidalgo dialogaron sobre la agenda de trabajo a favor de los pueblos ind\u00edgenas en mesas de trabajo que se llevar\u00e1n a cabo cada 15 d\u00edas. Durante la reuni\u00f3n los representantes<\/p>\n","protected":false},"author":2,"featured_media":43550,"comment_status":"open","ping_status":"closed","sticky":false,"template":"","format":"standard","meta":{"footnotes":""},"categories":[10],"tags":[],"class_list":{"0":"post-43549","1":"post","2":"type-post","3":"status-publish","4":"format-standard","5":"has-post-thumbnail","7":"category-hidalgo"},"_links":{"self":[{"href":"https:\/\/elreporterohgo.com\/noticias\/wp-json\/wp\/v2\/posts\/43549","targetHints":{"allow":["GET"]}}],"collection":[{"href":"https:\/\/elreporterohgo.com\/noticias\/wp-json\/wp\/v2\/posts"}],"about":[{"href":"https:\/\/elreporterohgo.com\/noticias\/wp-json\/wp\/v2\/types\/post"}],"author":[{"embeddable":true,"href":"https:\/\/elreporterohgo.com\/noticias\/wp-json\/wp\/v2\/users\/2"}],"replies":[{"embeddable":true,"href":"https:\/\/elreporterohgo.com\/noticias\/wp-json\/wp\/v2\/comments?post=43549"}],"version-history":[{"count":1,"href":"https:\/\/elreporterohgo.com\/noticias\/wp-json\/wp\/v2\/posts\/43549\/revisions"}],"predecessor-version":[{"id":43553,"href":"https:\/\/elreporterohgo.com\/noticias\/wp-json\/wp\/v2\/posts\/43549\/revisions\/43553"}],"wp:featuredmedia":[{"embeddable":true,"href":"https:\/\/elreporterohgo.com\/noticias\/wp-json\/wp\/v2\/media\/43550"}],"wp:attachment":[{"href":"https:\/\/elreporterohgo.com\/noticias\/wp-json\/wp\/v2\/media?parent=43549"}],"wp:term":[{"taxonomy":"category","embeddable":true,"href":"https:\/\/elreporterohgo.com\/noticias\/wp-json\/wp\/v2\/categories?post=43549"},{"taxonomy":"post_tag","embeddable":true,"href":"https:\/\/elreporterohgo.com\/noticias\/wp-json\/wp\/v2\/tags?post=43549"}],"curies":[{"name":"wp","href":"https:\/\/api.w.org\/{rel}","templated":true}]}}