{"id":43505,"date":"2021-10-07T02:47:53","date_gmt":"2021-10-07T07:47:53","guid":{"rendered":"https:\/\/elreporterohgo.com\/noticias\/?p=43505"},"modified":"2021-10-07T02:48:45","modified_gmt":"2021-10-07T07:48:45","slug":"%ef%bb%bfpri-hidalgo-inaugura-escuela-de-operadores-politicos","status":"publish","type":"post","link":"https:\/\/elreporterohgo.com\/noticias\/2021\/10\/07\/%ef%bb%bfpri-hidalgo-inaugura-escuela-de-operadores-politicos\/","title":{"rendered":"\ufeffPRI Hidalgo inaugura escuela de operadores pol\u00edticos"},"content":{"rendered":"\n<p><strong>P<\/strong><\/p>\n\n\n\n<figure class=\"wp-block-image\"><img fetchpriority=\"high\" decoding=\"async\" width=\"1024\" height=\"694\" src=\"https::\/\/elreporterohgo.com\/noticias\/wp-content\/uploads\/2021\/10\/Foto-3-4-1024x694.jpeg\" alt=\"\" class=\"wp-image-43506\" srcset=\"https:\/\/elreporterohgo.com\/noticias\/wp-content\/uploads\/2021\/10\/Foto-3-4-1024x694.jpeg 1024w, https:\/\/elreporterohgo.com\/noticias\/wp-content\/uploads\/2021\/10\/Foto-3-4-300x203.jpeg 300w, https:\/\/elreporterohgo.com\/noticias\/wp-content\/uploads\/2021\/10\/Foto-3-4-768x521.jpeg 768w, https:\/\/elreporterohgo.com\/noticias\/wp-content\/uploads\/2021\/10\/Foto-3-4.jpeg 1280w\" sizes=\"(max-width: 1024px) 100vw, 1024px\" \/><\/figure>\n\n\n\n<ul class=\"wp-block-list\"><li><em>Este\nproyecto es un trabajo conjunto entre el IRH y la Secretar\u00eda de Operaci\u00f3n Pol\u00edtica.<\/em><\/li><li><em>Julio\nValera se\u00f1ala que es el primero en todo el priismo y se buscar\u00e1 implementar en\notras latitudes.<\/em><\/li><\/ul>\n\n\n\n<p>Pachuca, Hgo.- En\nel Comit\u00e9 Directivo Estatal del Partido Revolucionario Institucional (PRI),\nJulio Valera Piedras y Paola Dom\u00ednguez Olmedo, presidente y secretaria general\nrespectivamente, asistieron a la inauguraci\u00f3n de la Escuela Estatal de\nOperadores Pol\u00edticos Hidalgo (EEOPH).<\/p>\n\n\n\n<p>Dicha escuela se gener\u00f3 en\nun trabajo coordinado entre el Instituto Reyes Heroles Hidalgo (IRH), que\npreside Alma Nayely Barraza Islas, y la Secretar\u00eda de Operaci\u00f3n Pol\u00edtica que\ncomanda Oscar P\u00e9rez M\u00e1rquez.<\/p>\n\n\n\n<p>Al hacer uso de la voz,\nJulio Valera les dese\u00f3 el mayor de los \u00e9xitos a los alumnos de esta escuela,\nlos cuales pasar\u00e1n a la historia por ser la primera generaci\u00f3n de la EEOPH. En\nese sentido refiri\u00f3 que este proyecto es el primero en todo el priismo, por lo\nque se buscar\u00e1 que se implemente en otras latitudes. <\/p>\n\n\n\n<p>Acentu\u00f3 que las y los\npriistas para realizar un trabajo eficiente, lograr buenos resultados y que\nestos se reflejen en \u00e9xitos del Revolucionario Institucional, lo primero que se\ndebe de hacer es prepararse, saber exactamente qu\u00e9 se va a hacer, y lograr que\ncada uno de los operadores pol\u00edticos cumplan su tarea. <\/p>\n\n\n\n<p>As\u00ed mismo, Julio Valera, se\ndio tiempo para hablar del reto venidero del siguiente a\u00f1o donde se renovar\u00e1 la\ngubernatura del estado, y apunt\u00f3 que este es el momento id\u00f3neo para fortalecer\nlas bases priistas, pues ser\u00e1n los operadores pol\u00edticos quienes generen y\nrealicen las labores de unidad en el priismo.<\/p>\n\n\n\n<p>\u201cNecesitamos lograr\nacuerdos, estamos seguros que tenemos la capacidad y las herramientas para\ndicha labor en cada uno de los municipios. No permitamos que nadie nos\ndistraiga de la tarea de unidad. Hoy se trata del acuerdo, la coordinaci\u00f3n y la\nempat\u00eda de una dirigencia nacional y una dirigencia local que van de la mano\nporque saben que aqu\u00ed nos jugamos todo\u201d.<\/p>\n\n\n\n<p>En su oportunidad, la dirigente del Instituto Reyes Heroles Hidalgo, Nayely Barraza, apunt\u00f3 que la EEOPH es un proyecto de capacitaci\u00f3n que abonar\u00e1 a la dignificaci\u00f3n de la pol\u00edtica, pues las y los alumnos se profesionalizan para ejercer dicha labor con responsabilidad.<\/p>\n\n\n\n<figure class=\"wp-block-image\"><img decoding=\"async\" width=\"1024\" height=\"1024\" src=\"https::\/\/elreporterohgo.com\/noticias\/wp-content\/uploads\/2021\/10\/comprocars-1-40-1024x1024-19.jpg\" alt=\"\" class=\"wp-image-43508\" srcset=\"https:\/\/elreporterohgo.com\/noticias\/wp-content\/uploads\/2021\/10\/comprocars-1-40-1024x1024-19.jpg 1024w, https:\/\/elreporterohgo.com\/noticias\/wp-content\/uploads\/2021\/10\/comprocars-1-40-1024x1024-19-150x150.jpg 150w, https:\/\/elreporterohgo.com\/noticias\/wp-content\/uploads\/2021\/10\/comprocars-1-40-1024x1024-19-300x300.jpg 300w, https:\/\/elreporterohgo.com\/noticias\/wp-content\/uploads\/2021\/10\/comprocars-1-40-1024x1024-19-768x768.jpg 768w, https:\/\/elreporterohgo.com\/noticias\/wp-content\/uploads\/2021\/10\/comprocars-1-40-1024x1024-19-160x160.jpg 160w\" sizes=\"(max-width: 1024px) 100vw, 1024px\" \/><\/figure>\n\n\n\n<p>Subray\u00f3 que Julio Valera y\nPaola Dom\u00ednguez son aliados incansables en las tareas de capacitaci\u00f3n y de\nprofesionalizaci\u00f3n pol\u00edtica, \u201cyo siempre digo que no hay casualidades, este es\nel momento id\u00f3neo para dar inicio a la escuela de operadores pol\u00edticos, ten\u00eda\nque ser con esta dirigencia\u201d.<\/p>\n\n\n\n<p>En tanto, Oscar P\u00e9rez,\ntitular de Operaci\u00f3n Pol\u00edtica refiri\u00f3 que las y los representantes del PRI en\ncada municipio y regi\u00f3n del estado son los responsables de generar acuerdos,\nconciliar intereses, implementar estrategias, fomentar el di\u00e1logo y generar un\nconsenso que propicie la unidad del partido.<\/p>\n\n\n\n<p>Subray\u00f3 que la EEOPH, como\nmuchas de las que han surgido desde el partido tricolor en Hidalgo, \u201ces una\niniciativa de vanguardia, sin precedentes y que en un futuro ser\u00e1 ejemplo para\nel priismo nacional.<\/p>\n","protected":false},"excerpt":{"rendered":"<p>P Este proyecto es un trabajo conjunto entre el IRH y la Secretar\u00eda de Operaci\u00f3n Pol\u00edtica. Julio Valera se\u00f1ala que es el primero en todo el priismo y se buscar\u00e1 implementar en otras latitudes. Pachuca, Hgo.- En el Comit\u00e9 Directivo Estatal del Partido Revolucionario Institucional (PRI), Julio Valera Piedras y Paola Dom\u00ednguez Olmedo, presidente y<\/p>\n","protected":false},"author":2,"featured_media":43506,"comment_status":"open","ping_status":"closed","sticky":false,"template":"","format":"standard","meta":{"footnotes":""},"categories":[10],"tags":[],"class_list":{"0":"post-43505","1":"post","2":"type-post","3":"status-publish","4":"format-standard","5":"has-post-thumbnail","7":"category-hidalgo"},"_links":{"self":[{"href":"https:\/\/elreporterohgo.com\/noticias\/wp-json\/wp\/v2\/posts\/43505","targetHints":{"allow":["GET"]}}],"collection":[{"href":"https:\/\/elreporterohgo.com\/noticias\/wp-json\/wp\/v2\/posts"}],"about":[{"href":"https:\/\/elreporterohgo.com\/noticias\/wp-json\/wp\/v2\/types\/post"}],"author":[{"embeddable":true,"href":"https:\/\/elreporterohgo.com\/noticias\/wp-json\/wp\/v2\/users\/2"}],"replies":[{"embeddable":true,"href":"https:\/\/elreporterohgo.com\/noticias\/wp-json\/wp\/v2\/comments?post=43505"}],"version-history":[{"count":2,"href":"https:\/\/elreporterohgo.com\/noticias\/wp-json\/wp\/v2\/posts\/43505\/revisions"}],"predecessor-version":[{"id":43509,"href":"https:\/\/elreporterohgo.com\/noticias\/wp-json\/wp\/v2\/posts\/43505\/revisions\/43509"}],"wp:featuredmedia":[{"embeddable":true,"href":"https:\/\/elreporterohgo.com\/noticias\/wp-json\/wp\/v2\/media\/43506"}],"wp:attachment":[{"href":"https:\/\/elreporterohgo.com\/noticias\/wp-json\/wp\/v2\/media?parent=43505"}],"wp:term":[{"taxonomy":"category","embeddable":true,"href":"https:\/\/elreporterohgo.com\/noticias\/wp-json\/wp\/v2\/categories?post=43505"},{"taxonomy":"post_tag","embeddable":true,"href":"https:\/\/elreporterohgo.com\/noticias\/wp-json\/wp\/v2\/tags?post=43505"}],"curies":[{"name":"wp","href":"https:\/\/api.w.org\/{rel}","templated":true}]}}