{"id":43500,"date":"2021-10-06T11:33:33","date_gmt":"2021-10-06T16:33:33","guid":{"rendered":"https:\/\/elreporterohgo.com\/noticias\/?p=43500"},"modified":"2021-10-06T11:33:34","modified_gmt":"2021-10-06T16:33:34","slug":"capturan-a-un-par-de-ladrones-de-autotransporte","status":"publish","type":"post","link":"https:\/\/elreporterohgo.com\/noticias\/2021\/10\/06\/capturan-a-un-par-de-ladrones-de-autotransporte\/","title":{"rendered":"Captur\u00e1n a un par de ladrones de autotransporte"},"content":{"rendered":"\n<figure class=\"wp-block-image\"><img fetchpriority=\"high\" decoding=\"async\" width=\"1024\" height=\"819\" src=\"https::\/\/elreporterohgo.com\/noticias\/wp-content\/uploads\/2021\/10\/41399e26-decc-45e3-bfa5-b9c5723b97fd-1024x819.jpg\" alt=\"\" class=\"wp-image-43502\" srcset=\"https:\/\/elreporterohgo.com\/noticias\/wp-content\/uploads\/2021\/10\/41399e26-decc-45e3-bfa5-b9c5723b97fd-1024x819.jpg 1024w, https:\/\/elreporterohgo.com\/noticias\/wp-content\/uploads\/2021\/10\/41399e26-decc-45e3-bfa5-b9c5723b97fd-300x240.jpg 300w, https:\/\/elreporterohgo.com\/noticias\/wp-content\/uploads\/2021\/10\/41399e26-decc-45e3-bfa5-b9c5723b97fd-768x614.jpg 768w, https:\/\/elreporterohgo.com\/noticias\/wp-content\/uploads\/2021\/10\/41399e26-decc-45e3-bfa5-b9c5723b97fd.jpg 1280w\" sizes=\"(max-width: 1024px) 100vw, 1024px\" \/><\/figure>\n\n\n\n<figure class=\"wp-block-image\"><img decoding=\"async\" width=\"978\" height=\"652\" src=\"https::\/\/elreporterohgo.com\/noticias\/wp-content\/uploads\/2021\/10\/b392451e-a089-44f8-a033-9e60e7b4495b.jpg\" alt=\"\" class=\"wp-image-43501\" srcset=\"https:\/\/elreporterohgo.com\/noticias\/wp-content\/uploads\/2021\/10\/b392451e-a089-44f8-a033-9e60e7b4495b.jpg 978w, https:\/\/elreporterohgo.com\/noticias\/wp-content\/uploads\/2021\/10\/b392451e-a089-44f8-a033-9e60e7b4495b-300x200.jpg 300w, https:\/\/elreporterohgo.com\/noticias\/wp-content\/uploads\/2021\/10\/b392451e-a089-44f8-a033-9e60e7b4495b-768x512.jpg 768w\" sizes=\"(max-width: 978px) 100vw, 978px\" \/><\/figure>\n\n\n\n<p>ATITALAQUIA, hGO.- En combate a la violencia y delincuencia, la Secretar\u00eda de Seguridad P\u00fablica de Hidalgo localiz\u00f3 y recuper\u00f3 un tractocami\u00f3n presuntamente robado en la comunidad de Tlamaco, municipio de Atitalaquia.<\/p>\n\n\n\n<p>Tras el reporte al C5i de Hidalgo, a trav\u00e9s del 911 de Emergencias, por el robo de un tr\u00e1iler International, color naranja, acoplado a una g\u00f3ndola de carga, con placas del servicio p\u00fablico federal, elementos de la Agencia de Seguridad Estatal implementaron operativo para la b\u00fasqueda y localizaci\u00f3n de la unidad, que fue ubicada en la zona industrial del mismo municipio.<\/p>\n\n\n\n<p>En el punto fueron detenidos dos hombres que tripulaban el tractocami\u00f3n reportado, que se identificaron como J.F.G.C., de 34 a\u00f1os, y R.V.H., de 33.<\/p>\n\n\n\n<p>Los individuos fueron detenidos y consignados ante la Fiscal\u00eda General de la Rep\u00fablica, mediante su representaci\u00f3n en Hidalgo, para las investigaciones en consecuencia.<\/p>\n\n\n\n<figure class=\"wp-block-image\"><img decoding=\"async\" width=\"1024\" height=\"1024\" src=\"https::\/\/elreporterohgo.com\/noticias\/wp-content\/uploads\/2021\/10\/comprocars-1-40-1024x1024-18.jpg\" alt=\"\" class=\"wp-image-43503\" srcset=\"https:\/\/elreporterohgo.com\/noticias\/wp-content\/uploads\/2021\/10\/comprocars-1-40-1024x1024-18.jpg 1024w, https:\/\/elreporterohgo.com\/noticias\/wp-content\/uploads\/2021\/10\/comprocars-1-40-1024x1024-18-150x150.jpg 150w, https:\/\/elreporterohgo.com\/noticias\/wp-content\/uploads\/2021\/10\/comprocars-1-40-1024x1024-18-300x300.jpg 300w, https:\/\/elreporterohgo.com\/noticias\/wp-content\/uploads\/2021\/10\/comprocars-1-40-1024x1024-18-768x768.jpg 768w, https:\/\/elreporterohgo.com\/noticias\/wp-content\/uploads\/2021\/10\/comprocars-1-40-1024x1024-18-160x160.jpg 160w\" sizes=\"(max-width: 1024px) 100vw, 1024px\" \/><\/figure>\n\n\n\n<p>La Secretar\u00eda de Seguridad P\u00fablica de Hidalgo reitera el llamado a la ciudadan\u00eda para contribuir con estas acciones, realizando reportes mediante el 911 de Emergencias y\/o al 089 de Denuncia An\u00f3nima.<\/p>\n","protected":false},"excerpt":{"rendered":"<p>ATITALAQUIA, hGO.- En combate a la violencia y delincuencia, la Secretar\u00eda de Seguridad P\u00fablica de Hidalgo localiz\u00f3 y recuper\u00f3 un tractocami\u00f3n presuntamente robado en la comunidad de Tlamaco, municipio de Atitalaquia. Tras el reporte al C5i de Hidalgo, a trav\u00e9s del 911 de Emergencias, por el robo de un tr\u00e1iler International, color naranja, acoplado a<\/p>\n","protected":false},"author":2,"featured_media":43502,"comment_status":"open","ping_status":"closed","sticky":false,"template":"","format":"standard","meta":{"footnotes":""},"categories":[10],"tags":[],"class_list":{"0":"post-43500","1":"post","2":"type-post","3":"status-publish","4":"format-standard","5":"has-post-thumbnail","7":"category-hidalgo"},"_links":{"self":[{"href":"https:\/\/elreporterohgo.com\/noticias\/wp-json\/wp\/v2\/posts\/43500","targetHints":{"allow":["GET"]}}],"collection":[{"href":"https:\/\/elreporterohgo.com\/noticias\/wp-json\/wp\/v2\/posts"}],"about":[{"href":"https:\/\/elreporterohgo.com\/noticias\/wp-json\/wp\/v2\/types\/post"}],"author":[{"embeddable":true,"href":"https:\/\/elreporterohgo.com\/noticias\/wp-json\/wp\/v2\/users\/2"}],"replies":[{"embeddable":true,"href":"https:\/\/elreporterohgo.com\/noticias\/wp-json\/wp\/v2\/comments?post=43500"}],"version-history":[{"count":1,"href":"https:\/\/elreporterohgo.com\/noticias\/wp-json\/wp\/v2\/posts\/43500\/revisions"}],"predecessor-version":[{"id":43504,"href":"https:\/\/elreporterohgo.com\/noticias\/wp-json\/wp\/v2\/posts\/43500\/revisions\/43504"}],"wp:featuredmedia":[{"embeddable":true,"href":"https:\/\/elreporterohgo.com\/noticias\/wp-json\/wp\/v2\/media\/43502"}],"wp:attachment":[{"href":"https:\/\/elreporterohgo.com\/noticias\/wp-json\/wp\/v2\/media?parent=43500"}],"wp:term":[{"taxonomy":"category","embeddable":true,"href":"https:\/\/elreporterohgo.com\/noticias\/wp-json\/wp\/v2\/categories?post=43500"},{"taxonomy":"post_tag","embeddable":true,"href":"https:\/\/elreporterohgo.com\/noticias\/wp-json\/wp\/v2\/tags?post=43500"}],"curies":[{"name":"wp","href":"https:\/\/api.w.org\/{rel}","templated":true}]}}