{"id":43478,"date":"2021-10-05T21:03:59","date_gmt":"2021-10-06T02:03:59","guid":{"rendered":"https:\/\/elreporterohgo.com\/noticias\/?p=43478"},"modified":"2021-10-05T21:04:00","modified_gmt":"2021-10-06T02:04:00","slug":"se-arma-la-polemica-por-reapertura-de-normal-rural-de-el-mexe","status":"publish","type":"post","link":"https:\/\/elreporterohgo.com\/noticias\/2021\/10\/05\/se-arma-la-polemica-por-reapertura-de-normal-rural-de-el-mexe\/","title":{"rendered":"Se arma la pol\u00e9mica por reapertura de Normal Rural de \u201cEl Mexe\u201d"},"content":{"rendered":"\n<figure class=\"wp-block-image\"><img fetchpriority=\"high\" decoding=\"async\" width=\"1024\" height=\"740\" src=\"https::\/\/elreporterohgo.com\/noticias\/wp-content\/uploads\/2021\/10\/alegisladores-2-1024x740.jpg\" alt=\"\" class=\"wp-image-43479\" srcset=\"https:\/\/elreporterohgo.com\/noticias\/wp-content\/uploads\/2021\/10\/alegisladores-2-1024x740.jpg 1024w, https:\/\/elreporterohgo.com\/noticias\/wp-content\/uploads\/2021\/10\/alegisladores-2-300x217.jpg 300w, https:\/\/elreporterohgo.com\/noticias\/wp-content\/uploads\/2021\/10\/alegisladores-2-768x555.jpg 768w, https:\/\/elreporterohgo.com\/noticias\/wp-content\/uploads\/2021\/10\/alegisladores-2.jpg 1440w\" sizes=\"(max-width: 1024px) 100vw, 1024px\" \/><\/figure>\n\n\n\n<p>Lisset Marcelino Tovar, diputada\nlocal del Morena, plante\u00f3 un acuerdo econ\u00f3mico por el cual exhorta a la\nSecretar\u00eda de Educaci\u00f3n P\u00fablica y a la Procuradur\u00eda General de Justicia, ambas\ndel Estado de Hidalgo, a cesar de forma inmediata el acos laboral y jur\u00eddico en\ncontra de activistas por la reapertura de la Escuela Normal Rural Luis\nVillareal \u201cEl Mexe\u201d. <\/p>\n\n\n\n<p>Indic\u00f3 que ante la impostergable\nreapertura de \u201cEl Mexe\u201d, funcionarios estatales han iniciado acciones de\nrepresi\u00f3n en contra de integrantes del movimiento que impulsan la reapertura de\nese plantel educativo, a trav\u00e9s de descuentos y retenci\u00f3n de salarios,\nhostigamiento e intimidaci\u00f3n, a trav\u00e9s de directores y supervisores.<\/p>\n\n\n\n<p>Record\u00f3 que el 14 de diciembre de\n2018, el presidente de M\u00e9xico, Andr\u00e9s Manuel L\u00f3pez Obrador anunci\u00f3 la\nreapertura de la Normal Rural, reiterando que se buscar\u00eda la impartici\u00f3n de\ncarreras acordes a las actividades de los estados, para as\u00ed contribuir a su\ndesarrollo, <\/p>\n\n\n\n<p>Indic\u00f3 que el 3 de septiembre\npasado, la Secretar\u00eda de Educaci\u00f3n P\u00fablica del Gobierno de la Rep\u00fablica emiti\u00f3\nla convocatoria para el nuevo ingreso a la Escuela Normal Rural Luis Villareal\npara el ciclo escolar 2021-2022.<\/p>\n\n\n\n<p>Ante ello, dijo que el Gobierno\ndel Estado de Hidalgo encabezado por Omar Fayad Meneses no solo se ha negado\nahora, sino que siempre se ha opuesto a que \u201cEl Mexe\u201d sea reabierto y al ver\nque la reapertura avanzaba de la mano del Gobierno de la Rep\u00fablica, se orden\u00f3\nemprender una guerra sucia hac\u00eda los integrantes del movimiento, tratando de\ndesprestigiar a quienes exigen la reapertura de la Escuela Normal Rural.<\/p>\n\n\n\n<p>Incluso, a\u00f1adi\u00f3, utilizaron a\nestudiantes de la Universidad Polit\u00e9cnica Francisco I. Madero (UPFIM) para\nrecolectar firmas en las comunidades para que no se reabriera \u201cEl Mexe\u201d\natemorizando a la poblaci\u00f3n con calumnias.<\/p>\n\n\n\n<p>Dijo que la represi\u00f3n pas\u00f3 de\ndescuentos y retenci\u00f3n de salarios injustificados a hostigamiento e\nintimidaci\u00f3n en casas de integrantes del movimiento en pro de la reapertura,\nadem\u00e1s de abrir carpetas de investigaci\u00f3n en contra de 17 de ellos.<\/p>\n\n\n\n<p>Coment\u00f3 que el 28 de agosto de\n2021, en el marco de la realizaci\u00f3n de un acto pol\u00edtico a las afueras de las\ninstalaciones, que desde hace m\u00e1s de 10 meses fueron cercadas por las\nautoridades y rompiendo con la tradici\u00f3n de puertas abiertas; dichas cercas\nfueron derribadas y el acto se limit\u00f3 a la realizaci\u00f3n del evento pol\u00edtico al\ninterior de terreno, lo cual fue suficiente para iniciar una persecuci\u00f3n\njudicial intensiva por parte del Estado en contra de los activistas y el\nreferido acoso laboral. &nbsp;<\/p>\n\n\n\n<p>\u201cQue quedo muy claro, el\nmovimiento para la reapertura de la escuela no representa en manera alguna, la\nintenci\u00f3n de cerrar o expulsar a instituciones o estudiantes del municipio. Se\nrequiere una convivencia arm\u00f3nica entre los diferentes centros estudiantiles\npara garantizar una mayor inclusi\u00f3n de j\u00f3venes al sistema educativo\u201d, apunt\u00f3. <\/p>\n\n\n\n<p>000<\/p>\n\n\n\n<figure class=\"wp-block-image\"><img decoding=\"async\" width=\"1024\" height=\"1024\" src=\"https::\/\/elreporterohgo.com\/noticias\/wp-content\/uploads\/2021\/10\/comprocars-1-40-1024x1024-13.jpg\" alt=\"\" class=\"wp-image-43480\" srcset=\"https:\/\/elreporterohgo.com\/noticias\/wp-content\/uploads\/2021\/10\/comprocars-1-40-1024x1024-13.jpg 1024w, https:\/\/elreporterohgo.com\/noticias\/wp-content\/uploads\/2021\/10\/comprocars-1-40-1024x1024-13-150x150.jpg 150w, https:\/\/elreporterohgo.com\/noticias\/wp-content\/uploads\/2021\/10\/comprocars-1-40-1024x1024-13-300x300.jpg 300w, https:\/\/elreporterohgo.com\/noticias\/wp-content\/uploads\/2021\/10\/comprocars-1-40-1024x1024-13-768x768.jpg 768w, https:\/\/elreporterohgo.com\/noticias\/wp-content\/uploads\/2021\/10\/comprocars-1-40-1024x1024-13-160x160.jpg 160w\" sizes=\"(max-width: 1024px) 100vw, 1024px\" \/><\/figure>\n\n\n\n<p>Roberto Rico Responde a la\ndiputada local de MORENA<\/p>\n\n\n\n<p>PACHUCA, HGO.- Este martes se\nllev\u00f3 a cabo la Sesi\u00f3n Ordinaria N\u00famero 10 de la LXV Legislatura del Congreso\ndel Estado de Hidalgo; sesi\u00f3n en la cual hice uso de la voz a posteriori del\nacuerdo econ\u00f3mico presentado por la compa\u00f1era Diputada Lisset Marcelino Tovar,\nmiembro del Grupo Legislativo del partido MORENA, quien introdujo el acuerdo\necon\u00f3mico por el cual se exhorta a la Secretar\u00eda de Educaci\u00f3n P\u00fablica y a la\nProcuradur\u00eda General de Justicia de Hidalgo a cesar el acoso laboral en contra\nde activistas por la reapertura de la normal rural &amp;quot;Luis\nVillareal&amp;quot; del<\/p>\n\n\n\n<p>Mexe.<\/p>\n\n\n\n<p>Ante esto, a\u00f1ad\u00ed que se deben\ngarantizar el acceso a una educaci\u00f3n inclusiva siendo \u00e9ste uno de los objetivos\nclaros que tiene el Grupo Legislativo del Partido Revolucionario Institucional.<\/p>\n\n\n\n<p>\u00c9ste acto va m\u00e1s all\u00e1 de\ncondiciones y se ha dejado de manifiesto el esp\u00edritu de colaboraci\u00f3n del Poder\nEjecutivo estatal con el Gobierno de M\u00e9xico, tal y como el propio Presidente\nAndr\u00e9s Manuel L\u00f3pez Obrador y el Gobernador del Estado Omar Fayad Meneses, lo ofrecieron.\n<\/p>\n\n\n\n<p>Es deber de todos los actores,\norganizaciones y autoridades, trabajar en unidad para<\/p>\n\n\n\n<p>alcanzar dicho objetivo. Adem\u00e1s,\nel diputado Julio Manuel Valera Piedras mencion\u00f3 que se cumpli\u00f3 el compromiso:\n\u201ctenemos trabajar respetando la ley y es importante no permitir que se manipule\npor temas individuales la educaci\u00f3n\u201d enfatiz\u00f3.<\/p>\n\n\n\n<p>En otro asunto general, el\ndiputado Juan de Dios Pontigo Loyola, a voz del Grupo<\/p>\n\n\n\n<p>Legislativo del Partido\nRevolucionario Institucional, someti\u00f3 a la consideraci\u00f3n de la Soberan\u00eda<\/p>\n\n\n\n<p>el acuerdo econ\u00f3mico en materia\nde abasto suficiente y permanente de medicamentos, para que<\/p>\n\n\n\n<p>asigne el presupuesto necesario\nal Programa Presupuestal &amp;quot;U013 Atenci\u00f3n a la Salud y<\/p>\n\n\n\n<p>Medicamentos Gratuitos para la\nPoblaci\u00f3n sin Seguridad Social Laboral, para asegurar el abasto<\/p>\n\n\n\n<p>suficiente y permanente de\nmedicamentos en todo el sector salud, a fin de garantizar el derecho a<\/p>\n\n\n\n<p>la salud de todas y todos los\nmexicanos.<\/p>\n","protected":false},"excerpt":{"rendered":"<p>Lisset Marcelino Tovar, diputada local del Morena, plante\u00f3 un acuerdo econ\u00f3mico por el cual exhorta a la Secretar\u00eda de Educaci\u00f3n P\u00fablica y a la Procuradur\u00eda General de Justicia, ambas del Estado de Hidalgo, a cesar de forma inmediata el acos laboral y jur\u00eddico en contra de activistas por la reapertura de la Escuela Normal Rural<\/p>\n","protected":false},"author":2,"featured_media":43479,"comment_status":"open","ping_status":"closed","sticky":false,"template":"","format":"standard","meta":{"footnotes":""},"categories":[10],"tags":[],"class_list":{"0":"post-43478","1":"post","2":"type-post","3":"status-publish","4":"format-standard","5":"has-post-thumbnail","7":"category-hidalgo"},"_links":{"self":[{"href":"https:\/\/elreporterohgo.com\/noticias\/wp-json\/wp\/v2\/posts\/43478","targetHints":{"allow":["GET"]}}],"collection":[{"href":"https:\/\/elreporterohgo.com\/noticias\/wp-json\/wp\/v2\/posts"}],"about":[{"href":"https:\/\/elreporterohgo.com\/noticias\/wp-json\/wp\/v2\/types\/post"}],"author":[{"embeddable":true,"href":"https:\/\/elreporterohgo.com\/noticias\/wp-json\/wp\/v2\/users\/2"}],"replies":[{"embeddable":true,"href":"https:\/\/elreporterohgo.com\/noticias\/wp-json\/wp\/v2\/comments?post=43478"}],"version-history":[{"count":1,"href":"https:\/\/elreporterohgo.com\/noticias\/wp-json\/wp\/v2\/posts\/43478\/revisions"}],"predecessor-version":[{"id":43481,"href":"https:\/\/elreporterohgo.com\/noticias\/wp-json\/wp\/v2\/posts\/43478\/revisions\/43481"}],"wp:featuredmedia":[{"embeddable":true,"href":"https:\/\/elreporterohgo.com\/noticias\/wp-json\/wp\/v2\/media\/43479"}],"wp:attachment":[{"href":"https:\/\/elreporterohgo.com\/noticias\/wp-json\/wp\/v2\/media?parent=43478"}],"wp:term":[{"taxonomy":"category","embeddable":true,"href":"https:\/\/elreporterohgo.com\/noticias\/wp-json\/wp\/v2\/categories?post=43478"},{"taxonomy":"post_tag","embeddable":true,"href":"https:\/\/elreporterohgo.com\/noticias\/wp-json\/wp\/v2\/tags?post=43478"}],"curies":[{"name":"wp","href":"https:\/\/api.w.org\/{rel}","templated":true}]}}