{"id":43424,"date":"2021-10-02T00:57:54","date_gmt":"2021-10-02T05:57:54","guid":{"rendered":"https:\/\/elreporterohgo.com\/noticias\/?p=43424"},"modified":"2021-10-02T00:57:55","modified_gmt":"2021-10-02T05:57:55","slug":"el-tianguis-de-pueblos-magicos-2021-impulsara-la-economia-de-los-artesanos-y-productores-locales","status":"publish","type":"post","link":"https:\/\/elreporterohgo.com\/noticias\/2021\/10\/02\/el-tianguis-de-pueblos-magicos-2021-impulsara-la-economia-de-los-artesanos-y-productores-locales\/","title":{"rendered":"EL TIANGUIS DE PUEBLOS M\u00c1GICOS 2021 IMPULSAR\u00c1 LA ECONOM\u00cdA DE LOS ARTESANOS Y PRODUCTORES LOCALES"},"content":{"rendered":"\n<figure class=\"wp-block-image\"><img fetchpriority=\"high\" decoding=\"async\" width=\"852\" height=\"480\" src=\"https::\/\/elreporterohgo.com\/noticias\/wp-content\/uploads\/2021\/10\/unnamed-5.png\" alt=\"\" class=\"wp-image-43425\" srcset=\"https:\/\/elreporterohgo.com\/noticias\/wp-content\/uploads\/2021\/10\/unnamed-5.png 852w, https:\/\/elreporterohgo.com\/noticias\/wp-content\/uploads\/2021\/10\/unnamed-5-300x169.png 300w, https:\/\/elreporterohgo.com\/noticias\/wp-content\/uploads\/2021\/10\/unnamed-5-768x433.png 768w\" sizes=\"(max-width: 852px) 100vw, 852px\" \/><\/figure>\n\n\n\n<ul class=\"wp-block-list\"><li><strong>El Tianguis\nde Pueblos M\u00e1gicos contar\u00e1 con una plataforma de comercio electr\u00f3nico\nhabilitada por todo un a\u00f1o.<\/strong><\/li><\/ul>\n\n\n\n<p>Con el objetivo\nde reactivar la econom\u00eda de las familias de artesanos y productores de los\nPueblos M\u00e1gicos, la secretar\u00eda de Turismo de Hidalgo, encabezada por Eduardo\nJavier Ba\u00f1os G\u00f3mez, implement\u00f3 una tienda virtual que estar\u00e1 disponible, durante\nun a\u00f1o, en la plataforma digital del Tianguis de Pueblos M\u00e1gicos 2021.<\/p>\n\n\n\n<p>A trav\u00e9s de\nesta estrategia, se refrenda el compromiso del gobernador del estado, Omar Fayad Meneses, de\ndetonar la comercializaci\u00f3n del sector artesanal, el cual se ha visto tan\nafectado por la crisis sanitaria.<\/p>\n\n\n\n<p>Esta gran\nplataforma de venta permitir\u00e1 a los artesanos y productores locales de los\nPueblos M\u00e1gicos y de municipios aleda\u00f1os, ofrecer sus productos de una manera\nmuy sencilla, tal como se hace a trav\u00e9s de cualquier tienda en l\u00ednea.<\/p>\n\n\n\n<p>Por primera\nvez, este servicio quedar\u00e1 habilitado de manera gratuita para los artesanos\ndurante todo un a\u00f1o, a fin de continuar impulsando la venta de ropa, alimentos,\nbebidas, joyas, bordados, cester\u00eda y los productos m\u00e1s representativos de los\nPueblos M\u00e1gicos de M\u00e9xico.<\/p>\n\n\n\n<p>Despu\u00e9s de que\nla oportunidad de comercializaci\u00f3n disminuy\u00f3 en la edici\u00f3n pasada del Tianguis\npor la pandemia, este a\u00f1o regresa con mayor fuerza gracias a las ventajas\ntecnol\u00f3gicas que permitir\u00e1n que m\u00e1s artesanos y productores cuenten con nuevos\nmercados por mucho m\u00e1s tiempo.<\/p>\n\n\n\n<p>Visita pronto esta\ngran tienda en l\u00ednea en: <a href=\"https::\/\/tianguispueblosmagicos.mx\/\">tianguispueblosmagicos.mx<\/a><\/p>\n\n\n\n<p>\u00a1Queremos enamorArte de los Pueblos M\u00e1gicos de M\u00e9xico!<\/p>\n\n\n\n<figure class=\"wp-block-image\"><img decoding=\"async\" width=\"1024\" height=\"1024\" src=\"https::\/\/elreporterohgo.com\/noticias\/wp-content\/uploads\/2021\/10\/comprocars-1-40-1024x1024-3.jpg\" alt=\"\" class=\"wp-image-43426\" srcset=\"https:\/\/elreporterohgo.com\/noticias\/wp-content\/uploads\/2021\/10\/comprocars-1-40-1024x1024-3.jpg 1024w, https:\/\/elreporterohgo.com\/noticias\/wp-content\/uploads\/2021\/10\/comprocars-1-40-1024x1024-3-150x150.jpg 150w, https:\/\/elreporterohgo.com\/noticias\/wp-content\/uploads\/2021\/10\/comprocars-1-40-1024x1024-3-300x300.jpg 300w, https:\/\/elreporterohgo.com\/noticias\/wp-content\/uploads\/2021\/10\/comprocars-1-40-1024x1024-3-768x768.jpg 768w, https:\/\/elreporterohgo.com\/noticias\/wp-content\/uploads\/2021\/10\/comprocars-1-40-1024x1024-3-160x160.jpg 160w\" sizes=\"(max-width: 1024px) 100vw, 1024px\" \/><\/figure>\n","protected":false},"excerpt":{"rendered":"<p>El Tianguis de Pueblos M\u00e1gicos contar\u00e1 con una plataforma de comercio electr\u00f3nico habilitada por todo un a\u00f1o. Con el objetivo de reactivar la econom\u00eda de las familias de artesanos y productores de los Pueblos M\u00e1gicos, la secretar\u00eda de Turismo de Hidalgo, encabezada por Eduardo Javier Ba\u00f1os G\u00f3mez, implement\u00f3 una tienda virtual que estar\u00e1 disponible, durante<\/p>\n","protected":false},"author":2,"featured_media":43425,"comment_status":"open","ping_status":"closed","sticky":false,"template":"","format":"standard","meta":{"footnotes":""},"categories":[10],"tags":[],"class_list":{"0":"post-43424","1":"post","2":"type-post","3":"status-publish","4":"format-standard","5":"has-post-thumbnail","7":"category-hidalgo"},"_links":{"self":[{"href":"https:\/\/elreporterohgo.com\/noticias\/wp-json\/wp\/v2\/posts\/43424","targetHints":{"allow":["GET"]}}],"collection":[{"href":"https:\/\/elreporterohgo.com\/noticias\/wp-json\/wp\/v2\/posts"}],"about":[{"href":"https:\/\/elreporterohgo.com\/noticias\/wp-json\/wp\/v2\/types\/post"}],"author":[{"embeddable":true,"href":"https:\/\/elreporterohgo.com\/noticias\/wp-json\/wp\/v2\/users\/2"}],"replies":[{"embeddable":true,"href":"https:\/\/elreporterohgo.com\/noticias\/wp-json\/wp\/v2\/comments?post=43424"}],"version-history":[{"count":1,"href":"https:\/\/elreporterohgo.com\/noticias\/wp-json\/wp\/v2\/posts\/43424\/revisions"}],"predecessor-version":[{"id":43427,"href":"https:\/\/elreporterohgo.com\/noticias\/wp-json\/wp\/v2\/posts\/43424\/revisions\/43427"}],"wp:featuredmedia":[{"embeddable":true,"href":"https:\/\/elreporterohgo.com\/noticias\/wp-json\/wp\/v2\/media\/43425"}],"wp:attachment":[{"href":"https:\/\/elreporterohgo.com\/noticias\/wp-json\/wp\/v2\/media?parent=43424"}],"wp:term":[{"taxonomy":"category","embeddable":true,"href":"https:\/\/elreporterohgo.com\/noticias\/wp-json\/wp\/v2\/categories?post=43424"},{"taxonomy":"post_tag","embeddable":true,"href":"https:\/\/elreporterohgo.com\/noticias\/wp-json\/wp\/v2\/tags?post=43424"}],"curies":[{"name":"wp","href":"https:\/\/api.w.org\/{rel}","templated":true}]}}