{"id":43420,"date":"2021-10-02T00:49:43","date_gmt":"2021-10-02T05:49:43","guid":{"rendered":"https:\/\/elreporterohgo.com\/noticias\/?p=43420"},"modified":"2021-10-02T00:49:44","modified_gmt":"2021-10-02T05:49:44","slug":"omar-fayad-acudio-a-tomas-de-protesta-de-sus-homologos-de-queretaro-y-michoacan","status":"publish","type":"post","link":"https:\/\/elreporterohgo.com\/noticias\/2021\/10\/02\/omar-fayad-acudio-a-tomas-de-protesta-de-sus-homologos-de-queretaro-y-michoacan\/","title":{"rendered":"Omar Fayad acudi\u00f3 a tomas de protesta de sus hom\u00f3logos de Quer\u00e9taro y Michoac\u00e1n"},"content":{"rendered":"\n<figure class=\"wp-block-image\"><img fetchpriority=\"high\" decoding=\"async\" width=\"1024\" height=\"683\" src=\"https::\/\/elreporterohgo.com\/noticias\/wp-content\/uploads\/2021\/10\/unnamed-2021-10-02T004707.296-1024x683.jpg\" alt=\"\" class=\"wp-image-43421\" srcset=\"https:\/\/elreporterohgo.com\/noticias\/wp-content\/uploads\/2021\/10\/unnamed-2021-10-02T004707.296-1024x683.jpg 1024w, https:\/\/elreporterohgo.com\/noticias\/wp-content\/uploads\/2021\/10\/unnamed-2021-10-02T004707.296-300x200.jpg 300w, https:\/\/elreporterohgo.com\/noticias\/wp-content\/uploads\/2021\/10\/unnamed-2021-10-02T004707.296-768x512.jpg 768w, https:\/\/elreporterohgo.com\/noticias\/wp-content\/uploads\/2021\/10\/unnamed-2021-10-02T004707.296.jpg 1417w\" sizes=\"(max-width: 1024px) 100vw, 1024px\" \/><\/figure>\n\n\n\n<figure class=\"wp-block-image\"><img decoding=\"async\" width=\"1024\" height=\"683\" src=\"https::\/\/elreporterohgo.com\/noticias\/wp-content\/uploads\/2021\/10\/unnamed-2021-10-02T004703.946-1024x683.jpg\" alt=\"\" class=\"wp-image-43422\" srcset=\"https:\/\/elreporterohgo.com\/noticias\/wp-content\/uploads\/2021\/10\/unnamed-2021-10-02T004703.946-1024x683.jpg 1024w, https:\/\/elreporterohgo.com\/noticias\/wp-content\/uploads\/2021\/10\/unnamed-2021-10-02T004703.946-300x200.jpg 300w, https:\/\/elreporterohgo.com\/noticias\/wp-content\/uploads\/2021\/10\/unnamed-2021-10-02T004703.946-768x512.jpg 768w, https:\/\/elreporterohgo.com\/noticias\/wp-content\/uploads\/2021\/10\/unnamed-2021-10-02T004703.946.jpg 1920w\" sizes=\"(max-width: 1024px) 100vw, 1024px\" \/><\/figure>\n\n\n\n<p>Pachuca,\nHgo El gobernador Omar Fayad acudi\u00f3 a las tomas de\nprotesta de sus hom\u00f3logos de Quer\u00e9taro y Michoac\u00e1n, Mauricio Kuri Gonz\u00e1lez y Alfredo Ram\u00edrez Bedolla, respectivamente,\na quienes les augur\u00f3 mandatos con resultados exitosos.<\/p>\n\n\n\n<p>Al gobernador de\nQuer\u00e9taro, Mauricio Kuri Gonz\u00e1lez, le expres\u00f3 que Hidalgo y Quer\u00e9taro comparten l\u00edmites territoriales, as\u00ed como ganas de\ncontinuar creciendo para con ello abonar al desarrollo de sus poblaciones,\nrefiri\u00f3 Fayad.<\/p>\n\n\n\n<p>En tanto que, a Alfredo Ram\u00edrez Bedolla, el gobernador Fayad\nle mencion\u00f3 que cuenta con su gobierno para compartir las mejores\npr\u00e1cticas de trabajo y con ello construir una agenda que beneficie a ambas\nentidades y a M\u00e9xico.<\/p>\n","protected":false},"excerpt":{"rendered":"<p>Pachuca, Hgo El gobernador Omar Fayad acudi\u00f3 a las tomas de protesta de sus hom\u00f3logos de Quer\u00e9taro y Michoac\u00e1n, Mauricio Kuri Gonz\u00e1lez y Alfredo Ram\u00edrez Bedolla, respectivamente, a quienes les augur\u00f3 mandatos con resultados exitosos. Al gobernador de Quer\u00e9taro, Mauricio Kuri Gonz\u00e1lez, le expres\u00f3 que Hidalgo y Quer\u00e9taro comparten l\u00edmites territoriales, as\u00ed como ganas de<\/p>\n","protected":false},"author":2,"featured_media":43421,"comment_status":"open","ping_status":"closed","sticky":false,"template":"","format":"standard","meta":{"footnotes":""},"categories":[10],"tags":[],"class_list":{"0":"post-43420","1":"post","2":"type-post","3":"status-publish","4":"format-standard","5":"has-post-thumbnail","7":"category-hidalgo"},"_links":{"self":[{"href":"https:\/\/elreporterohgo.com\/noticias\/wp-json\/wp\/v2\/posts\/43420","targetHints":{"allow":["GET"]}}],"collection":[{"href":"https:\/\/elreporterohgo.com\/noticias\/wp-json\/wp\/v2\/posts"}],"about":[{"href":"https:\/\/elreporterohgo.com\/noticias\/wp-json\/wp\/v2\/types\/post"}],"author":[{"embeddable":true,"href":"https:\/\/elreporterohgo.com\/noticias\/wp-json\/wp\/v2\/users\/2"}],"replies":[{"embeddable":true,"href":"https:\/\/elreporterohgo.com\/noticias\/wp-json\/wp\/v2\/comments?post=43420"}],"version-history":[{"count":1,"href":"https:\/\/elreporterohgo.com\/noticias\/wp-json\/wp\/v2\/posts\/43420\/revisions"}],"predecessor-version":[{"id":43423,"href":"https:\/\/elreporterohgo.com\/noticias\/wp-json\/wp\/v2\/posts\/43420\/revisions\/43423"}],"wp:featuredmedia":[{"embeddable":true,"href":"https:\/\/elreporterohgo.com\/noticias\/wp-json\/wp\/v2\/media\/43421"}],"wp:attachment":[{"href":"https:\/\/elreporterohgo.com\/noticias\/wp-json\/wp\/v2\/media?parent=43420"}],"wp:term":[{"taxonomy":"category","embeddable":true,"href":"https:\/\/elreporterohgo.com\/noticias\/wp-json\/wp\/v2\/categories?post=43420"},{"taxonomy":"post_tag","embeddable":true,"href":"https:\/\/elreporterohgo.com\/noticias\/wp-json\/wp\/v2\/tags?post=43420"}],"curies":[{"name":"wp","href":"https:\/\/api.w.org\/{rel}","templated":true}]}}