{"id":43410,"date":"2021-10-02T00:36:50","date_gmt":"2021-10-02T05:36:50","guid":{"rendered":"https:\/\/elreporterohgo.com\/noticias\/?p=43410"},"modified":"2021-10-02T00:36:51","modified_gmt":"2021-10-02T05:36:51","slug":"capturan-a-presunto-ladron-de-traileres","status":"publish","type":"post","link":"https:\/\/elreporterohgo.com\/noticias\/2021\/10\/02\/capturan-a-presunto-ladron-de-traileres\/","title":{"rendered":"Capturan a presunto ladr\u00f3n de traileres"},"content":{"rendered":"\n<figure class=\"wp-block-image\"><img fetchpriority=\"high\" decoding=\"async\" width=\"812\" height=\"1024\" src=\"https::\/\/elreporterohgo.com\/noticias\/wp-content\/uploads\/2021\/10\/ec62f6a6-a2aa-4984-bed3-ff193014f801-812x1024.jpg\" alt=\"\" class=\"wp-image-43411\" srcset=\"https:\/\/elreporterohgo.com\/noticias\/wp-content\/uploads\/2021\/10\/ec62f6a6-a2aa-4984-bed3-ff193014f801-812x1024.jpg 812w, https:\/\/elreporterohgo.com\/noticias\/wp-content\/uploads\/2021\/10\/ec62f6a6-a2aa-4984-bed3-ff193014f801-238x300.jpg 238w, https:\/\/elreporterohgo.com\/noticias\/wp-content\/uploads\/2021\/10\/ec62f6a6-a2aa-4984-bed3-ff193014f801-768x969.jpg 768w, https:\/\/elreporterohgo.com\/noticias\/wp-content\/uploads\/2021\/10\/ec62f6a6-a2aa-4984-bed3-ff193014f801.jpg 1015w\" sizes=\"(max-width: 812px) 100vw, 812px\" \/><\/figure>\n\n\n\n<figure class=\"wp-block-image\"><img decoding=\"async\" width=\"768\" height=\"1024\" src=\"https::\/\/elreporterohgo.com\/noticias\/wp-content\/uploads\/2021\/10\/56884c2e-59a4-4faa-b229-53635aab0329-768x1024.jpg\" alt=\"\" class=\"wp-image-43412\" srcset=\"https:\/\/elreporterohgo.com\/noticias\/wp-content\/uploads\/2021\/10\/56884c2e-59a4-4faa-b229-53635aab0329.jpg 768w, https:\/\/elreporterohgo.com\/noticias\/wp-content\/uploads\/2021\/10\/56884c2e-59a4-4faa-b229-53635aab0329-225x300.jpg 225w\" sizes=\"(max-width: 768px) 100vw, 768px\" \/><\/figure>\n\n\n\n\n\n<p>En el marco de las acciones de prevenci\u00f3n y combate al delito que desarrolla la Secretar\u00eda de Seguridad P\u00fablica de Hidalgo, un hombre fue asegurado tras el reporte de robo de un tractocami\u00f3n en el estado de Quer\u00e9taro.<\/p>\n\n\n\n<p>Fue en la localidad de Sayula, municipio de Tepetitl\u00e1n, donde se recuper\u00f3 el tr\u00e1iler Freightliner, color rojo, con plataforma, y placas del servicio p\u00fablico federal.<\/p>\n\n\n\n<p>La unidad hab\u00eda sido reportada como robada con violencia al C5i de Hidalgo, a trav\u00e9s del 911 de Emergencias, y ello motiv\u00f3 la implementaci\u00f3n de un dispositivo en la regi\u00f3n colindante con el estado vecino.<\/p>\n\n\n\n<p>El individuo, que se identific\u00f3 como L.M.G., de 28 a\u00f1os, y el veh\u00edculo, quedaron a disposici\u00f3n de la Fiscal\u00eda General de la Rep\u00fablica, mediante su representaci\u00f3n en Hidalgo, relacionados con la carpeta de investigaci\u00f3n iniciada en consecuencia.<\/p>\n\n\n\n<p>La Secretar\u00eda de Seguridad P\u00fablica de Hidalgo reitera el llamado a la ciudadan\u00eda para contribuir con estas acciones, realizando reportes mediante el 911 de Emergencias y\/o al 089 de Denuncia An\u00f3nima.<\/p>\n\n\n\n<figure class=\"wp-block-image\"><img decoding=\"async\" width=\"1024\" height=\"1024\" src=\"https::\/\/elreporterohgo.com\/noticias\/wp-content\/uploads\/2021\/10\/comprocars-1-40-1024x1024-1.jpg\" alt=\"\" class=\"wp-image-43413\" srcset=\"https:\/\/elreporterohgo.com\/noticias\/wp-content\/uploads\/2021\/10\/comprocars-1-40-1024x1024-1.jpg 1024w, https:\/\/elreporterohgo.com\/noticias\/wp-content\/uploads\/2021\/10\/comprocars-1-40-1024x1024-1-150x150.jpg 150w, https:\/\/elreporterohgo.com\/noticias\/wp-content\/uploads\/2021\/10\/comprocars-1-40-1024x1024-1-300x300.jpg 300w, https:\/\/elreporterohgo.com\/noticias\/wp-content\/uploads\/2021\/10\/comprocars-1-40-1024x1024-1-768x768.jpg 768w, https:\/\/elreporterohgo.com\/noticias\/wp-content\/uploads\/2021\/10\/comprocars-1-40-1024x1024-1-160x160.jpg 160w\" sizes=\"(max-width: 1024px) 100vw, 1024px\" \/><\/figure>\n","protected":false},"excerpt":{"rendered":"<p>En el marco de las acciones de prevenci\u00f3n y combate al delito que desarrolla la Secretar\u00eda de Seguridad P\u00fablica de Hidalgo, un hombre fue asegurado tras el reporte de robo de un tractocami\u00f3n en el estado de Quer\u00e9taro. Fue en la localidad de Sayula, municipio de Tepetitl\u00e1n, donde se recuper\u00f3 el tr\u00e1iler Freightliner, color rojo,<\/p>\n","protected":false},"author":2,"featured_media":43411,"comment_status":"open","ping_status":"closed","sticky":false,"template":"","format":"standard","meta":{"footnotes":""},"categories":[10],"tags":[],"class_list":{"0":"post-43410","1":"post","2":"type-post","3":"status-publish","4":"format-standard","5":"has-post-thumbnail","7":"category-hidalgo"},"_links":{"self":[{"href":"https:\/\/elreporterohgo.com\/noticias\/wp-json\/wp\/v2\/posts\/43410","targetHints":{"allow":["GET"]}}],"collection":[{"href":"https:\/\/elreporterohgo.com\/noticias\/wp-json\/wp\/v2\/posts"}],"about":[{"href":"https:\/\/elreporterohgo.com\/noticias\/wp-json\/wp\/v2\/types\/post"}],"author":[{"embeddable":true,"href":"https:\/\/elreporterohgo.com\/noticias\/wp-json\/wp\/v2\/users\/2"}],"replies":[{"embeddable":true,"href":"https:\/\/elreporterohgo.com\/noticias\/wp-json\/wp\/v2\/comments?post=43410"}],"version-history":[{"count":1,"href":"https:\/\/elreporterohgo.com\/noticias\/wp-json\/wp\/v2\/posts\/43410\/revisions"}],"predecessor-version":[{"id":43414,"href":"https:\/\/elreporterohgo.com\/noticias\/wp-json\/wp\/v2\/posts\/43410\/revisions\/43414"}],"wp:featuredmedia":[{"embeddable":true,"href":"https:\/\/elreporterohgo.com\/noticias\/wp-json\/wp\/v2\/media\/43411"}],"wp:attachment":[{"href":"https:\/\/elreporterohgo.com\/noticias\/wp-json\/wp\/v2\/media?parent=43410"}],"wp:term":[{"taxonomy":"category","embeddable":true,"href":"https:\/\/elreporterohgo.com\/noticias\/wp-json\/wp\/v2\/categories?post=43410"},{"taxonomy":"post_tag","embeddable":true,"href":"https:\/\/elreporterohgo.com\/noticias\/wp-json\/wp\/v2\/tags?post=43410"}],"curies":[{"name":"wp","href":"https:\/\/api.w.org\/{rel}","templated":true}]}}