{"id":43394,"date":"2021-09-30T21:37:28","date_gmt":"2021-10-01T02:37:28","guid":{"rendered":"https:\/\/elreporterohgo.com\/noticias\/?p=43394"},"modified":"2021-09-30T21:37:29","modified_gmt":"2021-10-01T02:37:29","slug":"primera-piedra-del-laboratorio-estatal-de-salud-publica","status":"publish","type":"post","link":"https:\/\/elreporterohgo.com\/noticias\/2021\/09\/30\/primera-piedra-del-laboratorio-estatal-de-salud-publica\/","title":{"rendered":"Primera piedra del Laboratorio Estatal de Salud P\u00fablica"},"content":{"rendered":"\n<figure class=\"wp-block-image\"><img fetchpriority=\"high\" decoding=\"async\" width=\"1024\" height=\"683\" src=\"https::\/\/elreporterohgo.com\/noticias\/wp-content\/uploads\/2021\/09\/unnamed-2021-09-30T213403.785-1024x683.jpg\" alt=\"\" class=\"wp-image-43395\" srcset=\"https:\/\/elreporterohgo.com\/noticias\/wp-content\/uploads\/2021\/09\/unnamed-2021-09-30T213403.785-1024x683.jpg 1024w, https:\/\/elreporterohgo.com\/noticias\/wp-content\/uploads\/2021\/09\/unnamed-2021-09-30T213403.785-300x200.jpg 300w, https:\/\/elreporterohgo.com\/noticias\/wp-content\/uploads\/2021\/09\/unnamed-2021-09-30T213403.785-768x512.jpg 768w\" sizes=\"(max-width: 1024px) 100vw, 1024px\" \/><\/figure>\n\n\n\n<figure class=\"wp-block-image\"><img decoding=\"async\" width=\"1024\" height=\"683\" src=\"https::\/\/elreporterohgo.com\/noticias\/wp-content\/uploads\/2021\/09\/unnamed-2021-09-30T213359.599-1024x683.jpg\" alt=\"\" class=\"wp-image-43396\" srcset=\"https:\/\/elreporterohgo.com\/noticias\/wp-content\/uploads\/2021\/09\/unnamed-2021-09-30T213359.599-1024x683.jpg 1024w, https:\/\/elreporterohgo.com\/noticias\/wp-content\/uploads\/2021\/09\/unnamed-2021-09-30T213359.599-300x200.jpg 300w, https:\/\/elreporterohgo.com\/noticias\/wp-content\/uploads\/2021\/09\/unnamed-2021-09-30T213359.599-768x512.jpg 768w\" sizes=\"(max-width: 1024px) 100vw, 1024px\" \/><\/figure>\n\n\n\n<p>San\nAgust\u00edn Tlaxiaca, Hgo.- El gobernador Omar Fayad acompa\u00f1ado por la directora de\nServicios y Apoyo T\u00e9cnico del Instituto de Diagn\u00f3stico y Referencia\nEpidemiol\u00f3gica (InDRE), Luc\u00eda Hern\u00e1ndez Rivas, coloc\u00f3 la primera piedra del\nLaboratorio Estatal de Salud P\u00fablica, infraestructura con una inversi\u00f3n superior\na los 168 millones de pesos.<\/p>\n\n\n\n<p>El nuevo laboratorio sustituir\u00e1 al actual, mismo que tiene 30 a\u00f1os de antig\u00fcedad y que en este momento s\u00f3lo satisface el 75 por ciento de la demanda estatal. El proyecto de la nueva infraestructura tiene como base los lineamientos establecidos por la Organizaci\u00f3n Panamericana de la Salud y los protocolos del InDRE, expres\u00f3 el mandatario.<\/p>\n\n\n\n<figure class=\"wp-block-image\"><img decoding=\"async\" width=\"1024\" height=\"1024\" src=\"https::\/\/elreporterohgo.com\/noticias\/wp-content\/uploads\/2021\/09\/comprocars-1-40-1024x1024-31.jpg\" alt=\"\" class=\"wp-image-43397\" srcset=\"https:\/\/elreporterohgo.com\/noticias\/wp-content\/uploads\/2021\/09\/comprocars-1-40-1024x1024-31.jpg 1024w, https:\/\/elreporterohgo.com\/noticias\/wp-content\/uploads\/2021\/09\/comprocars-1-40-1024x1024-31-150x150.jpg 150w, https:\/\/elreporterohgo.com\/noticias\/wp-content\/uploads\/2021\/09\/comprocars-1-40-1024x1024-31-300x300.jpg 300w, https:\/\/elreporterohgo.com\/noticias\/wp-content\/uploads\/2021\/09\/comprocars-1-40-1024x1024-31-768x768.jpg 768w, https:\/\/elreporterohgo.com\/noticias\/wp-content\/uploads\/2021\/09\/comprocars-1-40-1024x1024-31-160x160.jpg 160w\" sizes=\"(max-width: 1024px) 100vw, 1024px\" \/><\/figure>\n\n\n\n<p>Inform\u00f3\nque el laboratorio ofrecer\u00e1 los servicios de an\u00e1lisis sanitario, toxicolog\u00eda\nambiental y an\u00e1lisis epidemiol\u00f3gicos; por ejemplo, que esta \u00faltima \u00e1rea\narrojar\u00e1 resultados en serolog\u00eda, parasitolog\u00eda, infecciones de transmisi\u00f3n\nsexual, rabia, entre otros. <\/p>\n\n\n\n<p>Dicho\nespacio tendr\u00e1 la capacidad de compartir sus servicios con la regi\u00f3n del Centro\nde M\u00e9xico, ya que podr\u00e1 atender los riesgos sanitarios y de salud p\u00fablica de Hidalgo\ny de las entidades vecinas como Quer\u00e9taro, Puebla, Tlaxcala, Veracruz y el\nEstado de M\u00e9xico.<\/p>\n\n\n\n<p>Lo\nanterior significa que, durante una emergencia sanitaria nacional los cerca de\n70 protocolos de atenci\u00f3n, como pruebas diagn\u00f3sticas y determinaciones,\nquedar\u00e1n a disposici\u00f3n de quien lo necesite, puntualiz\u00f3 el gobernador Fayad.<\/p>\n\n\n\n<p>Dijo que\nsupervisa los avances en la construcci\u00f3n del Hospital General de Pachuca, obra\nen la que se invierten m\u00e1s de 2 mil 247 millones y que mejorar\u00e1 los servicios\nde salud, en beneficio de aproximadamente de 652 mil habitantes de los 24\nmunicipios aleda\u00f1os a la capital hidalguense.<\/p>\n\n\n\n<p>Indic\u00f3\nque en ese sitio adem\u00e1s se edificar\u00e1 la Aceleradora de Negocios Biotecnol\u00f3gicos\nHidalgo-UNAM, el eslab\u00f3n faltante en la cadena de investigaci\u00f3n, desarrollo,\nescalamiento y fabricaci\u00f3n masiva de los productos biotecnol\u00f3gicos en M\u00e9xico;\nes decir, har\u00e1 efectiva la articulaci\u00f3n academia e industria.<\/p>\n\n\n\n<p>Esta triada\nde la salud, integrada por el nuevo Laboratorio Estatal de Salud P\u00fablica de\nHidalgo, el nuevo Hospital General de Pachuca y la Aceleradora de Negocios\nBiotecnol\u00f3gicos UNAM-Hidalgo, responde a las necesidades del siglo XXI.<\/p>\n\n\n\n<p>Por esta\ntriada de la salud, la Ciudad del Conocimiento ampl\u00eda y diversifica sus\nfunciones y prop\u00f3sitos, por lo tanto, dijo que se ha cambiado su nombre a\nDistrito de la Salud, Educaci\u00f3n, Ciencia, Tecnolog\u00eda e Innovaci\u00f3n, expuso.<\/p>\n\n\n\n<p><strong>Hidalgo ser\u00e1 ejemplo nacional por el laboratorio\nconcebido bajo un plan maestro e integrado al Distrito de la Salud, Educaci\u00f3n,\nCiencia, Tecnolog\u00eda e Innovaci\u00f3n<\/strong><\/p>\n\n\n\n<p>En su\nmensaje la directora de Servicios y Apoyo T\u00e9cnico del InDRE, Luc\u00eda Hern\u00e1ndez\nRivas, refiri\u00f3 que en el pa\u00eds operan 32 laboratorios estatal, mismos que\nsurgieron sin una normativa oficial, \u201cse han fundado en principios de gesti\u00f3n\nde calidad y de riesgo biol\u00f3gico\u201d y a pesar de no tener un plan maestro, responden\na los principios de regulaci\u00f3n y vigilancia epidemiol\u00f3gica.<\/p>\n\n\n\n<p>Con la\nconstrucci\u00f3n del nuevo laboratorio -subray\u00f3- Hidalgo sienta un precedente,\n\u201cporque poca gente tiene la visi\u00f3n de prever todas estas situaciones y\nempoderar a los laboratorios, como lo est\u00e1 haciendo en este momento\u201d el\ngobierno hidalguense.<\/p>\n\n\n\n<p>Por ello,\nreconoci\u00f3 la visi\u00f3n del gobernador Fayad de incluir al laboratorio en el\nDistrito de la Salud, Educaci\u00f3n, Ciencia, Tecnolog\u00eda e Innovaci\u00f3n, pues la\nmayor\u00eda de las veces se demerita la aportaci\u00f3n de los laboratorios y no es as\u00ed\nson \u201cel sustento de la ciencia y la tecnolog\u00eda para que puedan tomar una\ndecisi\u00f3n los programas sustantivos de vigilancia epidemiol\u00f3gica y de regulaci\u00f3n\nsanitaria\u201d.<\/p>\n\n\n\n<p>Destac\u00f3\nla importancia otorgada en Hidalgo a los laboratorios y dimensionarlos como\nparte de la pol\u00edtica p\u00fablica en materia de salud; con la promesa de que el siguiente\na\u00f1o Hidalgo ser\u00e1 el ejemplo nacional y con ello los estados que gestionen\nnuevos laboratorios lo hagan como en Hidalgo \u201ccon una visi\u00f3n de largo plazo\u201d, y\ncon ello tendr\u00e1n la posibilidad de responder a pandemias, como la influenza y\nla Covid-19.<\/p>\n\n\n\n<p>Hern\u00e1ndez\nRivas reconoci\u00f3 al laboratorio y al personal actual porque \u201ctienen un sistema\nde gesti\u00f3n y de riesgo biol\u00f3gico que garantiza con todas estas limitantes que\nexisten la confiabilidad de la informaci\u00f3n con la que ustedes pueden\nsalvaguardar la salud de la poblaci\u00f3n hidalguense\u201d.<\/p>\n\n\n\n<p>El\nc\u00f3nsul de M\u00e9xico en Orlando, Juan Jos\u00e9 Sabines Guerrero, fue testigo de la\ncolocaci\u00f3n de la primera piedra del Laboratorio Estatal de Salud P\u00fablica, quien\nen sus redes sociales felicit\u00f3 al gobernador Omar Fayad \u201cpor su respaldo a la\ncomunidad migrante, por su trabajo en equipo con el presidente\u201d Andr\u00e9s Manuel\nL\u00f3pez Obrador, con la Secretar\u00eda de Relaciones Exteriores y por la agenda\nconjunta con el canciller Marcelo Ebrard Casaub\u00f3n para proyectar a Hidalgo en\nel mundo.<\/p>\n","protected":false},"excerpt":{"rendered":"<p>San Agust\u00edn Tlaxiaca, Hgo.- El gobernador Omar Fayad acompa\u00f1ado por la directora de Servicios y Apoyo T\u00e9cnico del Instituto de Diagn\u00f3stico y Referencia Epidemiol\u00f3gica (InDRE), Luc\u00eda Hern\u00e1ndez Rivas, coloc\u00f3 la primera piedra del Laboratorio Estatal de Salud P\u00fablica, infraestructura con una inversi\u00f3n superior a los 168 millones de pesos. El nuevo laboratorio sustituir\u00e1 al actual,<\/p>\n","protected":false},"author":2,"featured_media":43396,"comment_status":"open","ping_status":"closed","sticky":false,"template":"","format":"standard","meta":{"footnotes":""},"categories":[10],"tags":[],"class_list":{"0":"post-43394","1":"post","2":"type-post","3":"status-publish","4":"format-standard","5":"has-post-thumbnail","7":"category-hidalgo"},"_links":{"self":[{"href":"https:\/\/elreporterohgo.com\/noticias\/wp-json\/wp\/v2\/posts\/43394","targetHints":{"allow":["GET"]}}],"collection":[{"href":"https:\/\/elreporterohgo.com\/noticias\/wp-json\/wp\/v2\/posts"}],"about":[{"href":"https:\/\/elreporterohgo.com\/noticias\/wp-json\/wp\/v2\/types\/post"}],"author":[{"embeddable":true,"href":"https:\/\/elreporterohgo.com\/noticias\/wp-json\/wp\/v2\/users\/2"}],"replies":[{"embeddable":true,"href":"https:\/\/elreporterohgo.com\/noticias\/wp-json\/wp\/v2\/comments?post=43394"}],"version-history":[{"count":1,"href":"https:\/\/elreporterohgo.com\/noticias\/wp-json\/wp\/v2\/posts\/43394\/revisions"}],"predecessor-version":[{"id":43398,"href":"https:\/\/elreporterohgo.com\/noticias\/wp-json\/wp\/v2\/posts\/43394\/revisions\/43398"}],"wp:featuredmedia":[{"embeddable":true,"href":"https:\/\/elreporterohgo.com\/noticias\/wp-json\/wp\/v2\/media\/43396"}],"wp:attachment":[{"href":"https:\/\/elreporterohgo.com\/noticias\/wp-json\/wp\/v2\/media?parent=43394"}],"wp:term":[{"taxonomy":"category","embeddable":true,"href":"https:\/\/elreporterohgo.com\/noticias\/wp-json\/wp\/v2\/categories?post=43394"},{"taxonomy":"post_tag","embeddable":true,"href":"https:\/\/elreporterohgo.com\/noticias\/wp-json\/wp\/v2\/tags?post=43394"}],"curies":[{"name":"wp","href":"https:\/\/api.w.org\/{rel}","templated":true}]}}