{"id":43368,"date":"2021-09-30T13:10:40","date_gmt":"2021-09-30T18:10:40","guid":{"rendered":"https:\/\/elreporterohgo.com\/noticias\/?p=43368"},"modified":"2021-09-30T13:10:41","modified_gmt":"2021-09-30T18:10:41","slug":"piden-terminar-con-corrupcion-encruz-azul","status":"publish","type":"post","link":"https:\/\/elreporterohgo.com\/noticias\/2021\/09\/30\/piden-terminar-con-corrupcion-encruz-azul\/","title":{"rendered":"Piden terminar con corrupci\u00f3n enCruz Azul"},"content":{"rendered":"\n<figure class=\"wp-block-image\"><img fetchpriority=\"high\" decoding=\"async\" width=\"814\" height=\"496\" src=\"https::\/\/elreporterohgo.com\/noticias\/wp-content\/uploads\/2021\/09\/Foto-1-41.jpg\" alt=\"\" class=\"wp-image-43369\" srcset=\"https:\/\/elreporterohgo.com\/noticias\/wp-content\/uploads\/2021\/09\/Foto-1-41.jpg 814w, https:\/\/elreporterohgo.com\/noticias\/wp-content\/uploads\/2021\/09\/Foto-1-41-300x183.jpg 300w, https:\/\/elreporterohgo.com\/noticias\/wp-content\/uploads\/2021\/09\/Foto-1-41-768x468.jpg 768w\" sizes=\"(max-width: 814px) 100vw, 814px\" \/><\/figure>\n\n\n\n<ul class=\"wp-block-list\"><li><strong>Exigen el\nfin de la corrupci\u00f3n en La Cooperativa La Cruz Azul.<\/strong><\/li><li><strong>Socios\ncooperativistas denuncian corrupci\u00f3n de jueces.<\/strong><\/li><li><strong>Demandan\nla intervenci\u00f3n del Presidente de la Rep\u00fablica, de la SCJN y del Congreso de la\nUni\u00f3n.<\/strong><\/li><\/ul>\n\n\n\n<p>Ciudad de M\u00e9xico.- El grupo\nmayoritario de La Cooperativa La Cruz Azul solicit\u00f3 hoy la intervenci\u00f3n del\nPresidente Andr\u00e9s Manuel L\u00f3pez Obrador, de la Suprema Corte de Justicia de la\nNaci\u00f3n (SCJN) y del Congreso de la Uni\u00f3n, para terminar con los manejos\nirregulares de los recursos y las componendas por parte de quienes hoy ostentan\nla administraci\u00f3n de la cooperativa, ilegalidades que \u2013afirmaron- se realizan\nen contubernio con jueces del Poder Judicial.<\/p>\n\n\n\n<p>Denunciaron adem\u00e1s que la actual\nadministraci\u00f3n encabezada por Jos\u00e9 Antonio Mar\u00edn y V\u00edctor Manuel Vel\u00e1zquez\npromueve el terrorismo laboral dentro de la cooperativa, toda vez que se han\ncancelado prestaciones sociales, servicio m\u00e9dico y la entrega de medicinas,\nadem\u00e1s de condicionar el pago de salarios, todo ello en perjuicio de m\u00e1s de 15\nmil familias.<\/p>\n\n\n\n<p>Al realizar una manifestaci\u00f3n en la\nzona Centro de la Ciudad de M\u00e9xico, los cooperativistas agregaron que las\nresoluciones que validan la Asamblea de septiembre del 2018 son ilegales, pues no\nse desarroll\u00f3 de acuerdo a los estatutos de la propia cooperativa, y viol\u00f3 la\nLey de Sociedades Mercantiles.<\/p>\n\n\n\n<p>Se\u00f1alaron adem\u00e1s que con la\nconfabulaci\u00f3n de jueces, Mar\u00edn y Vel\u00e1zquez tambi\u00e9n han promovido \u00f3rdenes de\naprehensi\u00f3n contra socios que les resultan inc\u00f3modos por cuestionar y\ndocumentar sus malos manejos dentro de la administraci\u00f3n cooperativista.<\/p>\n\n\n\n<p>Recordaron que ambos personajes\nformaron parte del saqueo encabezado por Billy \u00c1lvarez, a quien ahora dicen\ndesconocer.<\/p>\n\n\n\n<p>Durante la protesta, los socios cooperativistas mostraron su disposici\u00f3n para dialogar con funcionarios de la Secretar\u00eda de Gobernaci\u00f3n con el fin de resolver la citada problem\u00e1tica, pero acusaron que a pesar de su apertura al di\u00e1logo, polic\u00edas de la Secretar\u00eda de Seguridad Ciudadana de la CDMX los desplaz\u00f3 a la fuerza de la zona de protesta, generando caos e incertidumbre entre los asistentes que acud\u00edan con la certeza de que su derecho a la protesta ser\u00eda respetado.<\/p>\n\n\n\n<figure class=\"wp-block-image\"><img decoding=\"async\" width=\"1024\" height=\"1024\" src=\"https::\/\/elreporterohgo.com\/noticias\/wp-content\/uploads\/2021\/09\/comprocars-1-40-1024x1024-27.jpg\" alt=\"\" class=\"wp-image-43370\" srcset=\"https:\/\/elreporterohgo.com\/noticias\/wp-content\/uploads\/2021\/09\/comprocars-1-40-1024x1024-27.jpg 1024w, https:\/\/elreporterohgo.com\/noticias\/wp-content\/uploads\/2021\/09\/comprocars-1-40-1024x1024-27-150x150.jpg 150w, https:\/\/elreporterohgo.com\/noticias\/wp-content\/uploads\/2021\/09\/comprocars-1-40-1024x1024-27-300x300.jpg 300w, https:\/\/elreporterohgo.com\/noticias\/wp-content\/uploads\/2021\/09\/comprocars-1-40-1024x1024-27-768x768.jpg 768w, https:\/\/elreporterohgo.com\/noticias\/wp-content\/uploads\/2021\/09\/comprocars-1-40-1024x1024-27-160x160.jpg 160w\" sizes=\"(max-width: 1024px) 100vw, 1024px\" \/><\/figure>\n\n\n\n<p>Los socios cooperativistas y su grupo\nde abogados contin\u00faan negociando para instalar una mesa de trabajo con el\ngobierno federal, a efecto de que se escuchen y se resuelvan sus demandas.<\/p>\n","protected":false},"excerpt":{"rendered":"<p>Exigen el fin de la corrupci\u00f3n en La Cooperativa La Cruz Azul. Socios cooperativistas denuncian corrupci\u00f3n de jueces. Demandan la intervenci\u00f3n del Presidente de la Rep\u00fablica, de la SCJN y del Congreso de la Uni\u00f3n. Ciudad de M\u00e9xico.- El grupo mayoritario de La Cooperativa La Cruz Azul solicit\u00f3 hoy la intervenci\u00f3n del Presidente Andr\u00e9s Manuel<\/p>\n","protected":false},"author":2,"featured_media":43369,"comment_status":"open","ping_status":"closed","sticky":false,"template":"","format":"standard","meta":{"footnotes":""},"categories":[10],"tags":[],"class_list":{"0":"post-43368","1":"post","2":"type-post","3":"status-publish","4":"format-standard","5":"has-post-thumbnail","7":"category-hidalgo"},"_links":{"self":[{"href":"https:\/\/elreporterohgo.com\/noticias\/wp-json\/wp\/v2\/posts\/43368","targetHints":{"allow":["GET"]}}],"collection":[{"href":"https:\/\/elreporterohgo.com\/noticias\/wp-json\/wp\/v2\/posts"}],"about":[{"href":"https:\/\/elreporterohgo.com\/noticias\/wp-json\/wp\/v2\/types\/post"}],"author":[{"embeddable":true,"href":"https:\/\/elreporterohgo.com\/noticias\/wp-json\/wp\/v2\/users\/2"}],"replies":[{"embeddable":true,"href":"https:\/\/elreporterohgo.com\/noticias\/wp-json\/wp\/v2\/comments?post=43368"}],"version-history":[{"count":1,"href":"https:\/\/elreporterohgo.com\/noticias\/wp-json\/wp\/v2\/posts\/43368\/revisions"}],"predecessor-version":[{"id":43371,"href":"https:\/\/elreporterohgo.com\/noticias\/wp-json\/wp\/v2\/posts\/43368\/revisions\/43371"}],"wp:featuredmedia":[{"embeddable":true,"href":"https:\/\/elreporterohgo.com\/noticias\/wp-json\/wp\/v2\/media\/43369"}],"wp:attachment":[{"href":"https:\/\/elreporterohgo.com\/noticias\/wp-json\/wp\/v2\/media?parent=43368"}],"wp:term":[{"taxonomy":"category","embeddable":true,"href":"https:\/\/elreporterohgo.com\/noticias\/wp-json\/wp\/v2\/categories?post=43368"},{"taxonomy":"post_tag","embeddable":true,"href":"https:\/\/elreporterohgo.com\/noticias\/wp-json\/wp\/v2\/tags?post=43368"}],"curies":[{"name":"wp","href":"https:\/\/api.w.org\/{rel}","templated":true}]}}