{"id":42427,"date":"2021-08-22T22:03:16","date_gmt":"2021-08-23T03:03:16","guid":{"rendered":"https:\/\/elreporterohgo.com\/noticias\/?p=42427"},"modified":"2021-08-23T14:24:02","modified_gmt":"2021-08-23T19:24:02","slug":"el-marino-fue-capturado-por-fuerzas-federales","status":"publish","type":"post","link":"https:\/\/elreporterohgo.com\/noticias\/2021\/08\/22\/el-marino-fue-capturado-por-fuerzas-federales\/","title":{"rendered":"\u201cEl Marino\u201d fue capturado por fuerzas federales"},"content":{"rendered":"\n<figure class=\"wp-block-image\"><img fetchpriority=\"high\" decoding=\"async\" width=\"736\" height=\"1024\" src=\"https::\/\/elreporterohgo.com\/noticias\/wp-content\/uploads\/2021\/08\/0000marino-2-736x1024.jpg\" alt=\"\" class=\"wp-image-42428\" srcset=\"https:\/\/elreporterohgo.com\/noticias\/wp-content\/uploads\/2021\/08\/0000marino-2-736x1024.jpg 736w, https:\/\/elreporterohgo.com\/noticias\/wp-content\/uploads\/2021\/08\/0000marino-2-216x300.jpg 216w, https:\/\/elreporterohgo.com\/noticias\/wp-content\/uploads\/2021\/08\/0000marino-2-768x1069.jpg 768w, https:\/\/elreporterohgo.com\/noticias\/wp-content\/uploads\/2021\/08\/0000marino-2.jpg 830w\" sizes=\"(max-width: 736px) 100vw, 736px\" \/><\/figure>\n\n\n\n<p>*Principal huachicolero de la zona de Cuautepec<\/p>\n\n\n\n<p>*Era el principal objetivo principal en Hidalgo<\/p>\n\n\n\n<p>Por La Redacci\u00f3n<\/p>\n\n\n\n<p>ALMOLOYA, Hgo.- El m\u00e1s buscado de los criminales en Hidalgo,\npor sus iniciales identificado como M.C. Ch, (a) \u201cEl Marino\u201d, la tarde de hoy,\npresuntamente fue detenido en operativo de la Fiscal\u00eda General de la Rep\u00fablica en\nlos l\u00edmites de Hidalgo, Puebla y Tlaxcala.<\/p>\n\n\n\n<p>La tarde de hoy, seguidores de EL REPORTERO dieron a conocer\nque en operativo federal habr\u00eda ocurrido un enfrentamiento de las fuerzas\nfederales con los huachicoleros en los l\u00edmites de Puebla y Tlaxcala,\npresuntamente ah\u00ed cay\u00f3 un hombre que era el lugarteniente de \u201cEl Marino\u201d.<\/p>\n\n\n\n<p>Agregaron que, presuntamente, \u201cEl Marino\u201d hu\u00eda con direcci\u00f3n\na Hidalgo y fue instalado un cerco de seguridad para capturarlo.<\/p>\n\n\n\n<p>M\u00e1s tarde, a la redacci\u00f3n de EL REPORTERO lleg\u00f3 informaci\u00f3n donde se establece que La Fiscal\u00eda General de la Rep\u00fablica (FGR), a trav\u00e9s de la Fiscal\u00eda Especializada en materia de Delincuencia Organizada (FEMDO) detuvo a \u201cEl Marino\u201d, considerado el principal objetivo criminal en Hidalgo.<\/p>\n\n\n\n<figure class=\"wp-block-image\"><img decoding=\"async\" width=\"1024\" height=\"1024\" src=\"https::\/\/elreporterohgo.com\/noticias\/wp-content\/uploads\/2021\/08\/comprocars-1024x1024.jpg\" alt=\"\" class=\"wp-image-42197\" srcset=\"https:\/\/elreporterohgo.com\/noticias\/wp-content\/uploads\/2021\/08\/comprocars-1024x1024.jpg 1024w, https:\/\/elreporterohgo.com\/noticias\/wp-content\/uploads\/2021\/08\/comprocars-150x150.jpg 150w, https:\/\/elreporterohgo.com\/noticias\/wp-content\/uploads\/2021\/08\/comprocars-300x300.jpg 300w, https:\/\/elreporterohgo.com\/noticias\/wp-content\/uploads\/2021\/08\/comprocars-768x768.jpg 768w, https:\/\/elreporterohgo.com\/noticias\/wp-content\/uploads\/2021\/08\/comprocars-160x160.jpg 160w, https:\/\/elreporterohgo.com\/noticias\/wp-content\/uploads\/2021\/08\/comprocars.jpg 1200w\" sizes=\"(max-width: 1024px) 100vw, 1024px\" \/><\/figure>\n\n\n\n<p>Presuntamente \u201cEl Marino\u201d lideraba al grupo criminal m\u00e1s\npoderoso de Hidalgo, inclusive, su \u00e1rea de operaci\u00f3n y confort ser\u00eda la zona\nmetropolitana de Cuautepec, por la violencia ejercida era el objetivo principal\nde las autoridades policiacas de Hidalgo.<\/p>\n\n\n\n<p>Al municipio de Cuautepec lo hab\u00eda convertido en uno de los\nmunicipios m\u00e1s violentos y peligrosos de Hidalgo, debido a la operaci\u00f3n de\ngrupos dedicados al huachicol u \u201corde\u00f1a\u201d de los gasoductos.<\/p>\n\n\n\n<p>CONFIRMADA LA DETENCION<\/p>\n\n\n\n<p>Fuentes confiables de EL REPORTERO confirmaron la detenci\u00f3n\nde \u201cEl Marino\u201d, cerca del municipio de Almoloya, en la intersecci\u00f3n de los\nestados de Hidalgo, Puebla y Tlaxcala.<\/p>\n\n\n\n<p>Hasta el momento no aparece su nombre en el Registro Nacional\nde Detenciones, sin embargo, se espera su declaraci\u00f3n donde quiz\u00e1 diga los\nnombres de los c\u00f3mplices que lo proteg\u00edan.<\/p>\n","protected":false},"excerpt":{"rendered":"<p>*Principal huachicolero de la zona de Cuautepec *Era el principal objetivo principal en Hidalgo Por La Redacci\u00f3n ALMOLOYA, Hgo.- El m\u00e1s buscado de los criminales en Hidalgo, por sus iniciales identificado como M.C. Ch, (a) \u201cEl Marino\u201d, la tarde de hoy, presuntamente fue detenido en operativo de la Fiscal\u00eda General de la Rep\u00fablica en los<\/p>\n","protected":false},"author":2,"featured_media":42428,"comment_status":"open","ping_status":"closed","sticky":false,"template":"","format":"standard","meta":{"footnotes":""},"categories":[10],"tags":[],"class_list":{"0":"post-42427","1":"post","2":"type-post","3":"status-publish","4":"format-standard","5":"has-post-thumbnail","7":"category-hidalgo"},"_links":{"self":[{"href":"https:\/\/elreporterohgo.com\/noticias\/wp-json\/wp\/v2\/posts\/42427","targetHints":{"allow":["GET"]}}],"collection":[{"href":"https:\/\/elreporterohgo.com\/noticias\/wp-json\/wp\/v2\/posts"}],"about":[{"href":"https:\/\/elreporterohgo.com\/noticias\/wp-json\/wp\/v2\/types\/post"}],"author":[{"embeddable":true,"href":"https:\/\/elreporterohgo.com\/noticias\/wp-json\/wp\/v2\/users\/2"}],"replies":[{"embeddable":true,"href":"https:\/\/elreporterohgo.com\/noticias\/wp-json\/wp\/v2\/comments?post=42427"}],"version-history":[{"count":2,"href":"https:\/\/elreporterohgo.com\/noticias\/wp-json\/wp\/v2\/posts\/42427\/revisions"}],"predecessor-version":[{"id":42450,"href":"https:\/\/elreporterohgo.com\/noticias\/wp-json\/wp\/v2\/posts\/42427\/revisions\/42450"}],"wp:featuredmedia":[{"embeddable":true,"href":"https:\/\/elreporterohgo.com\/noticias\/wp-json\/wp\/v2\/media\/42428"}],"wp:attachment":[{"href":"https:\/\/elreporterohgo.com\/noticias\/wp-json\/wp\/v2\/media?parent=42427"}],"wp:term":[{"taxonomy":"category","embeddable":true,"href":"https:\/\/elreporterohgo.com\/noticias\/wp-json\/wp\/v2\/categories?post=42427"},{"taxonomy":"post_tag","embeddable":true,"href":"https:\/\/elreporterohgo.com\/noticias\/wp-json\/wp\/v2\/tags?post=42427"}],"curies":[{"name":"wp","href":"https:\/\/api.w.org\/{rel}","templated":true}]}}