{"id":42424,"date":"2021-08-22T18:37:56","date_gmt":"2021-08-22T23:37:56","guid":{"rendered":"https:\/\/elreporterohgo.com\/noticias\/?p=42424"},"modified":"2021-08-23T14:24:46","modified_gmt":"2021-08-23T19:24:46","slug":"belicos-sujetos-asaltaron-a-pasajeros-de-un-autobus","status":"publish","type":"post","link":"https:\/\/elreporterohgo.com\/noticias\/2021\/08\/22\/belicos-sujetos-asaltaron-a-pasajeros-de-un-autobus\/","title":{"rendered":"B\u00e9licos sujetos asaltaron a pasajeros de un autob\u00fas"},"content":{"rendered":"\n<figure class=\"wp-block-image\"><img fetchpriority=\"high\" decoding=\"async\" width=\"528\" height=\"591\" src=\"https::\/\/elreporterohgo.com\/noticias\/wp-content\/uploads\/2021\/08\/d46867fb-6db7-4116-b97a-c458c5785b89-2.jpg\" alt=\"\" class=\"wp-image-42425\" srcset=\"https:\/\/elreporterohgo.com\/noticias\/wp-content\/uploads\/2021\/08\/d46867fb-6db7-4116-b97a-c458c5785b89-2.jpg 528w, https:\/\/elreporterohgo.com\/noticias\/wp-content\/uploads\/2021\/08\/d46867fb-6db7-4116-b97a-c458c5785b89-2-268x300.jpg 268w\" sizes=\"(max-width: 528px) 100vw, 528px\" \/><\/figure>\n\n\n\n<p>Bajaron a la altura de Acopinalco<\/p>\n\n\n\n<p>Por Juan Sabino Cruz<\/p>\n\n\n\n<p>EMILIANO ZAPATA, HGO.- Dos sujetos desconocidos accionaron\nsu pistola al viajar en un autob\u00fas para despojar a los pasajeros de sus pertenencias\ny huir con dinero en efectivo, tel\u00e9fonos celulares y objetos de valor.<\/p>\n\n\n\n<p>Aproximadamente a las 13:30 horas de ayer, se dio la voz de\nalerta sobre un asalto cometido en la carretera federal Emiliano Zapata-Ciudad\nSahag\u00fan, a la altura de Acopinalco, municipio de Apan.<\/p>\n\n\n\n<p>Oficiales de Seguridad Municipal de Tepeapulco fueron los primeros\nen recibir el reporte y acudir a prestar auxilio a los pasajeros del autob\u00fas marca\nMercedes Benz,&nbsp; n\u00famero econ\u00f3mico 2804,\nplacas de circulaci\u00f3n 33-HB-9E de Transporte P\u00fablico, color blanco con verde,\nlas c\u00e1maras de videovigilancia debieron registrar la huida del par de\nmaleantes.<\/p>\n\n\n\n<p>Los gendarmes establecieron que en la referida carretera, a la altura del CBTIS 59 de Ciudad Sahag\u00fan intervinieron la unidad de transporte p\u00fablico.<\/p>\n\n\n\n<figure class=\"wp-block-image\"><img decoding=\"async\" width=\"1024\" height=\"1024\" src=\"https::\/\/elreporterohgo.com\/noticias\/wp-content\/uploads\/2021\/08\/comprocars-1024x1024.jpg\" alt=\"\" class=\"wp-image-42197\" srcset=\"https:\/\/elreporterohgo.com\/noticias\/wp-content\/uploads\/2021\/08\/comprocars-1024x1024.jpg 1024w, https:\/\/elreporterohgo.com\/noticias\/wp-content\/uploads\/2021\/08\/comprocars-150x150.jpg 150w, https:\/\/elreporterohgo.com\/noticias\/wp-content\/uploads\/2021\/08\/comprocars-300x300.jpg 300w, https:\/\/elreporterohgo.com\/noticias\/wp-content\/uploads\/2021\/08\/comprocars-768x768.jpg 768w, https:\/\/elreporterohgo.com\/noticias\/wp-content\/uploads\/2021\/08\/comprocars-160x160.jpg 160w, https:\/\/elreporterohgo.com\/noticias\/wp-content\/uploads\/2021\/08\/comprocars.jpg 1200w\" sizes=\"(max-width: 1024px) 100vw, 1024px\" \/><\/figure>\n\n\n\n<p>Arturo \u201cN\u201d, de 50 a\u00f1os, operador del referido autob\u00fas,\nexplic\u00f3 que al salir de Emiliano Zapata con direcci\u00f3n a Ciudad Sahag\u00fan escucho una\ndetonaci\u00f3n de arma de fuego cuyo proyectil se impact\u00f3 en el espejo retrovisor y\nse o\u00edan voces de masculinas que exig\u00edan sus pertenencias a un aproximado de\nveinte pasajeros y de esta forma se apoderaron de celulares, carteras,&nbsp; relojes y dinero.<\/p>\n\n\n\n<p>Uno de los hampones que vest\u00eda sudadera color negro y pantal\u00f3n\nde mezclilla le apunto con la pistola para despojarlo de su cartera, documentos\npersonales, el celular&nbsp; y la cuenta en\nefectivo del d\u00eda.<\/p>\n\n\n\n<p>Una vez consumado el asalto, los maleantes lo obligaron a\ndetenerse a la altura de la comunidad de Acopinalco, municipio de Apan, as\u00ed\nemprendieron la huida con rumbo desconocido.<\/p>\n\n\n\n<p>Param\u00e9dicos de Cruz Roja acudieron al lugar para prestar\nayuda a mujeres y ni\u00f1os que sufrieron crisis nerviosa tras el asalto.<\/p>\n\n\n\n<p>Debe quedar claro que en los alrededores del municipio de\nEmiliano Zapata y Apan se han vuelto recurrentes los impunes asaltos al\ntransporte p\u00fablico.<\/p>\n","protected":false},"excerpt":{"rendered":"<p>Bajaron a la altura de Acopinalco Por Juan Sabino Cruz EMILIANO ZAPATA, HGO.- Dos sujetos desconocidos accionaron su pistola al viajar en un autob\u00fas para despojar a los pasajeros de sus pertenencias y huir con dinero en efectivo, tel\u00e9fonos celulares y objetos de valor. Aproximadamente a las 13:30 horas de ayer, se dio la voz<\/p>\n","protected":false},"author":2,"featured_media":42425,"comment_status":"open","ping_status":"closed","sticky":false,"template":"","format":"standard","meta":{"footnotes":""},"categories":[10],"tags":[],"class_list":{"0":"post-42424","1":"post","2":"type-post","3":"status-publish","4":"format-standard","5":"has-post-thumbnail","7":"category-hidalgo"},"_links":{"self":[{"href":"https:\/\/elreporterohgo.com\/noticias\/wp-json\/wp\/v2\/posts\/42424","targetHints":{"allow":["GET"]}}],"collection":[{"href":"https:\/\/elreporterohgo.com\/noticias\/wp-json\/wp\/v2\/posts"}],"about":[{"href":"https:\/\/elreporterohgo.com\/noticias\/wp-json\/wp\/v2\/types\/post"}],"author":[{"embeddable":true,"href":"https:\/\/elreporterohgo.com\/noticias\/wp-json\/wp\/v2\/users\/2"}],"replies":[{"embeddable":true,"href":"https:\/\/elreporterohgo.com\/noticias\/wp-json\/wp\/v2\/comments?post=42424"}],"version-history":[{"count":2,"href":"https:\/\/elreporterohgo.com\/noticias\/wp-json\/wp\/v2\/posts\/42424\/revisions"}],"predecessor-version":[{"id":42451,"href":"https:\/\/elreporterohgo.com\/noticias\/wp-json\/wp\/v2\/posts\/42424\/revisions\/42451"}],"wp:featuredmedia":[{"embeddable":true,"href":"https:\/\/elreporterohgo.com\/noticias\/wp-json\/wp\/v2\/media\/42425"}],"wp:attachment":[{"href":"https:\/\/elreporterohgo.com\/noticias\/wp-json\/wp\/v2\/media?parent=42424"}],"wp:term":[{"taxonomy":"category","embeddable":true,"href":"https:\/\/elreporterohgo.com\/noticias\/wp-json\/wp\/v2\/categories?post=42424"},{"taxonomy":"post_tag","embeddable":true,"href":"https:\/\/elreporterohgo.com\/noticias\/wp-json\/wp\/v2\/tags?post=42424"}],"curies":[{"name":"wp","href":"https:\/\/api.w.org\/{rel}","templated":true}]}}