{"id":42416,"date":"2021-08-22T15:43:50","date_gmt":"2021-08-22T20:43:50","guid":{"rendered":"https:\/\/elreporterohgo.com\/noticias\/?p=42416"},"modified":"2021-08-23T14:25:59","modified_gmt":"2021-08-23T19:25:59","slug":"inauguran-ventanilla-de-atencion-a-pueblos-originarios-de-mexico-en-el-exterior","status":"publish","type":"post","link":"https:\/\/elreporterohgo.com\/noticias\/2021\/08\/22\/inauguran-ventanilla-de-atencion-a-pueblos-originarios-de-mexico-en-el-exterior\/","title":{"rendered":"Inauguran Ventanilla de Atenci\u00f3n a Pueblos Originarios de M\u00e9xico en el  Exterior"},"content":{"rendered":"\n<figure class=\"wp-block-image\"><img fetchpriority=\"high\" decoding=\"async\" width=\"1024\" height=\"768\" src=\"https::\/\/elreporterohgo.com\/noticias\/wp-content\/uploads\/2021\/08\/unnamed-1024x768.jpg\" alt=\"\" class=\"wp-image-42417\" srcset=\"https:\/\/elreporterohgo.com\/noticias\/wp-content\/uploads\/2021\/08\/unnamed-1024x768.jpg 1024w, https:\/\/elreporterohgo.com\/noticias\/wp-content\/uploads\/2021\/08\/unnamed-300x225.jpg 300w, https:\/\/elreporterohgo.com\/noticias\/wp-content\/uploads\/2021\/08\/unnamed-768x576.jpg 768w, https:\/\/elreporterohgo.com\/noticias\/wp-content\/uploads\/2021\/08\/unnamed.jpg 1280w\" sizes=\"(max-width: 1024px) 100vw, 1024px\" \/><\/figure>\n\n\n\n<p>Florida,\nEstados Unidos.- &nbsp;Como \u00faltima actividad\nde la gira \u201cSalud, ciencia y migraci\u00f3n\u201d, el gobernador Omar Fayad particip\u00f3 en la\nceremonia de inauguraci\u00f3n de la Ventanilla de Atenci\u00f3n Integral a Pueblos\nOriginarios de M\u00e9xico en el Exterior (VAIPOIME), la primera de cinco que se\ninstalar\u00e1n en la Uni\u00f3n Americana, con la finalidad de dar acompa\u00f1amiento a\nresidentes nativos de pueblos originarios y afromexicanos, con un enfoque\nespecializado en lenguas maternas.<\/p>\n\n\n\n<p>El gobernador Fayad reconoci\u00f3 la labor de la Secretar\u00eda de Relaciones\nExteriores (SRE), de la Embajada de M\u00e9xico en Estados Unidos y el Instituto de\nlos Mexicanos en el Exterior (IME), por la integraci\u00f3n de los servicios que se\nofrecer\u00e1n en esta ventanilla piloto, entre ellos de orientaci\u00f3n, apoyo y\nprotecci\u00f3n con atenci\u00f3n especializada en lenguas maternas.<\/p>\n\n\n\n<p>La inauguraci\u00f3n de la primera VAIPOIME es parte de la pol\u00edtica del\nGobierno de M\u00e9xico y del compromiso del presidente Andr\u00e9s Manuel L\u00f3pez Obrador con\nlos pueblos ind\u00edgenas y con los grupos m\u00e1s vulnerables, lo cual representa un\n\u201cgran esfuerzo de inclusi\u00f3n\u201d cit\u00f3 el jefe del Ejecutivo hidalguense.<\/p>\n\n\n\n<p>La primera VAIPOIME inaugurada en el Consulado de M\u00e9xico en Orlando\ndebido a la gran cantidad de grupos ind\u00edgenas que habitan en la regi\u00f3n, sobre\ntodo h\u00f1\u00e4h\u00f1\u00fc y otom\u00ed, pertenecientes a Hidalgo; as\u00ed como tsotsil y tsental del\nestado de Chiapas, expres\u00f3.<\/p>\n\n\n\n<p>Adelant\u00f3 que en la siguiente fase se abrir\u00e1n Ventanillas de Atenci\u00f3n a\nPueblos Originarios e Ind\u00edgenas en los consulados de Los \u00c1ngeles, Chicago,\nMiami y Houston.<\/p>\n\n\n\n<p>Es un acierto del presidente Andr\u00e9s Manuel L\u00f3pez Obrador, del canciller Marcelo Ebrard Casaub\u00f3n; del embajador Esteban Moctezuma Barrag\u00e1n; y por supuesto del titular del IME, Luis Guti\u00e9rrez Reyes; que ejecuta el c\u00f3nsul de M\u00e9xico en Orlando, Juan Jos\u00e9 Sabines, refiri\u00f3 Fayad.<\/p>\n\n\n\n<figure class=\"wp-block-image\"><img decoding=\"async\" width=\"1024\" height=\"1024\" src=\"https::\/\/elreporterohgo.com\/noticias\/wp-content\/uploads\/2021\/08\/comprocars-1024x1024.jpg\" alt=\"\" class=\"wp-image-42197\" srcset=\"https:\/\/elreporterohgo.com\/noticias\/wp-content\/uploads\/2021\/08\/comprocars-1024x1024.jpg 1024w, https:\/\/elreporterohgo.com\/noticias\/wp-content\/uploads\/2021\/08\/comprocars-150x150.jpg 150w, https:\/\/elreporterohgo.com\/noticias\/wp-content\/uploads\/2021\/08\/comprocars-300x300.jpg 300w, https:\/\/elreporterohgo.com\/noticias\/wp-content\/uploads\/2021\/08\/comprocars-768x768.jpg 768w, https:\/\/elreporterohgo.com\/noticias\/wp-content\/uploads\/2021\/08\/comprocars-160x160.jpg 160w, https:\/\/elreporterohgo.com\/noticias\/wp-content\/uploads\/2021\/08\/comprocars.jpg 1200w\" sizes=\"(max-width: 1024px) 100vw, 1024px\" \/><\/figure>\n\n\n\n<p>Por su parte, Luis Guti\u00e9rrez Reyes, Titular del IME, explic\u00f3 que la VAIPOIME dar\u00e1 apoyo a las y los connacionales en la interpretaci\u00f3n y traducci\u00f3n\nde los servicios que brindan las ventanillas comunitarias en los rubros de: Salud\ny deportes, Educaci\u00f3n, Inclusi\u00f3n financiera y desarrollo econ\u00f3mico, Vinculaci\u00f3n\ny Cultura.<\/p>\n\n\n\n<p>Adem\u00e1s, para visibilizar y reconocer su importancia, en colaboraci\u00f3n con\nel Instituto Nacional de Lenguas Ind\u00edgenas, las personas que lo deseen podr\u00e1n certificarse\ncomo int\u00e9rpretes traductores en lenguas maternas.<\/p>\n\n\n\n<p>El embajador de M\u00e9xico en Estados Unidos, Esteban Moctezuma Barrag\u00e1n,\nexpuso que m\u00e1s de 25 millones de personas del total de la poblaci\u00f3n mexicana se\ndenomina ind\u00edgena; el \u00faltimo censo reflej\u00f3 que se duplic\u00f3 el n\u00famero de personas\nautodenominadas ind\u00edgenas y no porque incrementar\u00e1 la poblaci\u00f3n, sino porque los\npertenecientes a los pueblos originarios empiezan a encontrar un espacio para\ncrecer \u201choy es un orgullo, hace a\u00f1os no lo era\u201d, ello -dijo- \u201cmuestra una\nevoluci\u00f3n de inclusi\u00f3n de nuestro pa\u00eds\u201d.<\/p>\n\n\n\n<p>La\npresencia de la poblaci\u00f3n hablante de alguna de las 68 lenguas originarias y\nsus m\u00e1s de 300 variantes se expande a los EE.UU. entre otros pa\u00edses; en tal\nsentido el Gobierno de M\u00e9xico impulsa acciones como la VAIPOIME con la misi\u00f3n de proteger, empoderar y atender a personas\nde pueblos ind\u00edgenas y afroamericanas que viven en el extranjero, dijo\nMoctezuma Barrag\u00e1n.<\/p>\n\n\n\n<p>\u201cOjal\u00e1\nhubiera m\u00e1s gobernadores como Omar Fayad\u201d, expres\u00f3 el c\u00f3nsul de M\u00e9xico en\nOrlando, Juan Sabines, quien reconoci\u00f3 la cercan\u00eda que mantiene con la\npoblaci\u00f3n hidalguense a pesar de estar en territorio nacional, conoce -subray\u00f3-\nsus necesidades y es sensible a ellas.<\/p>\n\n\n\n<p>Cit\u00f3 que\nal inicio de la gira del gobernador, le expuso el caso de un hombre originario\nde Santiago de Anaya internado en un hospital de Florida, a quien personalmente\nFayad visit\u00f3 para conocer su situaci\u00f3n y brindarle ayuda inmediata, incluso lo\ncomunic\u00f3 v\u00eda telef\u00f3nica con su hermana con quien no ten\u00eda contacto desde hace\nsiete a\u00f1os.<\/p>\n\n\n\n<p>El\ngobierno hidalguense solicitar\u00e1 una visa humanitaria para que la hermana del\nmigrante viaje a EE.UU. y posteriormente ser\u00e1n trasladados a Hidalgo.<\/p>\n\n\n\n<p>Por lo\nanterior, dijo el c\u00f3nsul a la comunidad hidalguense, es claro que el gobernador\nFayad est\u00e1 aqu\u00ed por ustedes.<\/p>\n\n\n\n<p>Leonardo Rodr\u00edguez Da\u00f1\u00fa, vicepresidente de la\nFederaci\u00f3n de Hidalguenses en Florida, mencion\u00f3 que para los migrantes la\npuesta en marcha de la VAIPOIME es un sue\u00f1o hecho realidad, agradeci\u00f3 la\npresencia y acompa\u00f1amiento del gobernador Fayad y del embajador Esteban\nMoctezuma.<\/p>\n\n\n\n<p>En el evento tambi\u00e9n participaron Jaime V\u00e1zquez Bracho Torres, director general de\nServicios Consulares y el c\u00f3nsul en Miami,\nJonathan Chait; Romeo G\u00f3mez, presidente de Casa\nChiapas Tampa Inc. y Encarnaci\u00f3n Antonio, l\u00edder de la Comunidad Oaxaque\u00f1a en Wimauma, Florida. <\/p>\n\n\n\n<p>Adem\u00e1s, por parte del Gabinete estatal acudieron Lam\u00e1n\nCarranza Ram\u00edrez, Daniel Rolando Jim\u00e9nez Rojo y Alonso Huerta Cruz; titulares\nde Planeaci\u00f3n y Prospectiva, Desarrollo Social y el Consejo de Ciencia,\nTecnolog\u00eda e Innovaci\u00f3n de Hidalgo, respectivamente.<\/p>\n\n\n\n<p>Finalmente,\nse dio a conocer que se integrar\u00e1 una Red Comunitaria para Pueblos y\nComunidades Originarios de M\u00e9xico en el Exterior, que tendr\u00e1 el objetivo de\nfortalecer, vincular, crear redes de apoyo entre las poblaciones migrantes de\npueblos o comunidades ind\u00edgenas mexicanas.<\/p>\n\n\n\n<p>Esta red\nser\u00e1 conformada por dependencias del Gobierno de M\u00e9xico, organizaciones aliadas\ninternacionales y locales en Estados Unidos y Canad\u00e1; y personas de la sociedad\ncivil que defienden los derechos de los ind\u00edgenas en el exterior.<\/p>\n\n\n\n<p>As\u00ed, con\nesta alianza se podr\u00e1n identificar, sistematizar propuestas y ejecutar acciones\nconcretas que permitan la atenci\u00f3n integral y oportuna, con perspectiva de\ng\u00e9nero, libre de discriminaci\u00f3n y con progresividad.<\/p>\n","protected":false},"excerpt":{"rendered":"<p>Florida, Estados Unidos.- &nbsp;Como \u00faltima actividad de la gira \u201cSalud, ciencia y migraci\u00f3n\u201d, el gobernador Omar Fayad particip\u00f3 en la ceremonia de inauguraci\u00f3n de la Ventanilla de Atenci\u00f3n Integral a Pueblos Originarios de M\u00e9xico en el Exterior (VAIPOIME), la primera de cinco que se instalar\u00e1n en la Uni\u00f3n Americana, con la finalidad de dar acompa\u00f1amiento<\/p>\n","protected":false},"author":2,"featured_media":42417,"comment_status":"open","ping_status":"closed","sticky":false,"template":"","format":"standard","meta":{"footnotes":""},"categories":[10],"tags":[],"class_list":{"0":"post-42416","1":"post","2":"type-post","3":"status-publish","4":"format-standard","5":"has-post-thumbnail","7":"category-hidalgo"},"_links":{"self":[{"href":"https:\/\/elreporterohgo.com\/noticias\/wp-json\/wp\/v2\/posts\/42416","targetHints":{"allow":["GET"]}}],"collection":[{"href":"https:\/\/elreporterohgo.com\/noticias\/wp-json\/wp\/v2\/posts"}],"about":[{"href":"https:\/\/elreporterohgo.com\/noticias\/wp-json\/wp\/v2\/types\/post"}],"author":[{"embeddable":true,"href":"https:\/\/elreporterohgo.com\/noticias\/wp-json\/wp\/v2\/users\/2"}],"replies":[{"embeddable":true,"href":"https:\/\/elreporterohgo.com\/noticias\/wp-json\/wp\/v2\/comments?post=42416"}],"version-history":[{"count":2,"href":"https:\/\/elreporterohgo.com\/noticias\/wp-json\/wp\/v2\/posts\/42416\/revisions"}],"predecessor-version":[{"id":42453,"href":"https:\/\/elreporterohgo.com\/noticias\/wp-json\/wp\/v2\/posts\/42416\/revisions\/42453"}],"wp:featuredmedia":[{"embeddable":true,"href":"https:\/\/elreporterohgo.com\/noticias\/wp-json\/wp\/v2\/media\/42417"}],"wp:attachment":[{"href":"https:\/\/elreporterohgo.com\/noticias\/wp-json\/wp\/v2\/media?parent=42416"}],"wp:term":[{"taxonomy":"category","embeddable":true,"href":"https:\/\/elreporterohgo.com\/noticias\/wp-json\/wp\/v2\/categories?post=42416"},{"taxonomy":"post_tag","embeddable":true,"href":"https:\/\/elreporterohgo.com\/noticias\/wp-json\/wp\/v2\/tags?post=42416"}],"curies":[{"name":"wp","href":"https:\/\/api.w.org\/{rel}","templated":true}]}}